{"id":6021,"date":"2023-05-15T14:00:01","date_gmt":"2023-05-15T12:00:01","guid":{"rendered":"https:\/\/www.eauzenfants.fr\/?p=6021"},"modified":"2023-05-16T11:43:56","modified_gmt":"2023-05-16T09:43:56","slug":"lafrique-subsaharienne-et-les-enfants-fantomes","status":"publish","type":"post","link":"http:\/\/eauzenfants.fr\/en\/2023\/05\/15\/lafrique-subsaharienne-et-les-enfants-fantomes\/","title":{"rendered":"L\u2019Afrique subsaharienne et les \u00abEnfants fant\u00f4mes\u00bb : un vrai d\u00e9sastre\u2009!"},"content":{"rendered":"\t\t<div data-elementor-type=\"wp-post\" data-elementor-id=\"6021\" class=\"elementor elementor-6021\">\n\t\t\t\t\t\t<section class=\"has_eae_slider elementor-section elementor-top-section elementor-element elementor-element-8b6c83d elementor-section-boxed elementor-section-height-default elementor-section-height-default\" data-eae-slider=\"26345\" data-id=\"8b6c83d\" data-element_type=\"section\" data-e-type=\"section\">\n\t\t\t\t\t\t<div class=\"elementor-container elementor-column-gap-default\">\n\t\t\t\t\t<div class=\"has_eae_slider elementor-column elementor-col-100 elementor-top-column elementor-element elementor-element-f28ec34\" data-eae-slider=\"2716\" data-id=\"f28ec34\" data-element_type=\"column\" data-e-type=\"column\">\n\t\t\t<div class=\"elementor-widget-wrap elementor-element-populated\">\n\t\t\t\t\t\t<div class=\"elementor-element elementor-element-c2bfe2c elementor-widget elementor-widget-heading\" data-id=\"c2bfe2c\" data-element_type=\"widget\" data-e-type=\"widget\" data-widget_type=\"heading.default\">\n\t\t\t\t\t<h2 class=\"elementor-heading-title elementor-size-default\">La situation des \"\u2009enfants fant\u00f4mes\"<\/h2>\t\t\t\t<\/div>\n\t\t\t\t\t<\/div>\n\t\t<\/div>\n\t\t\t\t\t<\/div>\n\t\t<\/section>\n\t\t\t\t<section class=\"has_eae_slider elementor-section elementor-top-section elementor-element elementor-element-4eaf9239 elementor-section-boxed elementor-section-height-default elementor-section-height-default\" data-eae-slider=\"54814\" data-id=\"4eaf9239\" data-element_type=\"section\" data-e-type=\"section\">\n\t\t\t\t\t\t<div class=\"elementor-container elementor-column-gap-default\">\n\t\t\t\t\t<div class=\"has_eae_slider elementor-column elementor-col-100 elementor-top-column elementor-element elementor-element-222e7cea\" data-eae-slider=\"58774\" data-id=\"222e7cea\" data-element_type=\"column\" data-e-type=\"column\">\n\t\t\t<div class=\"elementor-widget-wrap elementor-element-populated\">\n\t\t\t\t\t\t<div class=\"elementor-element elementor-element-41f2e9b7 elementor-widget elementor-widget-text-editor\" data-id=\"41f2e9b7\" data-element_type=\"widget\" data-e-type=\"widget\" data-widget_type=\"text-editor.default\">\n\t\t\t\t\t\t\t\t\t<p>L\u2019Afrique subsaharienne, d\u00e9j\u00e0 confront\u00e9e \u00e0 la pauvret\u00e9, doit faire face \u00e0 un autre drame : \u201cles \u2018enfants fant\u00f4mes\u201d\u2019.<\/p>\n<p>Qui sont-ils\u2009?<\/p>\n<p>Ce sont des enfants non d\u00e9clar\u00e9s \u00e0 la naissance. Ce mal silencieux leur vole leur pr\u00e9sent et leur avenir.<br>Ils sont donc inexistants pour la soci\u00e9t\u00e9.<\/p>\n<p>C\u2019est un ph\u00e9nom\u00e8ne dont est t\u00e9moin Eau Z\u2019Enfants qui agit sans rel\u00e2che aupr\u00e8s des plus d\u00e9munis en Guin\u00e9e et au Togo.<\/p>\n<p>Mais d\u2019abord, d\u00e9couvrez le <b><a href=\"https:\/\/drive.google.com\/file\/d\/1NmWgBF8GeYOQiXwyZdbxvb6_vP30j2-h\/view?usp=sharing\">message chaleureux<\/a><\/b> d&rsquo;enfants orphelins, rescap\u00e9s de la mis\u00e8re et de ce d\u00e9sastre.<br>Et voyez comment le <b><a href=\"https:\/\/www.instagram.com\/stories\/highlights\/18168803449040064\/?hl=fr\">parrainage<\/a> <\/b>a transform\u00e9 leurs vies, leur a apport\u00e9 du bonheur.<\/p>\t\t\t\t\t\t\t\t<\/div>\n\t\t\t\t\t<\/div>\n\t\t<\/div>\n\t\t\t\t\t<\/div>\n\t\t<\/section>\n\t\t\t\t<section class=\"has_eae_slider elementor-section elementor-top-section elementor-element elementor-element-502fd0f elementor-section-boxed elementor-section-height-default elementor-section-height-default\" data-eae-slider=\"57936\" data-id=\"502fd0f\" data-element_type=\"section\" data-e-type=\"section\">\n\t\t\t\t\t\t<div class=\"elementor-container elementor-column-gap-default\">\n\t\t\t\t\t<div class=\"has_eae_slider elementor-column elementor-col-100 elementor-top-column elementor-element elementor-element-d59edb2\" data-eae-slider=\"98555\" data-id=\"d59edb2\" data-element_type=\"column\" data-e-type=\"column\">\n\t\t\t<div class=\"elementor-widget-wrap elementor-element-populated\">\n\t\t\t\t\t\t<div class=\"elementor-element elementor-element-e7162f1 elementor-widget elementor-widget-image\" data-id=\"e7162f1\" data-element_type=\"widget\" data-e-type=\"widget\" data-widget_type=\"image.default\">\n\t\t\t\t\t\t\t\t\t\t\t\t\t\t\t<img decoding=\"async\" width=\"154\" height=\"246\" src=\"https:\/\/eauzenfants.fr\/wp-content\/uploads\/2023\/05\/Image1-1.png\" class=\"attachment-large size-large wp-image-6276\" alt=\"\" \/>\t\t\t\t\t\t\t\t\t\t\t\t\t\t\t<\/div>\n\t\t\t\t\t<\/div>\n\t\t<\/div>\n\t\t\t\t\t<\/div>\n\t\t<\/section>\n\t\t\t\t<section class=\"has_eae_slider elementor-section elementor-top-section elementor-element elementor-element-c893743 elementor-section-boxed elementor-section-height-default elementor-section-height-default\" data-eae-slider=\"19143\" data-id=\"c893743\" data-element_type=\"section\" data-e-type=\"section\">\n\t\t\t\t\t\t<div class=\"elementor-container elementor-column-gap-default\">\n\t\t\t\t\t<div class=\"has_eae_slider elementor-column elementor-col-100 elementor-top-column elementor-element elementor-element-54399b1\" data-eae-slider=\"11792\" data-id=\"54399b1\" data-element_type=\"column\" data-e-type=\"column\">\n\t\t\t<div class=\"elementor-widget-wrap elementor-element-populated\">\n\t\t\t\t\t\t<div class=\"elementor-element elementor-element-081ee61 elementor-widget elementor-widget-text-editor\" data-id=\"081ee61\" data-element_type=\"widget\" data-e-type=\"widget\" data-widget_type=\"text-editor.default\">\n\t\t\t\t\t\t\t\t\t<p>Malheureusement, cette chance qu\u2019ont ces enfants, beaucoup d\u2019autres ne l\u2019ont pas.<\/p><p>Sans identit\u00e9, ils sont anonymes. Et ils sont nombreux.<br \/>Parmi les enfants de 5 ans, un peu plus de 40 % \u00e9taient enregistr\u00e9s vers l\u2019an 2000.<br \/>Ce chiffre n\u2019a pas chang\u00e9 depuis. <a href=\"https:\/\/data.unicef.org\/wp-content\/uploads\/2018\/01\/Civil-Registration-French-Final.pdf\">cf. Civil-Registration-French-Final<\/a><\/p><p>On peut noter une \u00e9volution, mais il s\u2019agit d\u2019une progression plut\u00f4t faible.<\/p><p>D\u2019apr\u00e8s les Nations Unies, ce taux est encore plus bas dans les zones rurales. <a href=\"https:\/\/www.ohchr.org\/fr\/2019\/01\/comite-droits-enfant-rapport-guinee\">comite-droits-enfant-rapport-guin\u00e9e<\/a><\/p>\t\t\t\t\t\t\t\t<\/div>\n\t\t\t\t\t<\/div>\n\t\t<\/div>\n\t\t\t\t\t<\/div>\n\t\t<\/section>\n\t\t\t\t<section class=\"has_eae_slider elementor-section elementor-top-section elementor-element elementor-element-9a8ddd1 elementor-section-boxed elementor-section-height-default elementor-section-height-default\" data-eae-slider=\"8802\" data-id=\"9a8ddd1\" data-element_type=\"section\" data-e-type=\"section\">\n\t\t\t\t\t\t<div class=\"elementor-container elementor-column-gap-default\">\n\t\t\t\t\t<div class=\"has_eae_slider elementor-column elementor-col-100 elementor-top-column elementor-element elementor-element-ce2ed96\" data-eae-slider=\"47384\" data-id=\"ce2ed96\" data-element_type=\"column\" data-e-type=\"column\">\n\t\t\t<div class=\"elementor-widget-wrap elementor-element-populated\">\n\t\t\t\t\t\t<div class=\"elementor-element elementor-element-6d39079 elementor-widget elementor-widget-heading\" data-id=\"6d39079\" data-element_type=\"widget\" data-e-type=\"widget\" data-widget_type=\"heading.default\">\n\t\t\t\t\t<h2 class=\"elementor-heading-title elementor-size-default\">Un obstacle \u00e0 la d\u00e9claration<\/h2>\t\t\t\t<\/div>\n\t\t\t\t<section class=\"has_eae_slider elementor-section elementor-inner-section elementor-element elementor-element-f7d7304 elementor-section-boxed elementor-section-height-default elementor-section-height-default\" data-eae-slider=\"12020\" data-id=\"f7d7304\" data-element_type=\"section\" data-e-type=\"section\">\n\t\t\t\t\t\t<div class=\"elementor-container elementor-column-gap-default\">\n\t\t\t\t\t<div class=\"has_eae_slider elementor-column elementor-col-50 elementor-inner-column elementor-element elementor-element-63dd95f\" data-eae-slider=\"66529\" data-id=\"63dd95f\" data-element_type=\"column\" data-e-type=\"column\">\n\t\t\t<div class=\"elementor-widget-wrap elementor-element-populated\">\n\t\t\t\t\t\t<div class=\"elementor-element elementor-element-3fb74dd elementor-widget elementor-widget-image\" data-id=\"3fb74dd\" data-element_type=\"widget\" data-e-type=\"widget\" data-widget_type=\"image.default\">\n\t\t\t\t\t\t\t\t\t\t\t\t\t\t\t<img fetchpriority=\"high\" decoding=\"async\" width=\"333\" height=\"250\" src=\"https:\/\/eauzenfants.fr\/wp-content\/uploads\/2023\/05\/Image2.jpg\" class=\"attachment-large size-large wp-image-6280\" alt=\"\" srcset=\"https:\/\/eauzenfants.fr\/wp-content\/uploads\/2023\/05\/Image2.jpg 333w, https:\/\/eauzenfants.fr\/wp-content\/uploads\/2023\/05\/Image2-300x225.jpg 300w\" sizes=\"(max-width: 333px) 100vw, 333px\" \/>\t\t\t\t\t\t\t\t\t\t\t\t\t\t\t<\/div>\n\t\t\t\t\t<\/div>\n\t\t<\/div>\n\t\t\t\t<div class=\"has_eae_slider elementor-column elementor-col-50 elementor-inner-column elementor-element elementor-element-2832313\" data-eae-slider=\"70284\" data-id=\"2832313\" data-element_type=\"column\" data-e-type=\"column\">\n\t\t\t<div class=\"elementor-widget-wrap elementor-element-populated\">\n\t\t\t\t\t\t<div class=\"elementor-element elementor-element-97cc058 elementor-widget elementor-widget-text-editor\" data-id=\"97cc058\" data-element_type=\"widget\" data-e-type=\"widget\" data-widget_type=\"text-editor.default\">\n\t\t\t\t\t\t\t\t\t<p>Dans le cas du Togo, 22 % des enfants sont sans acte de naissance.<br>Le taux est plus fort en milieu rural. Selon l\u2019UNICEF, 31 % vivent en milieu rural.<\/p>\n<p>Les bureaux d\u2019\u00c9tat civil sont trop \u00e9loign\u00e9s. Et c\u2019est le cas dans une grande partie de l\u2019Afrique subsaharienne,<a href=\"https:\/\/unsdg.un.org\/fr\/latest\/stories\/reduction-des-inegalites-doter-tous-les-enfants-du-togo-dune-identite-legale#:~:text=Au%20Togo%2C%20l'acte%20de,au%20monde%20de%20l'enfant\"> cf. R\u00e9duction des in\u00e9galit\u00e9s.<\/a><\/p>\n<p>D\u2019apr\u00e8s les Nations Unies, cette situation est aggrav\u00e9e par le grand nombre d\u2019accouchements \u00e0 domicile.<br>Probl\u00e8me : sans l\u2019aide d\u2019un professionnel de sant\u00e9, les parents ou les t\u00e9moins de l\u2019accouchement doivent se d\u00e9placer pour faire la d\u00e9claration <a href=\"http:\/\/jafbase.fr\/docAfrique\/Guinee\/guinee_code_civil\">cf.Code civil-Guin\u00e9e<\/a><\/p>\t\t\t\t\t\t\t\t<\/div>\n\t\t\t\t\t<\/div>\n\t\t<\/div>\n\t\t\t\t\t<\/div>\n\t\t<\/section>\n\t\t\t\t\t<\/div>\n\t\t<\/div>\n\t\t\t\t\t<\/div>\n\t\t<\/section>\n\t\t\t\t<section class=\"has_eae_slider elementor-section elementor-top-section elementor-element elementor-element-527aa8b elementor-section-boxed elementor-section-height-default elementor-section-height-default\" data-eae-slider=\"91741\" data-id=\"527aa8b\" data-element_type=\"section\" data-e-type=\"section\">\n\t\t\t\t\t\t<div class=\"elementor-container elementor-column-gap-default\">\n\t\t\t\t\t<div class=\"has_eae_slider elementor-column elementor-col-100 elementor-top-column elementor-element elementor-element-4230262\" data-eae-slider=\"55314\" data-id=\"4230262\" data-element_type=\"column\" data-e-type=\"column\">\n\t\t\t<div class=\"elementor-widget-wrap elementor-element-populated\">\n\t\t\t\t\t\t<div class=\"elementor-element elementor-element-31070e4 elementor-widget elementor-widget-heading\" data-id=\"31070e4\" data-element_type=\"widget\" data-e-type=\"widget\" data-widget_type=\"heading.default\">\n\t\t\t\t\t<h2 class=\"elementor-heading-title elementor-size-default\">Des solutions pour rem\u00e9dier \u00e0 l\u2019\u00e9loignement.<\/h2>\t\t\t\t<\/div>\n\t\t\t\t<div class=\"elementor-element elementor-element-e085c72 elementor-widget elementor-widget-text-editor\" data-id=\"e085c72\" data-element_type=\"widget\" data-e-type=\"widget\" data-widget_type=\"text-editor.default\">\n\t\t\t\t\t\t\t\t\t<p>Pour pallier ce probl\u00e8me, le Togo rapproche des bureaux de l\u2019\u00c9tat civil.<br \/>Ils sont install\u00e9s dans des \u00e9tablissements de sant\u00e9.<\/p><p>Le personnel m\u00e9dical charg\u00e9 du contr\u00f4le postnatal ou des consultations de vaccination travaille en \u00e9quipe avec les agents.<br \/>Ainsi, les soignants, plus pr\u00e8s des familles vuln\u00e9rables peuvent :<\/p><ul><li>sensibiliser \u00e0 l\u2019importance de d\u00e9clarer la naissance de leurs enfants.<\/li><li>orienter vers le service des d\u00e9clarations <a href=\"https:\/\/unsdg.un.org\/fr\/latest\/stories\/reduction-des-inegalites-doter-tous-les-enfants-du-togo-dune-identite-legale#:~:text=Au%20Togo%2C%20l'acte%20de,au%20monde%20de%20l'enfant\">cf. R\u00e9duction des in\u00e9galit\u00e9s<\/a>.<\/li><\/ul><p>Malheureusement, cette d\u00e9marche ne suffit pas.<\/p><p><a href=\"https:\/\/unsdg.un.org\/fr\/latest\/stories\/reduction-des-inegalites-doter-tous-les-enfants-du-togo-dune-identite-legale#:~:text=Au%20Togo%2C%20l'acte%20de,au%20monde%20de%20l'enfant\">Pour doter tous les enfants du Togo d\u2019une identit\u00e9 l\u00e9gale<\/a>, le gouvernement togolais s\u2019investit depuis 2019 :<\/p><ul><li>\u00a0Recensement des enfants sans actes de naissance;<\/li><li>Journ\u00e9es de sant\u00e9 de l\u2019enfant;<\/li><li>D\u00e9lai d\u2019enregistrement de 45 jours. <a href=\"https:\/\/unsdg.un.org\/fr\/latest\/stories\/reduction-des-inegalites-doter-tous-les-enfants-du-togo-dune-identite-legale#:~:text=Au%20Togo%2C%20l'acte%20de,au%20monde%20de%20l'enfant\">cf.unsdg.un.org\/fr<\/a>.<\/li><\/ul><p>Et depuis le 1er janvier 2022, les enregistrements sont gratuits.<a href=\"https:\/\/www.togofirst.com\/\">cf.togofirst.com<\/a><\/p>\t\t\t\t\t\t\t\t<\/div>\n\t\t\t\t\t<\/div>\n\t\t<\/div>\n\t\t\t\t\t<\/div>\n\t\t<\/section>\n\t\t\t\t<section class=\"has_eae_slider elementor-section elementor-top-section elementor-element elementor-element-8a102ee elementor-section-boxed elementor-section-height-default elementor-section-height-default\" data-eae-slider=\"16339\" data-id=\"8a102ee\" data-element_type=\"section\" data-e-type=\"section\">\n\t\t\t\t\t\t<div class=\"elementor-container elementor-column-gap-default\">\n\t\t\t\t\t<div class=\"has_eae_slider elementor-column elementor-col-100 elementor-top-column elementor-element elementor-element-85582aa\" data-eae-slider=\"24114\" data-id=\"85582aa\" data-element_type=\"column\" data-e-type=\"column\">\n\t\t\t<div class=\"elementor-widget-wrap elementor-element-populated\">\n\t\t\t\t\t\t<div class=\"elementor-element elementor-element-6ffc9cc elementor-widget elementor-widget-heading\" data-id=\"6ffc9cc\" data-element_type=\"widget\" data-e-type=\"widget\" data-widget_type=\"heading.default\">\n\t\t\t\t\t<h2 class=\"elementor-heading-title elementor-size-default\">Mais c\u2019est une course contre la montre.<\/h2>\t\t\t\t<\/div>\n\t\t\t\t<div class=\"elementor-element elementor-element-c76a725 elementor-widget elementor-widget-text-editor\" data-id=\"c76a725\" data-element_type=\"widget\" data-e-type=\"widget\" data-widget_type=\"text-editor.default\">\n\t\t\t\t\t\t\t\t\t<p>Il faut respecter le d\u00e9lai l\u00e9gal.<br \/>En Guin\u00e9e, il est pass\u00e9 de 6 mois \u00e0 2 mois en 2021. <a href=\"https:\/\/data.unicef.org\/wp-content\/uploads\/2018\/01\/Civil-Registration-French-Final.pdf\">cf. Civil-Registration-French-Final<\/a><br \/>Cette r\u00e9duction reste probl\u00e9matique pour les personnes tr\u00e8s \u00e9loign\u00e9es des services de l\u2019\u00c9tat civil.<a href=\"https:\/\/ledjely.com\/2021\/06\/22\/en-guinee-le-delai-relatif-a-lenregistrement-des-naissances-est-vraiment-tres-reduit-responsable\/\"> ledjely.com\/2021\/06\/22<\/a><\/p><p>Si l\u2019\u00e9ch\u00e9ance n\u2019est pas respect\u00e9e, la d\u00e9claration ne se fera qu\u2019avec l\u2019accord de la juridiction comp\u00e9tente. Celle de la R\u00e9gion o\u00f9 l\u2019enfant est n\u00e9. <a href=\"http:\/\/jafbase.fr\/docAfrique\/Guinee\/guinee_code_civil\">cf Code civil de la R\u00e9publique de Guin\u00e9e.<\/a><br \/>Mais, s\u2019adresser au tribunal engendre chez beaucoup de personnes, la peur de la justice.<\/p>\t\t\t\t\t\t\t\t<\/div>\n\t\t\t\t\t<\/div>\n\t\t<\/div>\n\t\t\t\t\t<\/div>\n\t\t<\/section>\n\t\t\t\t<section class=\"has_eae_slider elementor-section elementor-top-section elementor-element elementor-element-6e03414 elementor-section-boxed elementor-section-height-default elementor-section-height-default\" data-eae-slider=\"61367\" data-id=\"6e03414\" data-element_type=\"section\" data-e-type=\"section\">\n\t\t\t\t\t\t<div class=\"elementor-container elementor-column-gap-default\">\n\t\t\t\t\t<div class=\"has_eae_slider elementor-column elementor-col-100 elementor-top-column elementor-element elementor-element-3c2dc8c\" data-eae-slider=\"76639\" data-id=\"3c2dc8c\" data-element_type=\"column\" data-e-type=\"column\">\n\t\t\t<div class=\"elementor-widget-wrap elementor-element-populated\">\n\t\t\t\t\t\t<div class=\"elementor-element elementor-element-897847b elementor-widget elementor-widget-heading\" data-id=\"897847b\" data-element_type=\"widget\" data-e-type=\"widget\" data-widget_type=\"heading.default\">\n\t\t\t\t\t<h2 class=\"elementor-heading-title elementor-size-default\">A cela s\u2019ajoute un autre fl\u00e9au : la pauvret\u00e9<\/h2>\t\t\t\t<\/div>\n\t\t\t\t<section class=\"has_eae_slider elementor-section elementor-inner-section elementor-element elementor-element-df5cd35 elementor-section-boxed elementor-section-height-default elementor-section-height-default\" data-eae-slider=\"12586\" data-id=\"df5cd35\" data-element_type=\"section\" data-e-type=\"section\">\n\t\t\t\t\t\t<div class=\"elementor-container elementor-column-gap-default\">\n\t\t\t\t\t<div class=\"has_eae_slider elementor-column elementor-col-50 elementor-inner-column elementor-element elementor-element-216f49a\" data-eae-slider=\"42288\" data-id=\"216f49a\" data-element_type=\"column\" data-e-type=\"column\">\n\t\t\t<div class=\"elementor-widget-wrap elementor-element-populated\">\n\t\t\t\t\t\t<div class=\"elementor-element elementor-element-a695582 elementor-widget elementor-widget-text-editor\" data-id=\"a695582\" data-element_type=\"widget\" data-e-type=\"widget\" data-widget_type=\"text-editor.default\">\n\t\t\t\t\t\t\t\t\t<p>M\u00eame si la d\u00e9claration est gratuite, des frais suppl\u00e9mentaires subsistent.<br \/>Alors, l\u2019enregistrement peut \u00eatre difficile, voire impossible <a href=\"https:\/\/guineematin.com\/2023\/01\/03\/aliou-souare-a-guineematin-com-letat-civil-a-fait-rentrer-en-2022-plus-de-450-millions-gnf-dans-les-caisses-de-la-commune\/\">cf.guineematin.com\/2023<\/a><\/p><p>En effet, comment r\u00e9gler tous ces frais : le transport, la d\u00e9claration ou une amende suite \u00e0 un d\u00e9passement du d\u00e9lai\u2009? <a href=\"https:\/\/data.unicef.org\/wp-content\/uploads\/2018\/01\/Civil-Registration-French-Final.pdf\">cf.Civil-Registration-French-Final<\/a><br \/>En Guin\u00e9e, payer 2 euros pour un acte de naissance \u00e9tait d\u00e9j\u00e0 impossible pour beaucoup de familles.<br \/>Aujourd\u2019hui, il est num\u00e9rique. Il est pass\u00e9 \u00e0 6 euros. : <b>un prix vertigineux\u2009!<\/b><\/p>\t\t\t\t\t\t\t\t<\/div>\n\t\t\t\t\t<\/div>\n\t\t<\/div>\n\t\t\t\t<div class=\"has_eae_slider elementor-column elementor-col-50 elementor-inner-column elementor-element elementor-element-96f4e6a\" data-eae-slider=\"99481\" data-id=\"96f4e6a\" data-element_type=\"column\" data-e-type=\"column\">\n\t\t\t<div class=\"elementor-widget-wrap elementor-element-populated\">\n\t\t\t\t\t\t<div class=\"elementor-element elementor-element-96b5c43 elementor-widget elementor-widget-image\" data-id=\"96b5c43\" data-element_type=\"widget\" data-e-type=\"widget\" data-widget_type=\"image.default\">\n\t\t\t\t\t\t\t\t\t\t\t\t\t\t\t<img decoding=\"async\" width=\"205\" height=\"273\" src=\"https:\/\/eauzenfants.fr\/wp-content\/uploads\/2023\/05\/Image3.jpg\" class=\"attachment-large size-large wp-image-6281\" alt=\"\" \/>\t\t\t\t\t\t\t\t\t\t\t\t\t\t\t<\/div>\n\t\t\t\t\t<\/div>\n\t\t<\/div>\n\t\t\t\t\t<\/div>\n\t\t<\/section>\n\t\t\t\t\t<\/div>\n\t\t<\/div>\n\t\t\t\t\t<\/div>\n\t\t<\/section>\n\t\t\t\t<section class=\"has_eae_slider elementor-section elementor-top-section elementor-element elementor-element-667f482 elementor-section-boxed elementor-section-height-default elementor-section-height-default\" data-eae-slider=\"15440\" data-id=\"667f482\" data-element_type=\"section\" data-e-type=\"section\">\n\t\t\t\t\t\t<div class=\"elementor-container elementor-column-gap-default\">\n\t\t\t\t\t<div class=\"has_eae_slider elementor-column elementor-col-100 elementor-top-column elementor-element elementor-element-e382304\" data-eae-slider=\"20771\" data-id=\"e382304\" data-element_type=\"column\" data-e-type=\"column\">\n\t\t\t<div class=\"elementor-widget-wrap elementor-element-populated\">\n\t\t\t\t\t\t<div class=\"elementor-element elementor-element-1e3be13 elementor-widget elementor-widget-heading\" data-id=\"1e3be13\" data-element_type=\"widget\" data-e-type=\"widget\" data-widget_type=\"heading.default\">\n\t\t\t\t\t<h2 class=\"elementor-heading-title elementor-size-default\">Et encore un autre d\u00e9fi : les d\u00e9marches administratives\u2009!<\/h2>\t\t\t\t<\/div>\n\t\t\t\t<div class=\"elementor-element elementor-element-f051341 elementor-widget elementor-widget-text-editor\" data-id=\"f051341\" data-element_type=\"widget\" data-e-type=\"widget\" data-widget_type=\"text-editor.default\">\n\t\t\t\t\t\t\t\t\t<p>Les parents, souvent non scripteurs-lecteurs, se voient confront\u00e9s \u00e0 plusieurs probl\u00e9matiques :<\/p><ul><li>l\u2019incapacit\u00e9 d\u2019effectuer des d\u00e9marches administratives.<\/li><li>la d\u00e9sinformation concernant les proc\u00e9dures.<\/li><\/ul><p>On estime qu\u2019un enfant n\u00e9 en zone rurale, a 30 % moins de chance d\u2019\u00eatre d\u00e9clar\u00e9 qu\u2019un enfant n\u00e9 en ville. <a href=\"https:\/\/www.assemblee-nationale.fr\/dyn\/opendata\/RINFANR5L15B3349.html\">cf.assemblee-nationale<\/a><\/p>\t\t\t\t\t\t\t\t<\/div>\n\t\t\t\t<div class=\"elementor-element elementor-element-ca75e10 elementor-widget elementor-widget-image\" data-id=\"ca75e10\" data-element_type=\"widget\" data-e-type=\"widget\" data-widget_type=\"image.default\">\n\t\t\t\t\t\t\t\t\t\t\t\t\t\t\t<img loading=\"lazy\" decoding=\"async\" width=\"258\" height=\"273\" src=\"https:\/\/eauzenfants.fr\/wp-content\/uploads\/2023\/05\/Image6.jpg\" class=\"attachment-large size-large wp-image-6283\" alt=\"\" \/>\t\t\t\t\t\t\t\t\t\t\t\t\t\t\t<\/div>\n\t\t\t\t<div class=\"elementor-element elementor-element-4ff83bc elementor-widget elementor-widget-text-editor\" data-id=\"4ff83bc\" data-element_type=\"widget\" data-e-type=\"widget\" data-widget_type=\"text-editor.default\">\n\t\t\t\t\t\t\t\t\t<p><span style=\"font-size: 15px; color: var( --e-global-color-text );\">D\u2019o\u00f9 l\u2019int\u00e9r\u00eat d\u2019expliquer les d\u00e9marches \u00e0 suivre et l\u2019utilit\u00e9 des enregistrements.<\/span><\/p><p>Un point sur lequel insiste Mme Bah Diallo, ancienne ministre de l\u2019\u00c9ducation de Guin\u00e9e et Pr\u00e9sidente internationale de l\u2019association Aide et Action. <a href=\"https:\/\/www.assemblee-nationale.fr\/dyn\/opendata\/RINFANR5L15B3349.html\">assemblee-nationale.fr<\/a><\/p><p>Avoir une identit\u00e9 est un droit fondamental et universel.<\/p>\t\t\t\t\t\t\t\t<\/div>\n\t\t\t\t\t<\/div>\n\t\t<\/div>\n\t\t\t\t\t<\/div>\n\t\t<\/section>\n\t\t\t\t<section class=\"has_eae_slider elementor-section elementor-top-section elementor-element elementor-element-f930d69 elementor-section-boxed elementor-section-height-default elementor-section-height-default\" data-eae-slider=\"20241\" data-id=\"f930d69\" data-element_type=\"section\" data-e-type=\"section\">\n\t\t\t\t\t\t<div class=\"elementor-container elementor-column-gap-default\">\n\t\t\t\t\t<div class=\"has_eae_slider elementor-column elementor-col-100 elementor-top-column elementor-element elementor-element-3996a4a\" data-eae-slider=\"90827\" data-id=\"3996a4a\" data-element_type=\"column\" data-e-type=\"column\">\n\t\t\t<div class=\"elementor-widget-wrap elementor-element-populated\">\n\t\t\t\t\t\t<div class=\"elementor-element elementor-element-41acc30 elementor-widget elementor-widget-heading\" data-id=\"41acc30\" data-element_type=\"widget\" data-e-type=\"widget\" data-widget_type=\"heading.default\">\n\t\t\t\t\t<h2 class=\"elementor-heading-title elementor-size-default\">Triste vie des enfants hors la loi<\/h2>\t\t\t\t<\/div>\n\t\t\t\t<div class=\"elementor-element elementor-element-430aec7 elementor-widget elementor-widget-text-editor\" data-id=\"430aec7\" data-element_type=\"widget\" data-e-type=\"widget\" data-widget_type=\"text-editor.default\">\n\t\t\t\t\t\t\t\t\t<p>Enregistrer un enfant \u00e0 l&rsquo;\u00e9tat civil est le 1er droit inscrit \u00e0 la convention des droits de l\u2019enfant.<br \/>Il lui permet d\u2019abord d\u2019<b>exister juridiquement<\/b> pour pouvoir \u00eatre prot\u00e9g\u00e9.<\/p>\t\t\t\t\t\t\t\t<\/div>\n\t\t\t\t<div class=\"elementor-element elementor-element-35d64eb elementor-widget elementor-widget-heading\" data-id=\"35d64eb\" data-element_type=\"widget\" data-e-type=\"widget\" data-widget_type=\"heading.default\">\n\t\t\t\t\t<h3 class=\"elementor-heading-title elementor-size-default\">Inconnu des services administratifs, l\u2019enfant fant\u00f4me est priv\u00e9 de tous ses droits :<\/h3>\t\t\t\t<\/div>\n\t\t\t\t<div class=\"elementor-element elementor-element-2775c58 elementor-widget elementor-widget-text-editor\" data-id=\"2775c58\" data-element_type=\"widget\" data-e-type=\"widget\" data-widget_type=\"text-editor.default\">\n\t\t\t\t\t\t\t\t\t<ul><li>pas de nationalit\u00e9;<\/li><li>pas de soins m\u00e9dicaux;<\/li><li>pas de scolarisation;<\/li><li>pas de protection sociale;<\/li><\/ul><p>etc.<\/p>\t\t\t\t\t\t\t\t<\/div>\n\t\t\t\t<div class=\"elementor-element elementor-element-9df063e elementor-widget elementor-widget-image\" data-id=\"9df063e\" data-element_type=\"widget\" data-e-type=\"widget\" data-widget_type=\"image.default\">\n\t\t\t\t\t\t\t\t\t\t\t\t\t\t\t<img loading=\"lazy\" decoding=\"async\" width=\"357\" height=\"173\" src=\"https:\/\/eauzenfants.fr\/wp-content\/uploads\/2023\/05\/Image7.jpg\" class=\"attachment-large size-large wp-image-6284\" alt=\"\" srcset=\"https:\/\/eauzenfants.fr\/wp-content\/uploads\/2023\/05\/Image7.jpg 357w, https:\/\/eauzenfants.fr\/wp-content\/uploads\/2023\/05\/Image7-300x145.jpg 300w\" sizes=\"(max-width: 357px) 100vw, 357px\" \/>\t\t\t\t\t\t\t\t\t\t\t\t\t\t\t<\/div>\n\t\t\t\t<div class=\"elementor-element elementor-element-1fc44d4 elementor-widget elementor-widget-heading\" data-id=\"1fc44d4\" data-element_type=\"widget\" data-e-type=\"widget\" data-widget_type=\"heading.default\">\n\t\t\t\t\t<h3 class=\"elementor-heading-title elementor-size-default\">\u2018Invisible\u2019 et proie de tous les abus<\/h3>\t\t\t\t<\/div>\n\t\t\t\t<div class=\"elementor-element elementor-element-c4674df elementor-widget elementor-widget-text-editor\" data-id=\"c4674df\" data-element_type=\"widget\" data-e-type=\"widget\" data-widget_type=\"text-editor.default\">\n\t\t\t\t\t\t\t\t\t<p>Il est expos\u00e9 \u00e0 toutes formes de violence, de trafics [prostitution, vente d\u2019organes\u2026]<br \/>Il risque de subir :<\/p><ul><li>la discrimination, la maltraitance, l\u2019exploitation par le travail.<\/li><li>un mariage pr\u00e9coce malgr\u00e9 l\u2019\u00e2ge l\u00e9gal minimum (18 ans en Guin\u00e9e et au Togo).<\/li><\/ul>\t\t\t\t\t\t\t\t<\/div>\n\t\t\t\t\t<\/div>\n\t\t<\/div>\n\t\t\t\t\t<\/div>\n\t\t<\/section>\n\t\t\t\t<section class=\"has_eae_slider elementor-section elementor-top-section elementor-element elementor-element-474dc5e elementor-section-boxed elementor-section-height-default elementor-section-height-default\" data-eae-slider=\"32583\" data-id=\"474dc5e\" data-element_type=\"section\" data-e-type=\"section\">\n\t\t\t\t\t\t<div class=\"elementor-container elementor-column-gap-default\">\n\t\t\t\t\t<div class=\"has_eae_slider elementor-column elementor-col-100 elementor-top-column elementor-element elementor-element-7d00240\" data-eae-slider=\"42145\" data-id=\"7d00240\" data-element_type=\"column\" data-e-type=\"column\">\n\t\t\t<div class=\"elementor-widget-wrap elementor-element-populated\">\n\t\t\t\t\t\t<div class=\"elementor-element elementor-element-8b3c976 elementor-widget elementor-widget-heading\" data-id=\"8b3c976\" data-element_type=\"widget\" data-e-type=\"widget\" data-widget_type=\"heading.default\">\n\t\t\t\t\t<h2 class=\"elementor-heading-title elementor-size-default\">Ce fl\u00e9au a un impact sur toute la soci\u00e9t\u00e9<\/h2>\t\t\t\t<\/div>\n\t\t\t\t<div class=\"elementor-element elementor-element-9f64f6d elementor-widget elementor-widget-text-editor\" data-id=\"9f64f6d\" data-element_type=\"widget\" data-e-type=\"widget\" data-widget_type=\"text-editor.default\">\n\t\t\t\t\t\t\t\t\t<p>Pour se d\u00e9velopper, tout pays a besoin de conna\u00eetre sa population :<\/p><ul><li>pour son bien-\u00eatre, pour l\u2019int\u00e9r\u00eat individuel,<\/li><li>pour planifier ses besoins et les projets n\u00e9cessaires.<\/li><\/ul><p>Aider chacun \u00e0 obtenir son acte de naissance c\u2019est l\u2019aider \u00e0 exister, construire son pr\u00e9sent et son avenir.<\/p>\t\t\t\t\t\t\t\t<\/div>\n\t\t\t\t\t<\/div>\n\t\t<\/div>\n\t\t\t\t\t<\/div>\n\t\t<\/section>\n\t\t\t\t<section class=\"has_eae_slider elementor-section elementor-top-section elementor-element elementor-element-d50e032 elementor-section-boxed elementor-section-height-default elementor-section-height-default\" data-eae-slider=\"61768\" data-id=\"d50e032\" data-element_type=\"section\" data-e-type=\"section\">\n\t\t\t\t\t\t<div class=\"elementor-container elementor-column-gap-default\">\n\t\t\t\t\t<div class=\"has_eae_slider elementor-column elementor-col-100 elementor-top-column elementor-element elementor-element-678d26e\" data-eae-slider=\"30298\" data-id=\"678d26e\" data-element_type=\"column\" data-e-type=\"column\">\n\t\t\t<div class=\"elementor-widget-wrap elementor-element-populated\">\n\t\t\t\t\t\t<div class=\"elementor-element elementor-element-54b64fc elementor-widget elementor-widget-heading\" data-id=\"54b64fc\" data-element_type=\"widget\" data-e-type=\"widget\" data-widget_type=\"heading.default\">\n\t\t\t\t\t<h2 class=\"elementor-heading-title elementor-size-default\">Eau Z\u2018Enfants sur le terrain, des r\u00e9sultats encourageants\u2009!<\/h2>\t\t\t\t<\/div>\n\t\t\t\t<div class=\"elementor-element elementor-element-9a418d2 elementor-widget elementor-widget-image\" data-id=\"9a418d2\" data-element_type=\"widget\" data-e-type=\"widget\" data-widget_type=\"image.default\">\n\t\t\t\t\t\t\t\t\t\t\t\t\t\t\t<img loading=\"lazy\" decoding=\"async\" width=\"448\" height=\"241\" src=\"https:\/\/eauzenfants.fr\/wp-content\/uploads\/2023\/05\/Image8.jpg\" class=\"attachment-large size-large wp-image-6285\" alt=\"\" srcset=\"https:\/\/eauzenfants.fr\/wp-content\/uploads\/2023\/05\/Image8.jpg 448w, https:\/\/eauzenfants.fr\/wp-content\/uploads\/2023\/05\/Image8-300x161.jpg 300w\" sizes=\"(max-width: 448px) 100vw, 448px\" \/>\t\t\t\t\t\t\t\t\t\t\t\t\t\t\t<\/div>\n\t\t\t\t<div class=\"elementor-element elementor-element-eddb9db elementor-widget elementor-widget-text-editor\" data-id=\"eddb9db\" data-element_type=\"widget\" data-e-type=\"widget\" data-widget_type=\"text-editor.default\">\n\t\t\t\t\t\t\t\t\t<p>L\u2019association s\u2019investit avec ses partenaires, ses collaborateurs dans l\u2019aide \u00e0 l\u2019obtention des actes de naissance.<br \/>En Guin\u00e9e, avec un budget de 3500 euros, des <b>actes de naissance <\/b>ont \u00e9t\u00e9 \u00e9tablis dans 3 villages \u00e9loign\u00e9s.<\/p><p>Cela a \u00e9t\u00e9 possible gr\u00e2ce \u00e0 une v\u00e9ritable collaboration avec :<\/p><ul><li>le <b>laboratoire ARROW Lyon<\/b>, partenaire financier<\/li><li><b>les autorit\u00e9s locales<\/b><\/li><li><b>Al Barka House<\/b> qui suit nos actions sur le terrain.<\/li><\/ul><p>Ensemble, nous avons pu aider et apporter des solutions face aux difficult\u00e9s rencontr\u00e9es autant sur le plan administratif que social.<\/p><p><b>En seulement 7 mois\u2009!<\/b><br \/>La commune de Pita a enregistr\u00e9 500 d\u00e9clarations de naissance, de f\u00e9vrier 2022 \u00e0 ao\u00fbt 2022.<br \/><b>Une premi\u00e8re<\/b>, selon la section d\u2019\u00c9tat civil !<\/p><p>A Tougue et \u00e0 Brouwal Tappe, de janvier 2022 \u00e0 mars 2023, nous avons enregistr\u00e9 1500 nouveau-n\u00e9s.<br \/><i>Tout \u00e7a, en un <b>temps record\u2009!<\/b><\/i><\/p><p>Et depuis septembre 2022, on note une nette augmentation des enregistrements.<\/p><p><i>Alors, allons plus loin\u2009!<\/i><\/p>\t\t\t\t\t\t\t\t<\/div>\n\t\t\t\t\t<\/div>\n\t\t<\/div>\n\t\t\t\t\t<\/div>\n\t\t<\/section>\n\t\t\t\t<section class=\"has_eae_slider elementor-section elementor-top-section elementor-element elementor-element-4ae64f9 elementor-section-boxed elementor-section-height-default elementor-section-height-default\" data-eae-slider=\"31350\" data-id=\"4ae64f9\" data-element_type=\"section\" data-e-type=\"section\">\n\t\t\t\t\t\t<div class=\"elementor-container elementor-column-gap-default\">\n\t\t\t\t\t<div class=\"has_eae_slider elementor-column elementor-col-100 elementor-top-column elementor-element elementor-element-1b69c05\" data-eae-slider=\"60204\" data-id=\"1b69c05\" data-element_type=\"column\" data-e-type=\"column\">\n\t\t\t<div class=\"elementor-widget-wrap elementor-element-populated\">\n\t\t\t\t\t\t<div class=\"elementor-element elementor-element-1321768 elementor-widget elementor-widget-heading\" data-id=\"1321768\" data-element_type=\"widget\" data-e-type=\"widget\" data-widget_type=\"heading.default\">\n\t\t\t\t\t<h2 class=\"elementor-heading-title elementor-size-default\">Comment \u00eatre encore plus efficace\u2009?<\/h2>\t\t\t\t<\/div>\n\t\t\t\t<section class=\"has_eae_slider elementor-section elementor-inner-section elementor-element elementor-element-b041899 elementor-section-boxed elementor-section-height-default elementor-section-height-default\" data-eae-slider=\"35998\" data-id=\"b041899\" data-element_type=\"section\" data-e-type=\"section\">\n\t\t\t\t\t\t<div class=\"elementor-container elementor-column-gap-default\">\n\t\t\t\t\t<div class=\"has_eae_slider elementor-column elementor-col-33 elementor-inner-column elementor-element elementor-element-44bf5ee\" data-eae-slider=\"42144\" data-id=\"44bf5ee\" data-element_type=\"column\" data-e-type=\"column\">\n\t\t\t<div class=\"elementor-widget-wrap elementor-element-populated\">\n\t\t\t\t\t\t<div class=\"elementor-element elementor-element-66eacf9 elementor-widget elementor-widget-image\" data-id=\"66eacf9\" data-element_type=\"widget\" data-e-type=\"widget\" data-widget_type=\"image.default\">\n\t\t\t\t\t\t\t\t\t\t\t\t\t\t\t<img loading=\"lazy\" decoding=\"async\" width=\"297\" height=\"171\" src=\"https:\/\/eauzenfants.fr\/wp-content\/uploads\/2023\/05\/Image2.png\" class=\"attachment-large size-large wp-image-6050\" alt=\"\" \/>\t\t\t\t\t\t\t\t\t\t\t\t\t\t\t<\/div>\n\t\t\t\t\t<\/div>\n\t\t<\/div>\n\t\t\t\t<div class=\"has_eae_slider elementor-column elementor-col-66 elementor-inner-column elementor-element elementor-element-22954ee\" data-eae-slider=\"19194\" data-id=\"22954ee\" data-element_type=\"column\" data-e-type=\"column\">\n\t\t\t<div class=\"elementor-widget-wrap elementor-element-populated\">\n\t\t\t\t\t\t<div class=\"elementor-element elementor-element-6b718bd elementor-widget elementor-widget-text-editor\" data-id=\"6b718bd\" data-element_type=\"widget\" data-e-type=\"widget\" data-widget_type=\"text-editor.default\">\n\t\t\t\t\t\t\t\t\t<p>Les mairies doivent s\u00e9curiser les actes de naissance acquis.<br \/>Alors, il leur faut cr\u00e9er des bases de donn\u00e9es \u00e0 dur\u00e9e illimit\u00e9e.<br \/>Mais, pour y arriver, ils ont besoin d\u2019\u00e9quipements informatiques.<\/p><p>Vous souhaitez les soutenir et contribuer \u00e0 changer les choses\u2009?<\/p><p>Alors aidons les enfants \u00e0 trouver leur identit\u00e9 et <a href=\"https:\/\/www.eauzenfants.fr\/une-meilleure-vie\/\">une-meilleure-vie<\/a><\/p>\t\t\t\t\t\t\t\t<\/div>\n\t\t\t\t\t<\/div>\n\t\t<\/div>\n\t\t\t\t\t<\/div>\n\t\t<\/section>\n\t\t\t\t\t<\/div>\n\t\t<\/div>\n\t\t\t\t\t<\/div>\n\t\t<\/section>\n\t\t\t\t<section class=\"has_eae_slider elementor-section elementor-top-section elementor-element elementor-element-1452738 elementor-section-boxed elementor-section-height-default elementor-section-height-default\" data-eae-slider=\"29984\" data-id=\"1452738\" data-element_type=\"section\" data-e-type=\"section\">\n\t\t\t\t\t\t<div class=\"elementor-container elementor-column-gap-default\">\n\t\t\t\t\t<div class=\"has_eae_slider elementor-column elementor-col-100 elementor-top-column elementor-element elementor-element-728f430\" data-eae-slider=\"55645\" data-id=\"728f430\" data-element_type=\"column\" data-e-type=\"column\">\n\t\t\t<div class=\"elementor-widget-wrap elementor-element-populated\">\n\t\t\t\t\t\t<div class=\"elementor-element elementor-element-5bf3a07 elementor-widget elementor-widget-heading\" data-id=\"5bf3a07\" data-element_type=\"widget\" data-e-type=\"widget\" data-widget_type=\"heading.default\">\n\t\t\t\t\t<h2 class=\"elementor-heading-title elementor-size-default\">Quelles perspectives pour le futur?<\/h2>\t\t\t\t<\/div>\n\t\t\t\t<div class=\"elementor-element elementor-element-97bef56 elementor-widget elementor-widget-text-editor\" data-id=\"97bef56\" data-element_type=\"widget\" data-e-type=\"widget\" data-widget_type=\"text-editor.default\">\n\t\t\t\t\t\t\t\t\t<p>On estime qu\u2019en 2030, l\u2019Afrique subsaharienne risque de voir environ 115 millions d\u2019enfants de moins de 5 ans non d\u00e9clar\u00e9s. <a href=\"https:\/\/data.unicef.org\/wp-content\/uploads\/2018\/01\/Civil-Registration-French-Final.pdf\">cf.Civil-Registration-French-Final<\/a><\/p><p>Ils ont besoin de nous, ils ont besoin de vous\u2009!<\/p><p><b>En \u00e9quipe avec tous les bienfaiteurs, Eau Z\u2019Enfants se donne les moyens pour am\u00e9liorer leur vie.<\/b><\/p><p>Rejoignez-nous et aidons-les\u2009! Donnons \u00e0 ces enfants un espoir, un avenir\u2009!<\/p><p>Ensemble, am\u00e9liorons leur vie ! <b><a href=\"https:\/\/www.eauzenfants.fr\/faire-un-don\/\">Faites un don !<\/a><\/b><\/p>\t\t\t\t\t\t\t\t<\/div>\n\t\t\t\t<div class=\"elementor-element elementor-element-f4915bd elementor-widget elementor-widget-text-editor\" data-id=\"f4915bd\" data-element_type=\"widget\" data-e-type=\"widget\" data-widget_type=\"text-editor.default\">\n\t\t\t\t\t\t\t\t\t<p>Encore un <b>grand merci <\/b>\u00e0 tous nos donateurs, nos collaborateurs et partenaires !<\/p>\t\t\t\t\t\t\t\t<\/div>\n\t\t\t\t\t<\/div>\n\t\t<\/div>\n\t\t\t\t\t<\/div>\n\t\t<\/section>\n\t\t\t\t<\/div>\n\t\t","protected":false},"excerpt":{"rendered":"<p>La situation des \u00ab\u00a0\u2009enfants fant\u00f4mes\u00a0\u00bb.<br \/>\nL\u2019Afrique subsaharienne, d\u00e9j\u00e0 confront\u00e9e \u00e0 la pauvret\u00e9, doit faire face \u00e0 un autre drame : \u201cles \u2018enfants fant\u00f4mes\u201d\u2019.<\/p>\n<p>Qui sont-ils\u2009? &#8230;<\/p>","protected":false},"author":10,"featured_media":6212,"comment_status":"open","ping_status":"open","sticky":false,"template":"","format":"standard","meta":{"footnotes":""},"categories":[1],"tags":[],"class_list":["post-6021","post","type-post","status-publish","format-standard","has-post-thumbnail","hentry","category-blog"],"yoast_head":"<!-- This site is optimized with the Yoast SEO plugin v27.2 - https:\/\/yoast.com\/product\/yoast-seo-wordpress\/ -->\n<title>L\u2019Afrique subsaharienne et les \u00ab\u2009Enfants fant\u00f4mes\u2009\u00bb | Eau Z&#039;Enfants<\/title>\n<meta name=\"description\" content=\"L\u2019Afrique subsaharienne, doit faire face \u00e0 un drame : \u201cles \u2018enfants fant\u00f4mes\u201d. Qui sont-ils\u2009? Des enfants non d\u00e9clar\u00e9s \u00e0 la naissance...\" \/>\n<meta name=\"robots\" content=\"index, follow, max-snippet:-1, max-image-preview:large, max-video-preview:-1\" \/>\n<link rel=\"canonical\" href=\"https:\/\/eauzenfants.fr\/en\/2023\/05\/15\/lafrique-subsaharienne-et-les-enfants-fantomes\/\" \/>\n<meta property=\"og:locale\" content=\"en_US\" \/>\n<meta property=\"og:type\" content=\"article\" \/>\n<meta property=\"og:title\" content=\"L\u2019Afrique subsaharienne et les \u00ab\u2009Enfants fant\u00f4mes\u2009\u00bb | Eau Z&#039;Enfants\" \/>\n<meta property=\"og:description\" content=\"L\u2019Afrique subsaharienne, doit faire face \u00e0 un drame : \u201cles \u2018enfants fant\u00f4mes\u201d. Qui sont-ils\u2009? Des enfants non d\u00e9clar\u00e9s \u00e0 la naissance...\" \/>\n<meta property=\"og:url\" content=\"https:\/\/eauzenfants.fr\/en\/2023\/05\/15\/lafrique-subsaharienne-et-les-enfants-fantomes\/\" \/>\n<meta property=\"og:site_name\" content=\"Eau Z&#039;Enfants\" \/>\n<meta property=\"article:publisher\" content=\"https:\/\/www.facebook.com\/EAUZENFANTS\/\" \/>\n<meta property=\"article:published_time\" content=\"2023-05-15T12:00:01+00:00\" \/>\n<meta property=\"article:modified_time\" content=\"2023-05-16T09:43:56+00:00\" \/>\n<meta property=\"og:image\" content=\"https:\/\/eauzenfants.fr\/wp-content\/uploads\/2023\/05\/une-article-15-mai-23.jpg\" \/>\n\t<meta property=\"og:image:width\" content=\"284\" \/>\n\t<meta property=\"og:image:height\" content=\"271\" \/>\n\t<meta property=\"og:image:type\" content=\"image\/jpeg\" \/>\n<meta name=\"author\" content=\"Rabia Manceau\" \/>\n<meta name=\"twitter:card\" content=\"summary_large_image\" \/>\n<meta name=\"twitter:label1\" content=\"Written by\" \/>\n\t<meta name=\"twitter:data1\" content=\"Rabia Manceau\" \/>\n\t<meta name=\"twitter:label2\" content=\"Est. reading time\" \/>\n\t<meta name=\"twitter:data2\" content=\"7 minutes\" \/>\n<script type=\"application\/ld+json\" class=\"yoast-schema-graph\">{\"@context\":\"https:\/\/schema.org\",\"@graph\":[{\"@type\":\"Article\",\"@id\":\"https:\/\/eauzenfants.fr\/2023\/05\/15\/lafrique-subsaharienne-et-les-enfants-fantomes\/#article\",\"isPartOf\":{\"@id\":\"https:\/\/eauzenfants.fr\/2023\/05\/15\/lafrique-subsaharienne-et-les-enfants-fantomes\/\"},\"author\":{\"name\":\"Rabia Manceau\",\"@id\":\"https:\/\/eauzenfants.fr\/#\/schema\/person\/802e441ffa67074be06250a25e683b50\"},\"headline\":\"L\u2019Afrique subsaharienne et les \u00abEnfants fant\u00f4mes\u00bb : un vrai d\u00e9sastre\u2009!\",\"datePublished\":\"2023-05-15T12:00:01+00:00\",\"dateModified\":\"2023-05-16T09:43:56+00:00\",\"mainEntityOfPage\":{\"@id\":\"https:\/\/eauzenfants.fr\/2023\/05\/15\/lafrique-subsaharienne-et-les-enfants-fantomes\/\"},\"wordCount\":1271,\"commentCount\":0,\"publisher\":{\"@id\":\"https:\/\/eauzenfants.fr\/#organization\"},\"image\":{\"@id\":\"https:\/\/eauzenfants.fr\/2023\/05\/15\/lafrique-subsaharienne-et-les-enfants-fantomes\/#primaryimage\"},\"thumbnailUrl\":\"https:\/\/eauzenfants.fr\/wp-content\/uploads\/2023\/05\/une-article-15-mai-23.jpg\",\"articleSection\":[\"Blog\"],\"inLanguage\":\"en-US\",\"potentialAction\":[{\"@type\":\"CommentAction\",\"name\":\"Comment\",\"target\":[\"https:\/\/eauzenfants.fr\/2023\/05\/15\/lafrique-subsaharienne-et-les-enfants-fantomes\/#respond\"]}]},{\"@type\":\"WebPage\",\"@id\":\"https:\/\/eauzenfants.fr\/2023\/05\/15\/lafrique-subsaharienne-et-les-enfants-fantomes\/\",\"url\":\"https:\/\/eauzenfants.fr\/2023\/05\/15\/lafrique-subsaharienne-et-les-enfants-fantomes\/\",\"name\":\"L\u2019Afrique subsaharienne et les \u00ab\u2009Enfants fant\u00f4mes\u2009\u00bb | Eau Z&#039;Enfants\",\"isPartOf\":{\"@id\":\"https:\/\/eauzenfants.fr\/#website\"},\"primaryImageOfPage\":{\"@id\":\"https:\/\/eauzenfants.fr\/2023\/05\/15\/lafrique-subsaharienne-et-les-enfants-fantomes\/#primaryimage\"},\"image\":{\"@id\":\"https:\/\/eauzenfants.fr\/2023\/05\/15\/lafrique-subsaharienne-et-les-enfants-fantomes\/#primaryimage\"},\"thumbnailUrl\":\"https:\/\/eauzenfants.fr\/wp-content\/uploads\/2023\/05\/une-article-15-mai-23.jpg\",\"datePublished\":\"2023-05-15T12:00:01+00:00\",\"dateModified\":\"2023-05-16T09:43:56+00:00\",\"description\":\"L\u2019Afrique subsaharienne, doit faire face \u00e0 un drame : \u201cles \u2018enfants fant\u00f4mes\u201d. Qui sont-ils\u2009? Des enfants non d\u00e9clar\u00e9s \u00e0 la naissance...\",\"breadcrumb\":{\"@id\":\"https:\/\/eauzenfants.fr\/2023\/05\/15\/lafrique-subsaharienne-et-les-enfants-fantomes\/#breadcrumb\"},\"inLanguage\":\"en-US\",\"potentialAction\":[{\"@type\":\"ReadAction\",\"target\":[\"https:\/\/eauzenfants.fr\/2023\/05\/15\/lafrique-subsaharienne-et-les-enfants-fantomes\/\"]}]},{\"@type\":\"ImageObject\",\"inLanguage\":\"en-US\",\"@id\":\"https:\/\/eauzenfants.fr\/2023\/05\/15\/lafrique-subsaharienne-et-les-enfants-fantomes\/#primaryimage\",\"url\":\"https:\/\/eauzenfants.fr\/wp-content\/uploads\/2023\/05\/une-article-15-mai-23.jpg\",\"contentUrl\":\"https:\/\/eauzenfants.fr\/wp-content\/uploads\/2023\/05\/une-article-15-mai-23.jpg\",\"width\":284,\"height\":271},{\"@type\":\"BreadcrumbList\",\"@id\":\"https:\/\/eauzenfants.fr\/2023\/05\/15\/lafrique-subsaharienne-et-les-enfants-fantomes\/#breadcrumb\",\"itemListElement\":[{\"@type\":\"ListItem\",\"position\":1,\"name\":\"Accueil\",\"item\":\"https:\/\/eauzenfants.fr\/\"},{\"@type\":\"ListItem\",\"position\":2,\"name\":\"L\u2019Afrique subsaharienne et les \u00abEnfants fant\u00f4mes\u00bb : un vrai d\u00e9sastre\u2009!\"}]},{\"@type\":\"WebSite\",\"@id\":\"https:\/\/eauzenfants.fr\/#website\",\"url\":\"https:\/\/eauzenfants.fr\/\",\"name\":\"Eau Z'Enfants\",\"description\":\"\",\"publisher\":{\"@id\":\"https:\/\/eauzenfants.fr\/#organization\"},\"potentialAction\":[{\"@type\":\"SearchAction\",\"target\":{\"@type\":\"EntryPoint\",\"urlTemplate\":\"https:\/\/eauzenfants.fr\/?s={search_term_string}\"},\"query-input\":{\"@type\":\"PropertyValueSpecification\",\"valueRequired\":true,\"valueName\":\"search_term_string\"}}],\"inLanguage\":\"en-US\"},{\"@type\":\"Organization\",\"@id\":\"https:\/\/eauzenfants.fr\/#organization\",\"name\":\"Eau Z'Enfants\",\"url\":\"https:\/\/eauzenfants.fr\/\",\"logo\":{\"@type\":\"ImageObject\",\"inLanguage\":\"en-US\",\"@id\":\"https:\/\/eauzenfants.fr\/#\/schema\/logo\/image\/\",\"url\":\"https:\/\/www.eauzenfants.fr\/wp-content\/uploads\/2020\/04\/logo-croped.png\",\"contentUrl\":\"https:\/\/www.eauzenfants.fr\/wp-content\/uploads\/2020\/04\/logo-croped.png\",\"width\":363,\"height\":384,\"caption\":\"Eau Z'Enfants\"},\"image\":{\"@id\":\"https:\/\/eauzenfants.fr\/#\/schema\/logo\/image\/\"},\"sameAs\":[\"https:\/\/www.facebook.com\/EAUZENFANTS\/\",\"https:\/\/www.instagram.com\/eau_z_enfants\",\"https:\/\/www.linkedin.com\/company\/eau-z-enfants\"]},{\"@type\":\"Person\",\"@id\":\"https:\/\/eauzenfants.fr\/#\/schema\/person\/802e441ffa67074be06250a25e683b50\",\"name\":\"Rabia Manceau\",\"image\":{\"@type\":\"ImageObject\",\"inLanguage\":\"en-US\",\"@id\":\"https:\/\/secure.gravatar.com\/avatar\/b33fdeca464cb3f73d395c6fbfcfc1018d280dcfb1b48c78cab9625d9861b974?s=96&d=mm&r=g\",\"url\":\"https:\/\/secure.gravatar.com\/avatar\/b33fdeca464cb3f73d395c6fbfcfc1018d280dcfb1b48c78cab9625d9861b974?s=96&d=mm&r=g\",\"contentUrl\":\"https:\/\/secure.gravatar.com\/avatar\/b33fdeca464cb3f73d395c6fbfcfc1018d280dcfb1b48c78cab9625d9861b974?s=96&d=mm&r=g\",\"caption\":\"Rabia Manceau\"},\"url\":\"http:\/\/eauzenfants.fr\/en\/author\/rabia_eze\/\"}]}<\/script>\n<!-- \/ Yoast SEO plugin. -->","yoast_head_json":{"title":"L\u2019Afrique subsaharienne et les \u00ab\u2009Enfants fant\u00f4mes\u2009\u00bb | Eau Z&#039;Enfants","description":"L\u2019Afrique subsaharienne, doit faire face \u00e0 un drame : \u201cles \u2018enfants fant\u00f4mes\u201d. Qui sont-ils\u2009? Des enfants non d\u00e9clar\u00e9s \u00e0 la naissance...","robots":{"index":"index","follow":"follow","max-snippet":"max-snippet:-1","max-image-preview":"max-image-preview:large","max-video-preview":"max-video-preview:-1"},"canonical":"https:\/\/eauzenfants.fr\/en\/2023\/05\/15\/lafrique-subsaharienne-et-les-enfants-fantomes\/","og_locale":"en_US","og_type":"article","og_title":"L\u2019Afrique subsaharienne et les \u00ab\u2009Enfants fant\u00f4mes\u2009\u00bb | Eau Z&#039;Enfants","og_description":"L\u2019Afrique subsaharienne, doit faire face \u00e0 un drame : \u201cles \u2018enfants fant\u00f4mes\u201d. Qui sont-ils\u2009? Des enfants non d\u00e9clar\u00e9s \u00e0 la naissance...","og_url":"https:\/\/eauzenfants.fr\/en\/2023\/05\/15\/lafrique-subsaharienne-et-les-enfants-fantomes\/","og_site_name":"Eau Z&#039;Enfants","article_publisher":"https:\/\/www.facebook.com\/EAUZENFANTS\/","article_published_time":"2023-05-15T12:00:01+00:00","article_modified_time":"2023-05-16T09:43:56+00:00","og_image":[{"width":284,"height":271,"url":"https:\/\/eauzenfants.fr\/wp-content\/uploads\/2023\/05\/une-article-15-mai-23.jpg","type":"image\/jpeg"}],"author":"Rabia Manceau","twitter_card":"summary_large_image","twitter_misc":{"Written by":"Rabia Manceau","Est. reading time":"7 minutes"},"schema":{"@context":"https:\/\/schema.org","@graph":[{"@type":"Article","@id":"https:\/\/eauzenfants.fr\/2023\/05\/15\/lafrique-subsaharienne-et-les-enfants-fantomes\/#article","isPartOf":{"@id":"https:\/\/eauzenfants.fr\/2023\/05\/15\/lafrique-subsaharienne-et-les-enfants-fantomes\/"},"author":{"name":"Rabia Manceau","@id":"https:\/\/eauzenfants.fr\/#\/schema\/person\/802e441ffa67074be06250a25e683b50"},"headline":"L\u2019Afrique subsaharienne et les \u00abEnfants fant\u00f4mes\u00bb : un vrai d\u00e9sastre\u2009!","datePublished":"2023-05-15T12:00:01+00:00","dateModified":"2023-05-16T09:43:56+00:00","mainEntityOfPage":{"@id":"https:\/\/eauzenfants.fr\/2023\/05\/15\/lafrique-subsaharienne-et-les-enfants-fantomes\/"},"wordCount":1271,"commentCount":0,"publisher":{"@id":"https:\/\/eauzenfants.fr\/#organization"},"image":{"@id":"https:\/\/eauzenfants.fr\/2023\/05\/15\/lafrique-subsaharienne-et-les-enfants-fantomes\/#primaryimage"},"thumbnailUrl":"https:\/\/eauzenfants.fr\/wp-content\/uploads\/2023\/05\/une-article-15-mai-23.jpg","articleSection":["Blog"],"inLanguage":"en-US","potentialAction":[{"@type":"CommentAction","name":"Comment","target":["https:\/\/eauzenfants.fr\/2023\/05\/15\/lafrique-subsaharienne-et-les-enfants-fantomes\/#respond"]}]},{"@type":"WebPage","@id":"https:\/\/eauzenfants.fr\/2023\/05\/15\/lafrique-subsaharienne-et-les-enfants-fantomes\/","url":"https:\/\/eauzenfants.fr\/2023\/05\/15\/lafrique-subsaharienne-et-les-enfants-fantomes\/","name":"L\u2019Afrique subsaharienne et les \u00ab\u2009Enfants fant\u00f4mes\u2009\u00bb | Eau Z&#039;Enfants","isPartOf":{"@id":"https:\/\/eauzenfants.fr\/#website"},"primaryImageOfPage":{"@id":"https:\/\/eauzenfants.fr\/2023\/05\/15\/lafrique-subsaharienne-et-les-enfants-fantomes\/#primaryimage"},"image":{"@id":"https:\/\/eauzenfants.fr\/2023\/05\/15\/lafrique-subsaharienne-et-les-enfants-fantomes\/#primaryimage"},"thumbnailUrl":"https:\/\/eauzenfants.fr\/wp-content\/uploads\/2023\/05\/une-article-15-mai-23.jpg","datePublished":"2023-05-15T12:00:01+00:00","dateModified":"2023-05-16T09:43:56+00:00","description":"L\u2019Afrique subsaharienne, doit faire face \u00e0 un drame : \u201cles \u2018enfants fant\u00f4mes\u201d. Qui sont-ils\u2009? Des enfants non d\u00e9clar\u00e9s \u00e0 la naissance...","breadcrumb":{"@id":"https:\/\/eauzenfants.fr\/2023\/05\/15\/lafrique-subsaharienne-et-les-enfants-fantomes\/#breadcrumb"},"inLanguage":"en-US","potentialAction":[{"@type":"ReadAction","target":["https:\/\/eauzenfants.fr\/2023\/05\/15\/lafrique-subsaharienne-et-les-enfants-fantomes\/"]}]},{"@type":"ImageObject","inLanguage":"en-US","@id":"https:\/\/eauzenfants.fr\/2023\/05\/15\/lafrique-subsaharienne-et-les-enfants-fantomes\/#primaryimage","url":"https:\/\/eauzenfants.fr\/wp-content\/uploads\/2023\/05\/une-article-15-mai-23.jpg","contentUrl":"https:\/\/eauzenfants.fr\/wp-content\/uploads\/2023\/05\/une-article-15-mai-23.jpg","width":284,"height":271},{"@type":"BreadcrumbList","@id":"https:\/\/eauzenfants.fr\/2023\/05\/15\/lafrique-subsaharienne-et-les-enfants-fantomes\/#breadcrumb","itemListElement":[{"@type":"ListItem","position":1,"name":"Accueil","item":"https:\/\/eauzenfants.fr\/"},{"@type":"ListItem","position":2,"name":"L\u2019Afrique subsaharienne et les \u00abEnfants fant\u00f4mes\u00bb : un vrai d\u00e9sastre\u2009!"}]},{"@type":"WebSite","@id":"https:\/\/eauzenfants.fr\/#website","url":"https:\/\/eauzenfants.fr\/","name":"Eau Z'Enfants","description":"","publisher":{"@id":"https:\/\/eauzenfants.fr\/#organization"},"potentialAction":[{"@type":"SearchAction","target":{"@type":"EntryPoint","urlTemplate":"https:\/\/eauzenfants.fr\/?s={search_term_string}"},"query-input":{"@type":"PropertyValueSpecification","valueRequired":true,"valueName":"search_term_string"}}],"inLanguage":"en-US"},{"@type":"Organization","@id":"https:\/\/eauzenfants.fr\/#organization","name":"Eau Z'Enfants","url":"https:\/\/eauzenfants.fr\/","logo":{"@type":"ImageObject","inLanguage":"en-US","@id":"https:\/\/eauzenfants.fr\/#\/schema\/logo\/image\/","url":"https:\/\/www.eauzenfants.fr\/wp-content\/uploads\/2020\/04\/logo-croped.png","contentUrl":"https:\/\/www.eauzenfants.fr\/wp-content\/uploads\/2020\/04\/logo-croped.png","width":363,"height":384,"caption":"Eau Z'Enfants"},"image":{"@id":"https:\/\/eauzenfants.fr\/#\/schema\/logo\/image\/"},"sameAs":["https:\/\/www.facebook.com\/EAUZENFANTS\/","https:\/\/www.instagram.com\/eau_z_enfants","https:\/\/www.linkedin.com\/company\/eau-z-enfants"]},{"@type":"Person","@id":"https:\/\/eauzenfants.fr\/#\/schema\/person\/802e441ffa67074be06250a25e683b50","name":"Rabia Manceau","image":{"@type":"ImageObject","inLanguage":"en-US","@id":"https:\/\/secure.gravatar.com\/avatar\/b33fdeca464cb3f73d395c6fbfcfc1018d280dcfb1b48c78cab9625d9861b974?s=96&d=mm&r=g","url":"https:\/\/secure.gravatar.com\/avatar\/b33fdeca464cb3f73d395c6fbfcfc1018d280dcfb1b48c78cab9625d9861b974?s=96&d=mm&r=g","contentUrl":"https:\/\/secure.gravatar.com\/avatar\/b33fdeca464cb3f73d395c6fbfcfc1018d280dcfb1b48c78cab9625d9861b974?s=96&d=mm&r=g","caption":"Rabia Manceau"},"url":"http:\/\/eauzenfants.fr\/en\/author\/rabia_eze\/"}]}},"_links":{"self":[{"href":"http:\/\/eauzenfants.fr\/en\/wp-json\/wp\/v2\/posts\/6021","targetHints":{"allow":["GET"]}}],"collection":[{"href":"http:\/\/eauzenfants.fr\/en\/wp-json\/wp\/v2\/posts"}],"about":[{"href":"http:\/\/eauzenfants.fr\/en\/wp-json\/wp\/v2\/types\/post"}],"author":[{"embeddable":true,"href":"http:\/\/eauzenfants.fr\/en\/wp-json\/wp\/v2\/users\/10"}],"replies":[{"embeddable":true,"href":"http:\/\/eauzenfants.fr\/en\/wp-json\/wp\/v2\/comments?post=6021"}],"version-history":[{"count":0,"href":"http:\/\/eauzenfants.fr\/en\/wp-json\/wp\/v2\/posts\/6021\/revisions"}],"wp:featuredmedia":[{"embeddable":true,"href":"http:\/\/eauzenfants.fr\/en\/wp-json\/wp\/v2\/media\/6212"}],"wp:attachment":[{"href":"http:\/\/eauzenfants.fr\/en\/wp-json\/wp\/v2\/media?parent=6021"}],"wp:term":[{"taxonomy":"category","embeddable":true,"href":"http:\/\/eauzenfants.fr\/en\/wp-json\/wp\/v2\/categories?post=6021"},{"taxonomy":"post_tag","embeddable":true,"href":"http:\/\/eauzenfants.fr\/en\/wp-json\/wp\/v2\/tags?post=6021"}],"curies":[{"name":"wp","href":"https:\/\/api.w.org\/{rel}","templated":true}]}}