{"id":8964,"date":"2024-07-03T22:41:00","date_gmt":"2024-07-03T20:41:00","guid":{"rendered":"https:\/\/www.eauzenfants.fr\/?p=8964"},"modified":"2025-03-02T22:42:20","modified_gmt":"2025-03-02T21:42:20","slug":"eau-zenfants-5-ans-dengagement-et-dimpact-pour-lacces-a-leau-potable-en-afrique","status":"publish","type":"post","link":"http:\/\/eauzenfants.fr\/en\/2024\/07\/03\/eau-zenfants-5-ans-dengagement-et-dimpact-pour-lacces-a-leau-potable-en-afrique\/","title":{"rendered":"Eau Z\u2019Enfants : 5 ans d\u2019engagement et d\u2019impact pour l\u2019acc\u00e8s \u00e0 l\u2019eau potable en Afrique"},"content":{"rendered":"<div data-elementor-type=\"wp-post\" data-elementor-id=\"8964\" class=\"elementor elementor-8964\">\n\t\t\t\t<div class=\"has_eae_slider elementor-element elementor-element-6c099cc e-flex e-con-boxed e-con e-parent\" data-eae-slider=\"81617\" data-id=\"6c099cc\" data-element_type=\"container\" data-e-type=\"container\">\n\t\t\t\t\t<div class=\"e-con-inner\">\n\t\t\t\t<div class=\"elementor-element elementor-element-0cde594 elementor-widget elementor-widget-text-editor\" data-id=\"0cde594\" data-element_type=\"widget\" data-e-type=\"widget\" data-widget_type=\"text-editor.default\">\n\t\t\t\t\t\t\t\t\t<p dir=\"ltr\"><span style=\"font-weight: 400;\">L&rsquo;association Eau Z&rsquo;Enfants c\u00e9l\u00e8bre en ce 4 juillet 2024 ses 5 ann\u00e9es d&rsquo;existence et d&rsquo;actions concr\u00e8tes en faveur des populations les plus d\u00e9munies au Togo et en Guin\u00e9e. Fond\u00e9e en 2019, notre association a pour mission de rendre l&rsquo;eau potable accessible dans ces pays d&rsquo;Afrique subsaharienne, tout en \u0153uvrant pour l&rsquo;\u00e9ducation et le bien-\u00eatre des enfants. Retour sur le parcours de cette association et ses r\u00e9alisations marquantes.<\/span><\/p>\t\t\t\t\t\t\t\t<\/div>\n\t\t\t\t\t<\/div>\n\t\t\t\t<\/div>\n\t\t<div class=\"has_eae_slider elementor-element elementor-element-dfe821b e-flex e-con-boxed e-con e-parent\" data-eae-slider=\"79642\" data-id=\"dfe821b\" data-element_type=\"container\" data-e-type=\"container\">\n\t\t\t\t\t<div class=\"e-con-inner\">\n\t\t\t\t<div class=\"elementor-element elementor-element-0ee0c1b elementor-widget elementor-widget-heading\" data-id=\"0ee0c1b\" data-element_type=\"widget\" data-e-type=\"widget\" data-widget_type=\"heading.default\">\n\t\t\t\t\t<h2 class=\"elementor-heading-title elementor-size-default\">La gen\u00e8se d'Eau Z'Enfants : une volont\u00e9 d'agir concr\u00e8tement<\/h2>\t\t\t\t<\/div>\n\t\t\t\t<div class=\"elementor-element elementor-element-cac6918 elementor-widget elementor-widget-text-editor\" data-id=\"cac6918\" data-element_type=\"widget\" data-e-type=\"widget\" data-widget_type=\"text-editor.default\">\n\t\t\t\t\t\t\t\t\t<p><span style=\"font-weight: 400;\">Eau Z&rsquo;Enfants est n\u00e9e en 2019 de la volont\u00e9 d&rsquo;agir concr\u00e8tement pour am\u00e9liorer les conditions de vie des populations vuln\u00e9rables en Afrique subsaharienne. Touch\u00e9e par les probl\u00e9matiques d&rsquo;acc\u00e8s \u00e0 l&rsquo;eau et \u00e0 l&rsquo;\u00e9ducation, sa fondatrice Sabrina Bouamama a d\u00e9cid\u00e9 de cr\u00e9er cette association pour apporter <\/span><b>des solutions durables<\/b><span style=\"font-weight: 400;\"> et donner aux enfants<\/span><b> les moyens de construire leur avenir<\/b><span style=\"font-weight: 400;\">. C\u2019est \u00e0 la suite d\u2019un voyage humanitaire en Guin\u00e9e en tant que b\u00e9n\u00e9vole que Sabrina a pris pleinement conscience des probl\u00e9matiques de ce pays. Elle organise cette m\u00eame ann\u00e9e sa premi\u00e8re campagne de collecte et distribution de denr\u00e9es alimentaires pour aider des centaines de familles d\u00e9munies et 2 orphelinats en Guin\u00e9e.<\/span><\/p><p><span style=\"font-weight: 400;\">Enrichie par cette \u00e9mouvante exp\u00e9rience, Sabrina fonde l&rsquo;association Eau Z&rsquo;enfants le 4 juillet 2019. Afin de r\u00e9aliser ses objectifs, tout en respectant les engagements et valeurs de l&rsquo;association, elle concentre son aide humanitaire exclusivement sur le Togo et la Guin\u00e9e.<\/span><\/p><p><span style=\"font-weight: 400;\">Depuis sa cr\u00e9ation, Eau Z&rsquo;Enfants intervient dans ces deux pays \u00e0 travers 4 grands axes :\u00a0<\/span><\/p><ul><li style=\"font-weight: 400;\"><span style=\"font-weight: 400;\">l&rsquo;acc\u00e8s \u00e0 l&rsquo;eau potable,\u00a0<\/span><\/li><li style=\"font-weight: 400;\"><span style=\"font-weight: 400;\">l&rsquo;\u00e9ducation,<\/span><\/li><li style=\"font-weight: 400;\"><span style=\"font-weight: 400;\">le parrainage d&rsquo;enfants\u00a0<\/span><\/li><li style=\"font-weight: 400;\"><span style=\"font-weight: 400;\">l&rsquo;am\u00e9lioration globale des conditions de vie.<\/span><\/li><\/ul><p>Eau Z\u2019enfants ne serait rien sans l\u2019engagement de ses plus de 60 b\u00e9n\u00e9voles et de ses milliers de donateurs engag\u00e9s \u00e0 ses c\u00f4t\u00e9s pour assurer un impact maximal sur le terrain.<\/p>\t\t\t\t\t\t\t\t<\/div>\n\t\t\t\t<div class=\"elementor-element elementor-element-886a776 elementor-view-default elementor-position-block-start elementor-mobile-position-block-start elementor-widget elementor-widget-icon-box\" data-id=\"886a776\" data-element_type=\"widget\" data-e-type=\"widget\" data-widget_type=\"icon-box.default\">\n\t\t\t\t\t\t\t<div class=\"elementor-icon-box-wrapper\">\n\n\t\t\t\t\t\t<div class=\"elementor-icon-box-icon\">\n\t\t\t\t<span  class=\"elementor-icon\">\n\t\t\t\t<svg aria-hidden=\"true\" class=\"e-font-icon-svg e-fas-quote-left\" viewbox=\"0 0 512 512\" xmlns=\"http:\/\/www.w3.org\/2000\/svg\"><path d=\"M464 256h-80v-64c0-35.3 28.7-64 64-64h8c13.3 0 24-10.7 24-24V56c0-13.3-10.7-24-24-24h-8c-88.4 0-160 71.6-160 160v240c0 26.5 21.5 48 48 48h128c26.5 0 48-21.5 48-48V304c0-26.5-21.5-48-48-48zm-288 0H96v-64c0-35.3 28.7-64 64-64h8c13.3 0 24-10.7 24-24V56c0-13.3-10.7-24-24-24h-8C71.6 32 0 103.6 0 192v240c0 26.5 21.5 48 48 48h128c26.5 0 48-21.5 48-48V304c0-26.5-21.5-48-48-48z\"><\/path><\/svg>\t\t\t\t<\/span>\n\t\t\t<\/div>\n\t\t\t\n\t\t\t\n\t\t<\/div>\n\t\t\t\t\t\t<\/div>\n\t\t<div class=\"has_eae_slider elementor-element elementor-element-7e65de8 e-con-full e-flex e-con e-child\" data-eae-slider=\"77537\" data-id=\"7e65de8\" data-element_type=\"container\" data-e-type=\"container\">\n\t\t\t\t<div class=\"elementor-element elementor-element-28009ec elementor-widget elementor-widget-text-editor\" data-id=\"28009ec\" data-element_type=\"widget\" data-e-type=\"widget\" data-widget_type=\"text-editor.default\">\n\t\t\t\t\t\t\t\t\t<p>\u201cJ\u2019ai d\u00e9cid\u00e9 de devenir b\u00e9n\u00e9vole pour l&rsquo;association Eau Z&rsquo;Enfants car contribuer \u00e0 un changement concret dans la vie des enfants et des villages d\u00e9munis \u00e0 travers des projets durables me tient \u00e9norm\u00e9ment \u00e0 c\u0153ur. J\u2019appr\u00e9cie deux choses en particulier, tout d\u2019abord l&rsquo;engagement et le travail en \u00e9quipe de tous les membres EZE pour chaque projet. Et les r\u00e9sultats sur le terrain : avoir les retours des b\u00e9n\u00e9ficiaires, leurs sourires et joie n\u2019a pas de prix, c\u2019est extr\u00eamement gratifiant.\u201d<\/p><p>\u00a0<\/p><p><strong>Francisca Ferreira Morgado,<\/strong><\/p><p><strong> B\u00e9n\u00e9vole\u00a0<\/strong><\/p>\t\t\t\t\t\t\t\t<\/div>\n\t\t\t\t<div class=\"elementor-element elementor-element-e309096 elementor-view-default elementor-position-block-start elementor-mobile-position-block-start elementor-widget elementor-widget-icon-box\" data-id=\"e309096\" data-element_type=\"widget\" data-e-type=\"widget\" data-widget_type=\"icon-box.default\">\n\t\t\t\t\t\t\t<div class=\"elementor-icon-box-wrapper\">\n\n\t\t\t\t\t\t<div class=\"elementor-icon-box-icon\">\n\t\t\t\t<span  class=\"elementor-icon\">\n\t\t\t\t<svg aria-hidden=\"true\" class=\"e-font-icon-svg e-fas-quote-right\" viewbox=\"0 0 512 512\" xmlns=\"http:\/\/www.w3.org\/2000\/svg\"><path d=\"M464 32H336c-26.5 0-48 21.5-48 48v128c0 26.5 21.5 48 48 48h80v64c0 35.3-28.7 64-64 64h-8c-13.3 0-24 10.7-24 24v48c0 13.3 10.7 24 24 24h8c88.4 0 160-71.6 160-160V80c0-26.5-21.5-48-48-48zm-288 0H48C21.5 32 0 53.5 0 80v128c0 26.5 21.5 48 48 48h80v64c0 35.3-28.7 64-64 64h-8c-13.3 0-24 10.7-24 24v48c0 13.3 10.7 24 24 24h8c88.4 0 160-71.6 160-160V80c0-26.5-21.5-48-48-48z\"><\/path><\/svg>\t\t\t\t<\/span>\n\t\t\t<\/div>\n\t\t\t\n\t\t\t\n\t\t<\/div>\n\t\t\t\t\t\t<\/div>\n\t\t\t\t<\/div>\n\t\t\t\t<div class=\"elementor-element elementor-element-ac75251 elementor-align-center elementor-widget elementor-widget-button\" data-id=\"ac75251\" data-element_type=\"widget\" data-e-type=\"widget\" data-widget_type=\"button.default\">\n\t\t\t\t\t\t\t\t\t\t<a class=\"elementor-button elementor-button-link elementor-size-sm\" href=\"http:\/\/eauzenfants.fr\/en\/adherer\/\">\n\t\t\t\t\t\t<span class=\"elementor-button-content-wrapper\">\n\t\t\t\t\t\t\t\t\t<span class=\"elementor-button-text\">Support us<\/span>\n\t\t\t\t\t<\/span>\n\t\t\t\t\t<\/a>\n\t\t\t\t\t\t\t\t<\/div>\n\t\t\t\t\t<\/div>\n\t\t\t\t<\/div>\n\t\t<div class=\"has_eae_slider elementor-element elementor-element-ef6fe9b e-flex e-con-boxed e-con e-parent\" data-eae-slider=\"60351\" data-id=\"ef6fe9b\" data-element_type=\"container\" data-e-type=\"container\">\n\t\t\t\t\t<div class=\"e-con-inner\">\n\t\t\t\t<div class=\"elementor-element elementor-element-4933c27 elementor-widget elementor-widget-heading\" data-id=\"4933c27\" data-element_type=\"widget\" data-e-type=\"widget\" data-widget_type=\"heading.default\">\n\t\t\t\t\t<h2 class=\"elementor-heading-title elementor-size-default\">Des r\u00e9alisations concr\u00e8tes et un impact mesurable<\/h2>\t\t\t\t<\/div>\n\t\t\t\t<div class=\"elementor-element elementor-element-59bebbf elementor-widget elementor-widget-text-editor\" data-id=\"59bebbf\" data-element_type=\"widget\" data-e-type=\"widget\" data-widget_type=\"text-editor.default\">\n\t\t\t\t\t\t\t\t\t<p dir=\"ltr\" style=\"line-height: 1.38; text-align: justify; margin-top: 0pt; margin-bottom: 0pt;\"><span style=\"font-weight: 400;\">En 5 ans, Eau Z&rsquo;Enfants a su transformer sa mission en actions concr\u00e8tes, avec des r\u00e9sultats significatifs.<\/span><\/p><p dir=\"ltr\" style=\"line-height: 1.38; text-align: justify; margin-top: 0pt; margin-bottom: 0pt;\"><span style=\"font-weight: 400;\">L&rsquo;association a notamment :<\/span><\/p><ul><li style=\"font-weight: 400;\"><span style=\"font-weight: 400;\">Install\u00e9 102 forages au Togo et en Guin\u00e9e, donnant acc\u00e8s \u00e0 l&rsquo;eau potable \u00e0 plus de 37000 personnes, dont pr\u00e8s de 11 000 enfants<\/span><\/li><li style=\"font-weight: 400;\"><span style=\"font-weight: 400;\">Construit 3 \u00e9coles accueillant plus de 500 \u00e9l\u00e8ves dans de bonnes conditions<\/span><\/li><li style=\"font-weight: 400;\"><span style=\"font-weight: 400;\">Plant\u00e9 400 arbres fruitiers et install\u00e9 7 panneaux solaires dans les \u00e9coles<\/span><\/li><li style=\"font-weight: 400;\"><span style=\"font-weight: 400;\">Mis en place 83 parrainages pour soutenir 78 enfants d\u00e9favoris\u00e9s dans 2 orphelinats et 5 familles<\/span><\/li><li style=\"font-weight: 400;\"><span style=\"font-weight: 400;\">Cr\u00e9\u00e9 4 salles informatiques pour former les jeunes aux outils num\u00e9riques<\/span><\/li><li style=\"font-weight: 400;\"><span style=\"font-weight: 400;\">D\u00e9velopp\u00e9 4 activit\u00e9s g\u00e9n\u00e9ratrices de revenus pour p\u00e9renniser les actions<\/span><\/li><li><span style=\"font-weight: 400;\">Distribu\u00e9 plus de 700 colis alimentaires <\/span><\/li><\/ul>\t\t\t\t\t\t\t\t<\/div>\n\t\t<div class=\"has_eae_slider elementor-element elementor-element-d1c3a12 e-con-full e-flex e-con e-child\" data-eae-slider=\"54069\" data-id=\"d1c3a12\" data-element_type=\"container\" data-e-type=\"container\">\n\t\t<div class=\"has_eae_slider elementor-element elementor-element-2d4a156 e-con-full e-flex e-con e-child\" data-eae-slider=\"23381\" data-id=\"2d4a156\" data-element_type=\"container\" data-e-type=\"container\">\n\t\t\t\t<div class=\"elementor-element elementor-element-8ad932e elementor-widget elementor-widget-image\" data-id=\"8ad932e\" data-element_type=\"widget\" data-e-type=\"widget\" data-widget_type=\"image.default\">\n\t\t\t\t\t\t\t\t\t\t\t\t\t\t\t<img decoding=\"async\" src=\"https:\/\/eauzenfants.fr\/wp-content\/uploads\/elementor\/thumbs\/IMG_6251-1-1-scaled-1-r2aaxrvsxxjj1mrkhcn13yxds97gl4vqjj3lr31kkw.jpg\" title=\"IMG_6251-1-1-scaled\" alt=\"IMG_6251-1-1-scaled\" loading=\"lazy\" \/>\t\t\t\t\t\t\t\t\t\t\t\t\t\t\t<\/div>\n\t\t\t\t<\/div>\n\t\t<div class=\"has_eae_slider elementor-element elementor-element-6641678 e-con-full e-flex e-con e-child\" data-eae-slider=\"35554\" data-id=\"6641678\" data-element_type=\"container\" data-e-type=\"container\">\n\t\t\t\t<div class=\"elementor-element elementor-element-9048213 elementor-widget elementor-widget-image\" data-id=\"9048213\" data-element_type=\"widget\" data-e-type=\"widget\" data-widget_type=\"image.default\">\n\t\t\t\t\t\t\t\t\t\t\t\t\t\t\t<img decoding=\"async\" src=\"https:\/\/eauzenfants.fr\/wp-content\/uploads\/elementor\/thumbs\/MaterielScolaireEZ-1-r2aaxtrhblltgk0p0c41zejas3q3dl3lx1nnp5papo.png\" title=\"MaterielScolaireEZ-1\" alt=\"MaterielScolaireEZ-1\" loading=\"lazy\" \/>\t\t\t\t\t\t\t\t\t\t\t\t\t\t\t<\/div>\n\t\t\t\t<\/div>\n\t\t\t\t<\/div>\n\t\t\t\t<div class=\"elementor-element elementor-element-f5f5335 elementor-widget elementor-widget-text-editor\" data-id=\"f5f5335\" data-element_type=\"widget\" data-e-type=\"widget\" data-widget_type=\"text-editor.default\">\n\t\t\t\t\t\t\t\t\t<p><span style=\"font-weight: 400;\">Des r\u00e9alisations qui changent concr\u00e8tement la vie de milliers de personnes, et particuli\u00e8rement des enfants, en leur donnant acc\u00e8s \u00e0 des ressources essentielles pour leur d\u00e9veloppement et leur avenir telles que la distribution de mat\u00e9riel scolaire et uniformes.<\/span><\/p>\t\t\t\t\t\t\t\t<\/div>\n\t\t\t\t<div class=\"elementor-element elementor-element-3b6f76d elementor-view-default elementor-position-block-start elementor-mobile-position-block-start elementor-widget elementor-widget-icon-box\" data-id=\"3b6f76d\" data-element_type=\"widget\" data-e-type=\"widget\" data-widget_type=\"icon-box.default\">\n\t\t\t\t\t\t\t<div class=\"elementor-icon-box-wrapper\">\n\n\t\t\t\t\t\t<div class=\"elementor-icon-box-icon\">\n\t\t\t\t<span  class=\"elementor-icon\">\n\t\t\t\t<svg aria-hidden=\"true\" class=\"e-font-icon-svg e-fas-quote-left\" viewbox=\"0 0 512 512\" xmlns=\"http:\/\/www.w3.org\/2000\/svg\"><path d=\"M464 256h-80v-64c0-35.3 28.7-64 64-64h8c13.3 0 24-10.7 24-24V56c0-13.3-10.7-24-24-24h-8c-88.4 0-160 71.6-160 160v240c0 26.5 21.5 48 48 48h128c26.5 0 48-21.5 48-48V304c0-26.5-21.5-48-48-48zm-288 0H96v-64c0-35.3 28.7-64 64-64h8c13.3 0 24-10.7 24-24V56c0-13.3-10.7-24-24-24h-8C71.6 32 0 103.6 0 192v240c0 26.5 21.5 48 48 48h128c26.5 0 48-21.5 48-48V304c0-26.5-21.5-48-48-48z\"><\/path><\/svg>\t\t\t\t<\/span>\n\t\t\t<\/div>\n\t\t\t\n\t\t\t\n\t\t<\/div>\n\t\t\t\t\t\t<\/div>\n\t\t<div class=\"has_eae_slider elementor-element elementor-element-ac9a617 e-con-full e-flex e-con e-child\" data-eae-slider=\"39014\" data-id=\"ac9a617\" data-element_type=\"container\" data-e-type=\"container\">\n\t\t\t\t<div class=\"elementor-element elementor-element-ff9d554 elementor-widget elementor-widget-text-editor\" data-id=\"ff9d554\" data-element_type=\"widget\" data-e-type=\"widget\" data-widget_type=\"text-editor.default\">\n\t\t\t\t\t\t\t\t\t<p>\u201cJ&rsquo;ai choisi de rejoindre l&rsquo;association Eau Z&rsquo;enfants d\u00e8s sa cr\u00e9ation car j&rsquo;adh\u00e8re \u00e0 leurs valeurs et suis sensible \u00e0 leur cause notamment l&rsquo;\u00e9ducation des enfants, orphelins et la construction de forages.De plus, j&rsquo;appr\u00e9cie leur transparence et toutes les preuves en vid\u00e9os. J&rsquo;\u00e9tais simplement abonn\u00e9e et donatrice et c&rsquo;est tout naturellement que j&rsquo;ai voulu devenir marraine d&rsquo;enfant et ensuite \u00eatre ambassadrice partenaire lorsque j&rsquo;ai lanc\u00e9 mon projet afin de mettre en lumi\u00e8re les actions men\u00e9es par Eau Z&rsquo;enfants et r\u00e9colter des dons.\u201d<\/p><p><strong>Ambassadrice <\/strong><\/p>\t\t\t\t\t\t\t\t<\/div>\n\t\t\t\t<div class=\"elementor-element elementor-element-949f7f8 elementor-view-default elementor-position-block-start elementor-mobile-position-block-start elementor-widget elementor-widget-icon-box\" data-id=\"949f7f8\" data-element_type=\"widget\" data-e-type=\"widget\" data-widget_type=\"icon-box.default\">\n\t\t\t\t\t\t\t<div class=\"elementor-icon-box-wrapper\">\n\n\t\t\t\t\t\t<div class=\"elementor-icon-box-icon\">\n\t\t\t\t<span  class=\"elementor-icon\">\n\t\t\t\t<svg aria-hidden=\"true\" class=\"e-font-icon-svg e-fas-quote-right\" viewbox=\"0 0 512 512\" xmlns=\"http:\/\/www.w3.org\/2000\/svg\"><path d=\"M464 32H336c-26.5 0-48 21.5-48 48v128c0 26.5 21.5 48 48 48h80v64c0 35.3-28.7 64-64 64h-8c-13.3 0-24 10.7-24 24v48c0 13.3 10.7 24 24 24h8c88.4 0 160-71.6 160-160V80c0-26.5-21.5-48-48-48zm-288 0H48C21.5 32 0 53.5 0 80v128c0 26.5 21.5 48 48 48h80v64c0 35.3-28.7 64-64 64h-8c-13.3 0-24 10.7-24 24v48c0 13.3 10.7 24 24 24h8c88.4 0 160-71.6 160-160V80c0-26.5-21.5-48-48-48z\"><\/path><\/svg>\t\t\t\t<\/span>\n\t\t\t<\/div>\n\t\t\t\n\t\t\t\n\t\t<\/div>\n\t\t\t\t\t\t<\/div>\n\t\t\t\t<\/div>\n\t\t\t\t<div class=\"elementor-element elementor-element-b6a169f elementor-widget elementor-widget-text-editor\" data-id=\"b6a169f\" data-element_type=\"widget\" data-e-type=\"widget\" data-widget_type=\"text-editor.default\">\n\t\t\t\t\t\t\t\t\t<p><span style=\"font-weight: 400;\">L\u2019acc\u00e8s \u00e0 l\u2019eau potable va bien au-del\u00e0 de l\u2019hygi\u00e8ne et de la sant\u00e9. Il permet de lib\u00e9rer les enfants de leurs t\u00e2ches difficiles de collecte de l\u2019eau. Auparavant, ils devaient marcher des dizaines de kilom\u00e8tres pour acc\u00e9der \u00e0 des puits pour collecter une eau souvent insalubre.<\/span><\/p><p><b>D\u00e9sormais, ils peuvent\u00a0 vivre pleinement leur vie d\u2019enfant et suivre sans entrave leur scolarit\u00e9.<\/b><\/p><p><span style=\"font-weight: 400;\">Pour les femmes, c\u2019est aussi la possibilit\u00e9 de mener une activit\u00e9 professionnelle et de subvenir elles aussi aux besoins de leur famille. Dans notre dernier article sur <span style=\"text-decoration: underline;\"><span style=\"color: #0000ff; text-decoration: underline;\">l<\/span><\/span><\/span><span style=\"text-decoration: underline;\"><span style=\"color: #0000ff; text-decoration: underline;\"><a style=\"color: #0000ff; text-decoration: underline;\" href=\"http:\/\/eauzenfants.fr\/en\/2024\/04\/11\/journee-internationale-des-droits-de-la-femme-quelles-initiatives-au-togo-et-en-guinee\/\"><span style=\"font-weight: 400;\">a journ\u00e9e internationale des droits de la femme<\/span><\/a><\/span><\/span><span style=\"font-weight: 400;\">, nous avions pu \u00e9voquer <\/span><b>le parcours de cette m\u00e8re de famille<\/b><span style=\"font-weight: 400;\"> qui soutenue par l\u2019association a pu ouvrir un petit commerce de c\u00e9r\u00e9ales.<\/span><\/p>\t\t\t\t\t\t\t\t<\/div>\n\t\t\t\t<div class=\"elementor-element elementor-element-7a287b8 elementor-align-center elementor-widget elementor-widget-button\" data-id=\"7a287b8\" data-element_type=\"widget\" data-e-type=\"widget\" data-widget_type=\"button.default\">\n\t\t\t\t\t\t\t\t\t\t<a class=\"elementor-button elementor-button-link elementor-size-sm\" href=\"https:\/\/dons.eauzenfants.fr\/dons-general\/~mon-don\">\n\t\t\t\t\t\t<span class=\"elementor-button-content-wrapper\">\n\t\t\t\t\t\t\t\t\t<span class=\"elementor-button-text\">C\u00e9l\u00e9brez avec nous les 5 ans<\/span>\n\t\t\t\t\t<\/span>\n\t\t\t\t\t<\/a>\n\t\t\t\t\t\t\t\t<\/div>\n\t\t\t\t\t<\/div>\n\t\t\t\t<\/div>\n\t\t<div class=\"has_eae_slider elementor-element elementor-element-911909a e-flex e-con-boxed e-con e-parent\" data-eae-slider=\"19709\" data-id=\"911909a\" data-element_type=\"container\" data-e-type=\"container\">\n\t\t\t\t\t<div class=\"e-con-inner\">\n\t\t\t\t<div class=\"elementor-element elementor-element-01d8595 elementor-widget elementor-widget-heading\" data-id=\"01d8595\" data-element_type=\"widget\" data-e-type=\"widget\" data-widget_type=\"heading.default\">\n\t\t\t\t\t<h2 class=\"elementor-heading-title elementor-size-default\">Une association qui ne compte pas s'arr\u00eater l\u00e0<\/h2>\t\t\t\t<\/div>\n\t\t\t\t<div class=\"elementor-element elementor-element-843ed5a elementor-widget elementor-widget-text-editor\" data-id=\"843ed5a\" data-element_type=\"widget\" data-e-type=\"widget\" data-widget_type=\"text-editor.default\">\n\t\t\t\t\t\t\t\t\t<p><span style=\"font-weight: 400;\">Malgr\u00e9 ces r\u00e9sultats encourageants, l&rsquo;\u00e9quipe d&rsquo;Eau Z&rsquo;Enfants est consciente que beaucoup reste \u00e0 faire. <\/span><b>Avec encore 40% de la population sans acc\u00e8s \u00e0 l&rsquo;eau potable<\/b><span style=\"font-weight: 400;\"> au Togo et en Guin\u00e9e, l&rsquo;association compte bien poursuivre et amplifier son action.<\/span><\/p><p><span style=\"font-weight: 400;\">Parmi les projets en cours, le \u00ab\u00a0<\/span><a href=\"https:\/\/www.eauzenfants.fr\/en\/57-forages-pour-57-ecoles\/\"><b><span style=\"text-decoration: underline;\"><span style=\"color: #0000ff; text-decoration: underline;\">Offrons l\u2019eau \u00e0 57 \u00e9coles<\/span><\/span><\/b><\/a><span style=\"font-weight: 400;\">\u00a0\u00bb vise \u00e0 installer 57 nouveaux points d&rsquo;eau dans des \u00e9coles au Togo, pour permettre \u00e0 plus de 10 000 \u00e9l\u00e8ves d&rsquo;\u00e9tudier dans de meilleures conditions. Une nouvelle \u00e9cole primaire est \u00e9galement en construction pour accueillir 122 \u00e9l\u00e8ves suppl\u00e9mentaires. Des d\u00e9fis ambitieux qu&rsquo;Eau Z&rsquo;Enfants entend relever gr\u00e2ce au soutien de ses donateurs, partenaires et b\u00e9n\u00e9voles toujours plus nombreux.<\/span><\/p>\t\t\t\t\t\t\t\t<\/div>\n\t\t\t\t<div class=\"elementor-element elementor-element-13c5723 elementor-widget elementor-widget-image\" data-id=\"13c5723\" data-element_type=\"widget\" data-e-type=\"widget\" data-widget_type=\"image.default\">\n\t\t\t\t\t\t\t\t\t\t\t\t\t\t\t<img fetchpriority=\"high\" decoding=\"async\" width=\"800\" height=\"448\" src=\"https:\/\/eauzenfants.fr\/wp-content\/uploads\/2025\/03\/Forage5ans-1-1024x573.png\" class=\"attachment-large size-large wp-image-8973\" alt=\"\" srcset=\"https:\/\/eauzenfants.fr\/wp-content\/uploads\/2025\/03\/Forage5ans-1-1024x573.png 1024w, https:\/\/eauzenfants.fr\/wp-content\/uploads\/2025\/03\/Forage5ans-1-300x168.png 300w, https:\/\/eauzenfants.fr\/wp-content\/uploads\/2025\/03\/Forage5ans-1-768x430.png 768w, https:\/\/eauzenfants.fr\/wp-content\/uploads\/2025\/03\/Forage5ans-1.png 1219w\" sizes=\"(max-width: 800px) 100vw, 800px\" \/>\t\t\t\t\t\t\t\t\t\t\t\t\t\t\t<\/div>\n\t\t\t\t<div class=\"elementor-element elementor-element-c49cbce elementor-view-default elementor-position-block-start elementor-mobile-position-block-start elementor-widget elementor-widget-icon-box\" data-id=\"c49cbce\" data-element_type=\"widget\" data-e-type=\"widget\" data-widget_type=\"icon-box.default\">\n\t\t\t\t\t\t\t<div class=\"elementor-icon-box-wrapper\">\n\n\t\t\t\t\t\t<div class=\"elementor-icon-box-icon\">\n\t\t\t\t<span  class=\"elementor-icon\">\n\t\t\t\t<svg aria-hidden=\"true\" class=\"e-font-icon-svg e-fas-quote-left\" viewbox=\"0 0 512 512\" xmlns=\"http:\/\/www.w3.org\/2000\/svg\"><path d=\"M464 256h-80v-64c0-35.3 28.7-64 64-64h8c13.3 0 24-10.7 24-24V56c0-13.3-10.7-24-24-24h-8c-88.4 0-160 71.6-160 160v240c0 26.5 21.5 48 48 48h128c26.5 0 48-21.5 48-48V304c0-26.5-21.5-48-48-48zm-288 0H96v-64c0-35.3 28.7-64 64-64h8c13.3 0 24-10.7 24-24V56c0-13.3-10.7-24-24-24h-8C71.6 32 0 103.6 0 192v240c0 26.5 21.5 48 48 48h128c26.5 0 48-21.5 48-48V304c0-26.5-21.5-48-48-48z\"><\/path><\/svg>\t\t\t\t<\/span>\n\t\t\t<\/div>\n\t\t\t\n\t\t\t\n\t\t<\/div>\n\t\t\t\t\t\t<\/div>\n\t\t<div class=\"has_eae_slider elementor-element elementor-element-7eb10ec e-con-full e-flex e-con e-child\" data-eae-slider=\"85439\" data-id=\"7eb10ec\" data-element_type=\"container\" data-e-type=\"container\">\n\t\t\t\t<div class=\"elementor-element elementor-element-c90254a elementor-widget elementor-widget-text-editor\" data-id=\"c90254a\" data-element_type=\"widget\" data-e-type=\"widget\" data-widget_type=\"text-editor.default\">\n\t\t\t\t\t\t\t\t\t<p>Avant de faire le don, j&rsquo;ai beaucoup r\u00e9fl\u00e9chi au montant. Je me disais que payer la totalit\u00e9 d&rsquo;un forage c&rsquo;est beaucoup d&rsquo;argent mais au final c&rsquo;est l&rsquo;argent le mieux investi de toute ma vie ! J&rsquo;ai fait un don anonyme pour rester humble et ne pas y penser mais quand j&rsquo;ai re\u00e7u la vid\u00e9o du forage, j&rsquo;ai ressenti une telle joie que je n&rsquo;ai pas pu retenir mes larmes. L&rsquo;eau qui jaillit et le bonheur des villageois ont fait bondir mon c\u0153ur. Je prie pour pouvoir aider plus et je prie pour que l&rsquo;humanit\u00e9 soit plus solidaire. Je viens de me servir machinalement un caf\u00e9 et je me rends compte du privil\u00e8ge que c&rsquo;est d&rsquo;avoir l&rsquo;eau courante. Merci \u00e0 tous ceux qui contribuent \u00e0 ce magnifique projet. Merci Eau Z\u2019Enfants !<\/p><p><strong>Rachida,<\/strong><\/p><p><strong>Donatrice<\/strong><\/p>\t\t\t\t\t\t\t\t<\/div>\n\t\t\t\t<div class=\"elementor-element elementor-element-a176a02 elementor-view-default elementor-position-block-start elementor-mobile-position-block-start elementor-widget elementor-widget-icon-box\" data-id=\"a176a02\" data-element_type=\"widget\" data-e-type=\"widget\" data-widget_type=\"icon-box.default\">\n\t\t\t\t\t\t\t<div class=\"elementor-icon-box-wrapper\">\n\n\t\t\t\t\t\t<div class=\"elementor-icon-box-icon\">\n\t\t\t\t<span  class=\"elementor-icon\">\n\t\t\t\t<svg aria-hidden=\"true\" class=\"e-font-icon-svg e-fas-quote-right\" viewbox=\"0 0 512 512\" xmlns=\"http:\/\/www.w3.org\/2000\/svg\"><path d=\"M464 32H336c-26.5 0-48 21.5-48 48v128c0 26.5 21.5 48 48 48h80v64c0 35.3-28.7 64-64 64h-8c-13.3 0-24 10.7-24 24v48c0 13.3 10.7 24 24 24h8c88.4 0 160-71.6 160-160V80c0-26.5-21.5-48-48-48zm-288 0H48C21.5 32 0 53.5 0 80v128c0 26.5 21.5 48 48 48h80v64c0 35.3-28.7 64-64 64h-8c-13.3 0-24 10.7-24 24v48c0 13.3 10.7 24 24 24h8c88.4 0 160-71.6 160-160V80c0-26.5-21.5-48-48-48z\"><\/path><\/svg>\t\t\t\t<\/span>\n\t\t\t<\/div>\n\t\t\t\n\t\t\t\n\t\t<\/div>\n\t\t\t\t\t\t<\/div>\n\t\t\t\t<\/div>\n\t\t\t\t\t<\/div>\n\t\t\t\t<\/div>\n\t\t<div class=\"has_eae_slider elementor-element elementor-element-be64671 e-flex e-con-boxed e-con e-parent\" data-eae-slider=\"66645\" data-id=\"be64671\" data-element_type=\"container\" data-e-type=\"container\">\n\t\t\t\t\t<div class=\"e-con-inner\">\n\t\t\t\t<div class=\"elementor-element elementor-element-3d7661c elementor-widget elementor-widget-heading\" data-id=\"3d7661c\" data-element_type=\"widget\" data-e-type=\"widget\" data-widget_type=\"heading.default\">\n\t\t\t\t\t<h2 class=\"elementor-heading-title elementor-size-default\">Conclusion<\/h2>\t\t\t\t<\/div>\n\t\t\t\t<div class=\"elementor-element elementor-element-90a2ba2 elementor-widget elementor-widget-text-editor\" data-id=\"90a2ba2\" data-element_type=\"widget\" data-e-type=\"widget\" data-widget_type=\"text-editor.default\">\n\t\t\t\t\t\t\t\t\t<p><span style=\"font-weight: 400;\">Le parcours d&rsquo;Eau Z&rsquo;Enfants est un exemple d&rsquo;engagement et d&rsquo;impact social. En 5 ans, l\u2019association a su apporter <\/span><b>des changements concrets dans la vie de dizaines de milliers de personnes au Togo et en Guin\u00e9e<\/b><span style=\"font-weight: 400;\">, \u00e0 travers des r\u00e9alisations durables centr\u00e9es sur l&rsquo;acc\u00e8s \u00e0 l&rsquo;eau et l&rsquo;\u00e9ducation.<\/span><\/p><p><span style=\"font-weight: 400;\">Un bilan qui ne fait que renforcer la d\u00e9termination de ses \u00e9quipes \u00e0 poursuivre ce combat essentiel. Avec des projets ambitieux pour les ann\u00e9es \u00e0 venir, Eau Z&rsquo;Enfants entend bien <\/span><b>continuer \u00e0 se battre pour offrir un avenir meilleur aux populations les plus vuln\u00e9rables, et particuli\u00e8rement aux enfants<\/b><span style=\"font-weight: 400;\">. Un combat port\u00e9 par <\/span><b>des valeurs fortes de solidarit\u00e9 et d&rsquo;humanisme<\/b><span style=\"font-weight: 400;\">, qui suscitent l&rsquo;adh\u00e9sion et la mobilisation.<\/span><\/p><p><span style=\"font-weight: 400;\">Depuis cinq ans, nous sommes avant tout caract\u00e9ris\u00e9s par des valeurs communes et un authentique esprit de famille. <\/span><b>\u00c0 l&rsquo;occasion de notre 5e anniversaire, nous souhaitons honorer les liens qui nous unissent et nous fortifient<\/b><span style=\"font-weight: 400;\">. Tout ce que nous avons accompli au fil des ann\u00e9es, <\/span><b>nous l\u2019avons fait ensemble, en collaboration avec les donateurs, les b\u00e9n\u00e9voles, les techniciens sur le terrain, et les enfants eux-m\u00eames<\/b><span style=\"font-weight: 400;\">.<\/span><\/p>\t\t\t\t\t\t\t\t<\/div>\n\t\t\t\t<div class=\"elementor-element elementor-element-7c724c8 elementor-align-center elementor-widget elementor-widget-button\" data-id=\"7c724c8\" data-element_type=\"widget\" data-e-type=\"widget\" data-widget_type=\"button.default\">\n\t\t\t\t\t\t\t\t\t\t<a class=\"elementor-button elementor-button-link elementor-size-sm\" href=\"https:\/\/dons.eauzenfants.fr\/dons-general\/~mon-don\">\n\t\t\t\t\t\t<span class=\"elementor-button-content-wrapper\">\n\t\t\t\t\t\t\t\t\t<span class=\"elementor-button-text\">I\u2019m making a donation to support the association.<\/span>\n\t\t\t\t\t<\/span>\n\t\t\t\t\t<\/a>\n\t\t\t\t\t\t\t\t<\/div>\n\t\t\t\t\t<\/div>\n\t\t\t\t<\/div>\n\t\t\t\t<\/div>","protected":false},"excerpt":{"rendered":"<p>L\u2019association Eau Z\u2019Enfants c\u00e9l\u00e8bre en ce 4 juillet 2024 ses 5 ann\u00e9es d\u2019existence et d\u2019actions concr\u00e8tes en faveur des populations les plus d\u00e9munies au Togo et en Guin\u00e9e. Fond\u00e9e en 2019, notre association a pour mission de rendre l\u2019eau potable accessible dans ces pays d\u2019Afrique subsaharienne, tout en \u0153uvrant pour l\u2019\u00e9ducation et le bien-\u00eatre des enfants. Retour sur le parcours de cette association et ses r\u00e9alisations marquantes.<\/p>","protected":false},"author":15,"featured_media":8965,"comment_status":"open","ping_status":"open","sticky":false,"template":"","format":"standard","meta":{"footnotes":""},"categories":[1],"tags":[],"class_list":["post-8964","post","type-post","status-publish","format-standard","has-post-thumbnail","hentry","category-blog"],"yoast_head":"<!-- This site is optimized with the Yoast SEO plugin v27.2 - https:\/\/yoast.com\/product\/yoast-seo-wordpress\/ -->\n<title>Eau Z\u2019Enfants : 5 ans d\u2019engagement et d\u2019impact pour l\u2019acc\u00e8s \u00e0 l\u2019eau potable en Afrique | Eau Z&#039;Enfants<\/title>\n<meta name=\"robots\" content=\"index, follow, max-snippet:-1, max-image-preview:large, max-video-preview:-1\" \/>\n<link rel=\"canonical\" href=\"https:\/\/eauzenfants.fr\/en\/2024\/07\/03\/eau-zenfants-5-ans-dengagement-et-dimpact-pour-lacces-a-leau-potable-en-afrique\/\" \/>\n<meta property=\"og:locale\" content=\"en_US\" \/>\n<meta property=\"og:type\" content=\"article\" \/>\n<meta property=\"og:title\" content=\"Eau Z\u2019Enfants : 5 ans d\u2019engagement et d\u2019impact pour l\u2019acc\u00e8s \u00e0 l\u2019eau potable en Afrique | Eau Z&#039;Enfants\" \/>\n<meta property=\"og:description\" content=\"L\u2019association Eau Z\u2019Enfants c\u00e9l\u00e8bre en ce 4 juillet 2024 ses 5 ann\u00e9es d\u2019existence et d\u2019actions concr\u00e8tes en faveur des populations les plus d\u00e9munies au Togo et en Guin\u00e9e. Fond\u00e9e en 2019, notre association a pour mission de rendre l\u2019eau potable accessible dans ces pays d\u2019Afrique subsaharienne, tout en \u0153uvrant pour l\u2019\u00e9ducation et le bien-\u00eatre des enfants. Retour sur le parcours de cette association et ses r\u00e9alisations marquantes.\" \/>\n<meta property=\"og:url\" content=\"https:\/\/eauzenfants.fr\/en\/2024\/07\/03\/eau-zenfants-5-ans-dengagement-et-dimpact-pour-lacces-a-leau-potable-en-afrique\/\" \/>\n<meta property=\"og:site_name\" content=\"Eau Z&#039;Enfants\" \/>\n<meta property=\"article:publisher\" content=\"https:\/\/www.facebook.com\/EAUZENFANTS\/\" \/>\n<meta property=\"article:published_time\" content=\"2024-07-03T20:41:00+00:00\" \/>\n<meta property=\"article:modified_time\" content=\"2025-03-02T21:42:20+00:00\" \/>\n<meta property=\"og:image\" content=\"https:\/\/eauzenfants.fr\/wp-content\/uploads\/2025\/03\/5ANS-EZE-1.png\" \/>\n\t<meta property=\"og:image:width\" content=\"1980\" \/>\n\t<meta property=\"og:image:height\" content=\"1823\" \/>\n\t<meta property=\"og:image:type\" content=\"image\/png\" \/>\n<meta name=\"author\" content=\"Claire Guillou\" \/>\n<meta name=\"twitter:card\" content=\"summary_large_image\" \/>\n<meta name=\"twitter:label1\" content=\"Written by\" \/>\n\t<meta name=\"twitter:data1\" content=\"Claire Guillou\" \/>\n\t<meta name=\"twitter:label2\" content=\"Est. reading time\" \/>\n\t<meta name=\"twitter:data2\" content=\"7 minutes\" \/>\n<script type=\"application\/ld+json\" class=\"yoast-schema-graph\">{\"@context\":\"https:\/\/schema.org\",\"@graph\":[{\"@type\":\"Article\",\"@id\":\"https:\/\/eauzenfants.fr\/2024\/07\/03\/eau-zenfants-5-ans-dengagement-et-dimpact-pour-lacces-a-leau-potable-en-afrique\/#article\",\"isPartOf\":{\"@id\":\"https:\/\/eauzenfants.fr\/2024\/07\/03\/eau-zenfants-5-ans-dengagement-et-dimpact-pour-lacces-a-leau-potable-en-afrique\/\"},\"author\":{\"name\":\"Claire Guillou\",\"@id\":\"https:\/\/eauzenfants.fr\/#\/schema\/person\/129f67fb1bf0d16926eb50619b809455\"},\"headline\":\"Eau Z\u2019Enfants : 5 ans d\u2019engagement et d\u2019impact pour l\u2019acc\u00e8s \u00e0 l\u2019eau potable en Afrique\",\"datePublished\":\"2024-07-03T20:41:00+00:00\",\"dateModified\":\"2025-03-02T21:42:20+00:00\",\"mainEntityOfPage\":{\"@id\":\"https:\/\/eauzenfants.fr\/2024\/07\/03\/eau-zenfants-5-ans-dengagement-et-dimpact-pour-lacces-a-leau-potable-en-afrique\/\"},\"wordCount\":1344,\"commentCount\":0,\"publisher\":{\"@id\":\"https:\/\/eauzenfants.fr\/#organization\"},\"image\":{\"@id\":\"https:\/\/eauzenfants.fr\/2024\/07\/03\/eau-zenfants-5-ans-dengagement-et-dimpact-pour-lacces-a-leau-potable-en-afrique\/#primaryimage\"},\"thumbnailUrl\":\"https:\/\/eauzenfants.fr\/wp-content\/uploads\/2025\/03\/5ANS-EZE-1.png\",\"articleSection\":[\"Blog\"],\"inLanguage\":\"en-US\",\"potentialAction\":[{\"@type\":\"CommentAction\",\"name\":\"Comment\",\"target\":[\"https:\/\/eauzenfants.fr\/2024\/07\/03\/eau-zenfants-5-ans-dengagement-et-dimpact-pour-lacces-a-leau-potable-en-afrique\/#respond\"]}]},{\"@type\":\"WebPage\",\"@id\":\"https:\/\/eauzenfants.fr\/2024\/07\/03\/eau-zenfants-5-ans-dengagement-et-dimpact-pour-lacces-a-leau-potable-en-afrique\/\",\"url\":\"https:\/\/eauzenfants.fr\/2024\/07\/03\/eau-zenfants-5-ans-dengagement-et-dimpact-pour-lacces-a-leau-potable-en-afrique\/\",\"name\":\"Eau Z\u2019Enfants : 5 ans d\u2019engagement et d\u2019impact pour l\u2019acc\u00e8s \u00e0 l\u2019eau potable en Afrique | Eau Z&#039;Enfants\",\"isPartOf\":{\"@id\":\"https:\/\/eauzenfants.fr\/#website\"},\"primaryImageOfPage\":{\"@id\":\"https:\/\/eauzenfants.fr\/2024\/07\/03\/eau-zenfants-5-ans-dengagement-et-dimpact-pour-lacces-a-leau-potable-en-afrique\/#primaryimage\"},\"image\":{\"@id\":\"https:\/\/eauzenfants.fr\/2024\/07\/03\/eau-zenfants-5-ans-dengagement-et-dimpact-pour-lacces-a-leau-potable-en-afrique\/#primaryimage\"},\"thumbnailUrl\":\"https:\/\/eauzenfants.fr\/wp-content\/uploads\/2025\/03\/5ANS-EZE-1.png\",\"datePublished\":\"2024-07-03T20:41:00+00:00\",\"dateModified\":\"2025-03-02T21:42:20+00:00\",\"breadcrumb\":{\"@id\":\"https:\/\/eauzenfants.fr\/2024\/07\/03\/eau-zenfants-5-ans-dengagement-et-dimpact-pour-lacces-a-leau-potable-en-afrique\/#breadcrumb\"},\"inLanguage\":\"en-US\",\"potentialAction\":[{\"@type\":\"ReadAction\",\"target\":[\"https:\/\/eauzenfants.fr\/2024\/07\/03\/eau-zenfants-5-ans-dengagement-et-dimpact-pour-lacces-a-leau-potable-en-afrique\/\"]}]},{\"@type\":\"ImageObject\",\"inLanguage\":\"en-US\",\"@id\":\"https:\/\/eauzenfants.fr\/2024\/07\/03\/eau-zenfants-5-ans-dengagement-et-dimpact-pour-lacces-a-leau-potable-en-afrique\/#primaryimage\",\"url\":\"https:\/\/eauzenfants.fr\/wp-content\/uploads\/2025\/03\/5ANS-EZE-1.png\",\"contentUrl\":\"https:\/\/eauzenfants.fr\/wp-content\/uploads\/2025\/03\/5ANS-EZE-1.png\",\"width\":1980,\"height\":1823},{\"@type\":\"BreadcrumbList\",\"@id\":\"https:\/\/eauzenfants.fr\/2024\/07\/03\/eau-zenfants-5-ans-dengagement-et-dimpact-pour-lacces-a-leau-potable-en-afrique\/#breadcrumb\",\"itemListElement\":[{\"@type\":\"ListItem\",\"position\":1,\"name\":\"Accueil\",\"item\":\"https:\/\/eauzenfants.fr\/\"},{\"@type\":\"ListItem\",\"position\":2,\"name\":\"Eau Z\u2019Enfants : 5 ans d\u2019engagement et d\u2019impact pour l\u2019acc\u00e8s \u00e0 l\u2019eau potable en Afrique\"}]},{\"@type\":\"WebSite\",\"@id\":\"https:\/\/eauzenfants.fr\/#website\",\"url\":\"https:\/\/eauzenfants.fr\/\",\"name\":\"Eau Z'Enfants\",\"description\":\"\",\"publisher\":{\"@id\":\"https:\/\/eauzenfants.fr\/#organization\"},\"potentialAction\":[{\"@type\":\"SearchAction\",\"target\":{\"@type\":\"EntryPoint\",\"urlTemplate\":\"https:\/\/eauzenfants.fr\/?s={search_term_string}\"},\"query-input\":{\"@type\":\"PropertyValueSpecification\",\"valueRequired\":true,\"valueName\":\"search_term_string\"}}],\"inLanguage\":\"en-US\"},{\"@type\":\"Organization\",\"@id\":\"https:\/\/eauzenfants.fr\/#organization\",\"name\":\"Eau Z'Enfants\",\"url\":\"https:\/\/eauzenfants.fr\/\",\"logo\":{\"@type\":\"ImageObject\",\"inLanguage\":\"en-US\",\"@id\":\"https:\/\/eauzenfants.fr\/#\/schema\/logo\/image\/\",\"url\":\"https:\/\/www.eauzenfants.fr\/wp-content\/uploads\/2020\/04\/logo-croped.png\",\"contentUrl\":\"https:\/\/www.eauzenfants.fr\/wp-content\/uploads\/2020\/04\/logo-croped.png\",\"width\":363,\"height\":384,\"caption\":\"Eau Z'Enfants\"},\"image\":{\"@id\":\"https:\/\/eauzenfants.fr\/#\/schema\/logo\/image\/\"},\"sameAs\":[\"https:\/\/www.facebook.com\/EAUZENFANTS\/\",\"https:\/\/www.instagram.com\/eau_z_enfants\",\"https:\/\/www.linkedin.com\/company\/eau-z-enfants\"]},{\"@type\":\"Person\",\"@id\":\"https:\/\/eauzenfants.fr\/#\/schema\/person\/129f67fb1bf0d16926eb50619b809455\",\"name\":\"Claire Guillou\",\"image\":{\"@type\":\"ImageObject\",\"inLanguage\":\"en-US\",\"@id\":\"https:\/\/secure.gravatar.com\/avatar\/a4a3895e85346f51f08f42560e73f949d6cbb15bd50a9413a41af889eb0bf7c4?s=96&d=mm&r=g\",\"url\":\"https:\/\/secure.gravatar.com\/avatar\/a4a3895e85346f51f08f42560e73f949d6cbb15bd50a9413a41af889eb0bf7c4?s=96&d=mm&r=g\",\"contentUrl\":\"https:\/\/secure.gravatar.com\/avatar\/a4a3895e85346f51f08f42560e73f949d6cbb15bd50a9413a41af889eb0bf7c4?s=96&d=mm&r=g\",\"caption\":\"Claire Guillou\"},\"url\":\"http:\/\/eauzenfants.fr\/en\/author\/claire_eze\/\"}]}<\/script>\n<!-- \/ Yoast SEO plugin. -->","yoast_head_json":{"title":"Eau Z\u2019Enfants : 5 ans d\u2019engagement et d\u2019impact pour l\u2019acc\u00e8s \u00e0 l\u2019eau potable en Afrique | Eau Z&#039;Enfants","robots":{"index":"index","follow":"follow","max-snippet":"max-snippet:-1","max-image-preview":"max-image-preview:large","max-video-preview":"max-video-preview:-1"},"canonical":"https:\/\/eauzenfants.fr\/en\/2024\/07\/03\/eau-zenfants-5-ans-dengagement-et-dimpact-pour-lacces-a-leau-potable-en-afrique\/","og_locale":"en_US","og_type":"article","og_title":"Eau Z\u2019Enfants : 5 ans d\u2019engagement et d\u2019impact pour l\u2019acc\u00e8s \u00e0 l\u2019eau potable en Afrique | Eau Z&#039;Enfants","og_description":"L\u2019association Eau Z\u2019Enfants c\u00e9l\u00e8bre en ce 4 juillet 2024 ses 5 ann\u00e9es d\u2019existence et d\u2019actions concr\u00e8tes en faveur des populations les plus d\u00e9munies au Togo et en Guin\u00e9e. Fond\u00e9e en 2019, notre association a pour mission de rendre l\u2019eau potable accessible dans ces pays d\u2019Afrique subsaharienne, tout en \u0153uvrant pour l\u2019\u00e9ducation et le bien-\u00eatre des enfants. Retour sur le parcours de cette association et ses r\u00e9alisations marquantes.","og_url":"https:\/\/eauzenfants.fr\/en\/2024\/07\/03\/eau-zenfants-5-ans-dengagement-et-dimpact-pour-lacces-a-leau-potable-en-afrique\/","og_site_name":"Eau Z&#039;Enfants","article_publisher":"https:\/\/www.facebook.com\/EAUZENFANTS\/","article_published_time":"2024-07-03T20:41:00+00:00","article_modified_time":"2025-03-02T21:42:20+00:00","og_image":[{"width":1980,"height":1823,"url":"https:\/\/eauzenfants.fr\/wp-content\/uploads\/2025\/03\/5ANS-EZE-1.png","type":"image\/png"}],"author":"Claire Guillou","twitter_card":"summary_large_image","twitter_misc":{"Written by":"Claire Guillou","Est. reading time":"7 minutes"},"schema":{"@context":"https:\/\/schema.org","@graph":[{"@type":"Article","@id":"https:\/\/eauzenfants.fr\/2024\/07\/03\/eau-zenfants-5-ans-dengagement-et-dimpact-pour-lacces-a-leau-potable-en-afrique\/#article","isPartOf":{"@id":"https:\/\/eauzenfants.fr\/2024\/07\/03\/eau-zenfants-5-ans-dengagement-et-dimpact-pour-lacces-a-leau-potable-en-afrique\/"},"author":{"name":"Claire Guillou","@id":"https:\/\/eauzenfants.fr\/#\/schema\/person\/129f67fb1bf0d16926eb50619b809455"},"headline":"Eau Z\u2019Enfants : 5 ans d\u2019engagement et d\u2019impact pour l\u2019acc\u00e8s \u00e0 l\u2019eau potable en Afrique","datePublished":"2024-07-03T20:41:00+00:00","dateModified":"2025-03-02T21:42:20+00:00","mainEntityOfPage":{"@id":"https:\/\/eauzenfants.fr\/2024\/07\/03\/eau-zenfants-5-ans-dengagement-et-dimpact-pour-lacces-a-leau-potable-en-afrique\/"},"wordCount":1344,"commentCount":0,"publisher":{"@id":"https:\/\/eauzenfants.fr\/#organization"},"image":{"@id":"https:\/\/eauzenfants.fr\/2024\/07\/03\/eau-zenfants-5-ans-dengagement-et-dimpact-pour-lacces-a-leau-potable-en-afrique\/#primaryimage"},"thumbnailUrl":"https:\/\/eauzenfants.fr\/wp-content\/uploads\/2025\/03\/5ANS-EZE-1.png","articleSection":["Blog"],"inLanguage":"en-US","potentialAction":[{"@type":"CommentAction","name":"Comment","target":["https:\/\/eauzenfants.fr\/2024\/07\/03\/eau-zenfants-5-ans-dengagement-et-dimpact-pour-lacces-a-leau-potable-en-afrique\/#respond"]}]},{"@type":"WebPage","@id":"https:\/\/eauzenfants.fr\/2024\/07\/03\/eau-zenfants-5-ans-dengagement-et-dimpact-pour-lacces-a-leau-potable-en-afrique\/","url":"https:\/\/eauzenfants.fr\/2024\/07\/03\/eau-zenfants-5-ans-dengagement-et-dimpact-pour-lacces-a-leau-potable-en-afrique\/","name":"Eau Z\u2019Enfants : 5 ans d\u2019engagement et d\u2019impact pour l\u2019acc\u00e8s \u00e0 l\u2019eau potable en Afrique | Eau Z&#039;Enfants","isPartOf":{"@id":"https:\/\/eauzenfants.fr\/#website"},"primaryImageOfPage":{"@id":"https:\/\/eauzenfants.fr\/2024\/07\/03\/eau-zenfants-5-ans-dengagement-et-dimpact-pour-lacces-a-leau-potable-en-afrique\/#primaryimage"},"image":{"@id":"https:\/\/eauzenfants.fr\/2024\/07\/03\/eau-zenfants-5-ans-dengagement-et-dimpact-pour-lacces-a-leau-potable-en-afrique\/#primaryimage"},"thumbnailUrl":"https:\/\/eauzenfants.fr\/wp-content\/uploads\/2025\/03\/5ANS-EZE-1.png","datePublished":"2024-07-03T20:41:00+00:00","dateModified":"2025-03-02T21:42:20+00:00","breadcrumb":{"@id":"https:\/\/eauzenfants.fr\/2024\/07\/03\/eau-zenfants-5-ans-dengagement-et-dimpact-pour-lacces-a-leau-potable-en-afrique\/#breadcrumb"},"inLanguage":"en-US","potentialAction":[{"@type":"ReadAction","target":["https:\/\/eauzenfants.fr\/2024\/07\/03\/eau-zenfants-5-ans-dengagement-et-dimpact-pour-lacces-a-leau-potable-en-afrique\/"]}]},{"@type":"ImageObject","inLanguage":"en-US","@id":"https:\/\/eauzenfants.fr\/2024\/07\/03\/eau-zenfants-5-ans-dengagement-et-dimpact-pour-lacces-a-leau-potable-en-afrique\/#primaryimage","url":"https:\/\/eauzenfants.fr\/wp-content\/uploads\/2025\/03\/5ANS-EZE-1.png","contentUrl":"https:\/\/eauzenfants.fr\/wp-content\/uploads\/2025\/03\/5ANS-EZE-1.png","width":1980,"height":1823},{"@type":"BreadcrumbList","@id":"https:\/\/eauzenfants.fr\/2024\/07\/03\/eau-zenfants-5-ans-dengagement-et-dimpact-pour-lacces-a-leau-potable-en-afrique\/#breadcrumb","itemListElement":[{"@type":"ListItem","position":1,"name":"Accueil","item":"https:\/\/eauzenfants.fr\/"},{"@type":"ListItem","position":2,"name":"Eau Z\u2019Enfants : 5 ans d\u2019engagement et d\u2019impact pour l\u2019acc\u00e8s \u00e0 l\u2019eau potable en Afrique"}]},{"@type":"WebSite","@id":"https:\/\/eauzenfants.fr\/#website","url":"https:\/\/eauzenfants.fr\/","name":"Eau Z'Enfants","description":"","publisher":{"@id":"https:\/\/eauzenfants.fr\/#organization"},"potentialAction":[{"@type":"SearchAction","target":{"@type":"EntryPoint","urlTemplate":"https:\/\/eauzenfants.fr\/?s={search_term_string}"},"query-input":{"@type":"PropertyValueSpecification","valueRequired":true,"valueName":"search_term_string"}}],"inLanguage":"en-US"},{"@type":"Organization","@id":"https:\/\/eauzenfants.fr\/#organization","name":"Eau Z'Enfants","url":"https:\/\/eauzenfants.fr\/","logo":{"@type":"ImageObject","inLanguage":"en-US","@id":"https:\/\/eauzenfants.fr\/#\/schema\/logo\/image\/","url":"https:\/\/www.eauzenfants.fr\/wp-content\/uploads\/2020\/04\/logo-croped.png","contentUrl":"https:\/\/www.eauzenfants.fr\/wp-content\/uploads\/2020\/04\/logo-croped.png","width":363,"height":384,"caption":"Eau Z'Enfants"},"image":{"@id":"https:\/\/eauzenfants.fr\/#\/schema\/logo\/image\/"},"sameAs":["https:\/\/www.facebook.com\/EAUZENFANTS\/","https:\/\/www.instagram.com\/eau_z_enfants","https:\/\/www.linkedin.com\/company\/eau-z-enfants"]},{"@type":"Person","@id":"https:\/\/eauzenfants.fr\/#\/schema\/person\/129f67fb1bf0d16926eb50619b809455","name":"Claire Guillou","image":{"@type":"ImageObject","inLanguage":"en-US","@id":"https:\/\/secure.gravatar.com\/avatar\/a4a3895e85346f51f08f42560e73f949d6cbb15bd50a9413a41af889eb0bf7c4?s=96&d=mm&r=g","url":"https:\/\/secure.gravatar.com\/avatar\/a4a3895e85346f51f08f42560e73f949d6cbb15bd50a9413a41af889eb0bf7c4?s=96&d=mm&r=g","contentUrl":"https:\/\/secure.gravatar.com\/avatar\/a4a3895e85346f51f08f42560e73f949d6cbb15bd50a9413a41af889eb0bf7c4?s=96&d=mm&r=g","caption":"Claire Guillou"},"url":"http:\/\/eauzenfants.fr\/en\/author\/claire_eze\/"}]}},"_links":{"self":[{"href":"http:\/\/eauzenfants.fr\/en\/wp-json\/wp\/v2\/posts\/8964","targetHints":{"allow":["GET"]}}],"collection":[{"href":"http:\/\/eauzenfants.fr\/en\/wp-json\/wp\/v2\/posts"}],"about":[{"href":"http:\/\/eauzenfants.fr\/en\/wp-json\/wp\/v2\/types\/post"}],"author":[{"embeddable":true,"href":"http:\/\/eauzenfants.fr\/en\/wp-json\/wp\/v2\/users\/15"}],"replies":[{"embeddable":true,"href":"http:\/\/eauzenfants.fr\/en\/wp-json\/wp\/v2\/comments?post=8964"}],"version-history":[{"count":10,"href":"http:\/\/eauzenfants.fr\/en\/wp-json\/wp\/v2\/posts\/8964\/revisions"}],"predecessor-version":[{"id":8978,"href":"http:\/\/eauzenfants.fr\/en\/wp-json\/wp\/v2\/posts\/8964\/revisions\/8978"}],"wp:featuredmedia":[{"embeddable":true,"href":"http:\/\/eauzenfants.fr\/en\/wp-json\/wp\/v2\/media\/8965"}],"wp:attachment":[{"href":"http:\/\/eauzenfants.fr\/en\/wp-json\/wp\/v2\/media?parent=8964"}],"wp:term":[{"taxonomy":"category","embeddable":true,"href":"http:\/\/eauzenfants.fr\/en\/wp-json\/wp\/v2\/categories?post=8964"},{"taxonomy":"post_tag","embeddable":true,"href":"http:\/\/eauzenfants.fr\/en\/wp-json\/wp\/v2\/tags?post=8964"}],"curies":[{"name":"wp","href":"https:\/\/api.w.org\/{rel}","templated":true}]}}