{"id":9473,"date":"2025-12-04T17:34:40","date_gmt":"2025-12-04T16:34:40","guid":{"rendered":"https:\/\/eauzenfants.fr\/?p=9473"},"modified":"2025-12-05T14:55:44","modified_gmt":"2025-12-05T13:55:44","slug":"lemancipation-des-femmes-en-guinee-conakry","status":"publish","type":"post","link":"http:\/\/eauzenfants.fr\/en\/2025\/12\/04\/lemancipation-des-femmes-en-guinee-conakry\/","title":{"rendered":"L&rsquo;\u00c9mancipation des Femmes en Guin\u00e9e-Conakry : Un Moteur de Progr\u00e8s National et d&rsquo;Avenir pour les Enfants"},"content":{"rendered":"<div data-elementor-type=\"wp-post\" data-elementor-id=\"9473\" class=\"elementor elementor-9473\">\n\t\t\t\t<div class=\"has_eae_slider elementor-element elementor-element-1c29cbf e-flex e-con-boxed e-con e-parent\" data-eae-slider=\"24509\" data-id=\"1c29cbf\" data-element_type=\"container\" data-e-type=\"container\">\n\t\t\t\t\t<div class=\"e-con-inner\">\n\t\t\t\t<div class=\"elementor-element elementor-element-3dd36be elementor-widget elementor-widget-text-editor\" data-id=\"3dd36be\" data-element_type=\"widget\" data-e-type=\"widget\" data-widget_type=\"text-editor.default\">\n\t\t\t\t\t\t\t\t\t<p><span style=\"font-weight: 400;\">L&rsquo;histoire de la Guin\u00e9e-Conakry est intrins\u00e8quement li\u00e9e \u00e0 la lutte pour la libert\u00e9 et l&rsquo;autod\u00e9termination, une \u00e9pop\u00e9e o\u00f9 les femmes ont toujours tenu un r\u00f4le de premier plan, bien au-del\u00e0 des st\u00e9r\u00e9otypes de la soci\u00e9t\u00e9 patriarcale. L&rsquo;\u00e9mancipation des Guin\u00e9ennes n&rsquo;est pas qu&rsquo;une question de justice sociale ; elle est la pierre angulaire du d\u00e9veloppement durable du pays, avec des b\u00e9n\u00e9fices directs et mesurables pour l&rsquo;ensemble de la soci\u00e9t\u00e9, et en particulier pour les enfants du pays.<\/span><\/p><p>\u00a0<\/p><p><span style=\"font-weight: 400;\">Dans le sillage des ex-colonies fran\u00e7aises o\u00f9 un engagement politique fort pour le f\u00e9minisme a souvent \u00e9t\u00e9 observ\u00e9 au sommet de l&rsquo;\u00c9tat apr\u00e8s l\u2019ind\u00e9pendance, la Guin\u00e9e a rapidement inscrit l&rsquo;\u00e9galit\u00e9 des sexes dans son projet national. Cet article explore les avanc\u00e9es historiques et r\u00e9centes en mati\u00e8re de droit, sant\u00e9, travail et r\u00e9partition des t\u00e2ches domestiques, soulignant comment le progr\u00e8s f\u00e9minin forge un meilleur avenir pour la jeunesse guin\u00e9enne.<\/span><\/p>\t\t\t\t\t\t\t\t<\/div>\n\t\t\t\t<div class=\"elementor-element elementor-element-ab495d1 elementor-widget elementor-widget-heading\" data-id=\"ab495d1\" data-element_type=\"widget\" data-e-type=\"widget\" data-widget_type=\"heading.default\">\n\t\t\t\t\t<h2 class=\"elementor-heading-title elementor-size-default\">Un F\u00e9minisme d'\u00c9tat Ancr\u00e9 dans la Lutte pour l'Ind\u00e9pendance<\/h2>\t\t\t\t<\/div>\n\t\t\t\t<div class=\"elementor-element elementor-element-0fb5ef3 elementor-widget elementor-widget-text-editor\" data-id=\"0fb5ef3\" data-element_type=\"widget\" data-e-type=\"widget\" data-widget_type=\"text-editor.default\">\n\t\t\t\t\t\t\t\t\t<p><span style=\"font-weight: 400;\">L&rsquo;engagement en faveur de l&rsquo;\u00e9mancipation f\u00e9minine (qui n\u2019est pas seulement un ph\u00e9nom\u00e8ne occidental et r\u00e9cent, mais se retrouve partout sur la plan\u00e8te, \u00e0 toutes les \u00e9poques), particuli\u00e8rement en Guin\u00e9e, est n\u00e9 dans le feu de la r\u00e9sistance anticoloniale.\u00a0<\/span><\/p><p><br \/><span style=\"font-weight: 400;\">Les femmes guin\u00e9ennes ont, en effet, \u00e9t\u00e9 <\/span><b>des piliers ind\u00e9fectibles du Rassemblement D\u00e9mocratique Africain<\/b><span style=\"font-weight: 400;\"> (RDA), le parti qui a men\u00e9 le pays \u00e0 l&rsquo;ind\u00e9pendance. Leur soutien logistique, politique et militant a \u00e9t\u00e9 crucial \u00e0 cette \u00e9poque.<\/span><\/p>\t\t\t\t\t\t\t\t<\/div>\n\t\t\t\t<div class=\"elementor-element elementor-element-874a744 elementor-widget elementor-widget-heading\" data-id=\"874a744\" data-element_type=\"widget\" data-e-type=\"widget\" data-widget_type=\"heading.default\">\n\t\t\t\t\t<h3 class=\"elementor-heading-title elementor-size-default\"> Le Symbole M'Balia Camara<\/h3>\t\t\t\t<\/div>\n\t\t\t\t<div class=\"elementor-element elementor-element-662e1dd elementor-widget elementor-widget-text-editor\" data-id=\"662e1dd\" data-element_type=\"widget\" data-e-type=\"widget\" data-widget_type=\"text-editor.default\">\n\t\t\t\t\t\t\t\t\t<p><span style=\"font-weight: 400;\">L&rsquo;ic\u00f4ne de cette r\u00e9sistance est sans doute <\/span><b>M&rsquo;Balia Camara<\/b><span style=\"font-weight: 400;\">. Son martyre en 1955, alors qu&rsquo;elle \u00e9tait enceinte, tu\u00e9e par un chef traditionnel pro-colonial pour son engagement aupr\u00e8s du RDA, a cristallis\u00e9 la d\u00e9termination et le sacrifice des femmes dans la lutte de lib\u00e9ration. M&rsquo;Balia Camara est devenue <\/span><b>un symbole national de la femme guin\u00e9enne<\/b><span style=\"font-weight: 400;\"> qui se dresse contre l&rsquo;oppression et pour la dignit\u00e9. Sa mort tragique a non seulement galvanis\u00e9 les hommes et les femmes pour l&rsquo;ind\u00e9pendance, mais elle a aussi pos\u00e9 les bases d&rsquo;une reconnaissance que les femmes ne sont pas de simples sujets, mais des actrices \u00e0 part enti\u00e8re du destin national.<\/span><\/p>\t\t\t\t\t\t\t\t<\/div>\n\t\t<div class=\"has_eae_slider elementor-element elementor-element-f89e803 e-con-full e-flex e-con e-child\" data-eae-slider=\"26886\" data-id=\"f89e803\" data-element_type=\"container\" data-e-type=\"container\">\n\t\t<div class=\"has_eae_slider elementor-element elementor-element-2081fb7 e-con-full e-flex e-con e-child\" data-eae-slider=\"99887\" data-id=\"2081fb7\" data-element_type=\"container\" data-e-type=\"container\">\n\t\t\t\t<div class=\"elementor-element elementor-element-b7334ad elementor-widget elementor-widget-image\" data-id=\"b7334ad\" data-element_type=\"widget\" data-e-type=\"widget\" data-widget_type=\"image.default\">\n\t\t\t\t\t\t\t\t\t\t\t\t\t\t\t<img decoding=\"async\" src=\"https:\/\/eauzenfants.fr\/wp-content\/uploads\/elementor\/thumbs\/WhatsApp-Image-2025-11-27-at-13.26.08-1-rfo3mexe7bwbtgdlkx5pe4hrvkhx3uwf3cthjk4n00.jpeg\" title=\"WhatsApp Image 2025-11-27 at 13.26.08 (1)\" alt=\"WhatsApp Image 2025-11-27 at 13.26.08 (1)\" loading=\"lazy\" \/>\t\t\t\t\t\t\t\t\t\t\t\t\t\t\t<\/div>\n\t\t\t\t<\/div>\n\t\t<div class=\"has_eae_slider elementor-element elementor-element-f17ff2c e-con-full e-flex e-con e-child\" data-eae-slider=\"80798\" data-id=\"f17ff2c\" data-element_type=\"container\" data-e-type=\"container\">\n\t\t\t\t<div class=\"elementor-element elementor-element-52ddb22 elementor-widget elementor-widget-heading\" data-id=\"52ddb22\" data-element_type=\"widget\" data-e-type=\"widget\" data-widget_type=\"heading.default\">\n\t\t\t\t\t<h3 class=\"elementor-heading-title elementor-size-default\"> La Politique d'\u00c9mancipation sous S\u00e9kou Tour\u00e9<\/h3>\t\t\t\t<\/div>\n\t\t\t\t<div class=\"elementor-element elementor-element-ecb5ce9 elementor-widget elementor-widget-text-editor\" data-id=\"ecb5ce9\" data-element_type=\"widget\" data-e-type=\"widget\" data-widget_type=\"text-editor.default\">\n\t\t\t\t\t\t\t\t\t<p><span style=\"font-weight: 400;\">D\u00e8s l&rsquo;ind\u00e9pendance de la Guin\u00e9e en 1958, le pr\u00e9sident Ahmed S\u00e9kou Tour\u00e9 et le Parti D\u00e9mocratique de Guin\u00e9e (PDG) ont lanc\u00e9 une politique volontariste et radicale d&rsquo;\u00e9mancipation f\u00e9minine. Le slogan du PDG \u00e9tait clair : <\/span><b>\u00ab\u00a0la femme soutient le parti, le parti \u00e9mancipe la femme\u00a0\u00bb<\/b><span style=\"font-weight: 400;\">. Ce soutien \u00e9tait la reconnaissance que le projet national ne pouvait r\u00e9ussir sans la mobilisation et la lib\u00e9ration de la moiti\u00e9 de sa population.<\/span><\/p>\t\t\t\t\t\t\t\t<\/div>\n\t\t\t\t<\/div>\n\t\t\t\t<\/div>\n\t\t\t\t\t<\/div>\n\t\t\t\t<\/div>\n\t\t<div class=\"has_eae_slider elementor-element elementor-element-40e3b96 e-flex e-con-boxed e-con e-parent\" data-eae-slider=\"989\" data-id=\"40e3b96\" data-element_type=\"container\" data-e-type=\"container\">\n\t\t\t\t\t<div class=\"e-con-inner\">\n\t\t\t\t<div class=\"elementor-element elementor-element-0339be1 elementor-widget elementor-widget-heading\" data-id=\"0339be1\" data-element_type=\"widget\" data-e-type=\"widget\" data-widget_type=\"heading.default\">\n\t\t\t\t\t<h2 class=\"elementor-heading-title elementor-size-default\"> Des Droits Conquis : La R\u00e9volution Juridique et Politique<\/h2>\t\t\t\t<\/div>\n\t\t\t\t<div class=\"elementor-element elementor-element-5d0c642 elementor-widget elementor-widget-text-editor\" data-id=\"5d0c642\" data-element_type=\"widget\" data-e-type=\"widget\" data-widget_type=\"text-editor.default\">\n\t\t\t\t\t\t\t\t\t<p><span style=\"font-weight: 400;\">Malgr\u00e9 des structures sociales fortement empreintes de patriarcat et de traditions ancestrales, les Guin\u00e9ennes ont rapidement b\u00e9n\u00e9fici\u00e9 d&rsquo;<\/span><b>un cadre l\u00e9gal progressiste<\/b><span style=\"font-weight: 400;\">. Ce code, souvent en avance sur d&rsquo;autres pays de la r\u00e9gion, a octroy\u00e9 des droits fondamentaux qui ont transform\u00e9 leur position dans la soci\u00e9t\u00e9.<\/span><\/p>\t\t\t\t\t\t\t\t<\/div>\n\t\t\t\t<div class=\"elementor-element elementor-element-14ee889 elementor-widget elementor-widget-heading\" data-id=\"14ee889\" data-element_type=\"widget\" data-e-type=\"widget\" data-widget_type=\"heading.default\">\n\t\t\t\t\t<h3 class=\"elementor-heading-title elementor-size-default\">Les Avanc\u00e9es Notables dans le Code Civil<\/h3>\t\t\t\t<\/div>\n\t\t\t\t<div class=\"elementor-element elementor-element-8b5b858 elementor-widget elementor-widget-text-editor\" data-id=\"8b5b858\" data-element_type=\"widget\" data-e-type=\"widget\" data-widget_type=\"text-editor.default\">\n\t\t\t\t\t\t\t\t\t<p><span style=\"font-weight: 400;\">Des droits essentiels ont \u00e9t\u00e9 \u00e9tablis, instaurant un nouveau rapport de force au sein du couple et de la soci\u00e9t\u00e9 :<\/span><\/p><ul><li><b>\u00c9galit\u00e9 au sein du mariage et devant les tribunaux<\/b><span style=\"font-weight: 400;\"> : Les femmes ont \u00e9t\u00e9 reconnues comme des citoyennes \u00e9gales, avec la capacit\u00e9 d&rsquo;agir en justice sans l&rsquo;autorisation de leur mari ou tuteur.<\/span><\/li><li><b>Libert\u00e9 de gestion des biens personnels<\/b><span style=\"font-weight: 400;\"> : Une rupture avec la tradition, permettant aux femmes de contr\u00f4ler leurs propres revenus et propri\u00e9t\u00e9s, un pilier de l&rsquo;autonomie \u00e9conomique.<\/span><\/li><li><b>Droit au d\u00e9dommagement en cas de r\u00e9pudiation<\/b><span style=\"font-weight: 400;\"> : Cette mesure offrait une protection financi\u00e8re en cas de divorce unilat\u00e9ral par le mari, limitant l&rsquo;arbitraire et la pr\u00e9carit\u00e9.<\/span><\/li><li><b>Possibilit\u00e9 de divorcer<\/b><span style=\"font-weight: 400;\"> : L&rsquo;acc\u00e8s au divorce a donn\u00e9 aux femmes un moyen de sortir de mariages abusifs ou non d\u00e9sir\u00e9s, renfor\u00e7ant leur droit \u00e0 l&rsquo;int\u00e9grit\u00e9 personnelle.<\/span><\/li><li><b>Droit de s&rsquo;opposer \u00e0 la polygamie du mari<\/b><span style=\"font-weight: 400;\"> : En exigeant l&rsquo;accord de la premi\u00e8re \u00e9pouse pour un nouveau mariage, cette clause offrait une forme de contr\u00f4le sur la structure familiale.<\/span><\/li><\/ul><p><br \/><span style=\"font-weight: 400;\">Ces dispositions ont \u00e9t\u00e9 <\/span><b>des premi\u00e8res r\u00e9gionales<\/b><span style=\"font-weight: 400;\"> qui ont permis aux femmes de sortir de la sph\u00e8re priv\u00e9e pour devenir des sujets de droit autonomes.<\/span><\/p>\t\t\t\t\t\t\t\t<\/div>\n\t\t<div class=\"has_eae_slider elementor-element elementor-element-976ff81 e-con-full e-flex e-con e-child\" data-eae-slider=\"92406\" data-id=\"976ff81\" data-element_type=\"container\" data-e-type=\"container\">\n\t\t<div class=\"has_eae_slider elementor-element elementor-element-f95ab00 e-con-full e-flex e-con e-child\" data-eae-slider=\"22448\" data-id=\"f95ab00\" data-element_type=\"container\" data-e-type=\"container\">\n\t\t\t\t<div class=\"elementor-element elementor-element-2e95513 elementor-widget elementor-widget-heading\" data-id=\"2e95513\" data-element_type=\"widget\" data-e-type=\"widget\" data-widget_type=\"heading.default\">\n\t\t\t\t\t<h3 class=\"elementor-heading-title elementor-size-default\"> Repr\u00e9sentation \u00c9lectorales et Politiques Publiques<\/h3>\t\t\t\t<\/div>\n\t\t\t\t<div class=\"elementor-element elementor-element-f185f04 elementor-widget elementor-widget-text-editor\" data-id=\"f185f04\" data-element_type=\"widget\" data-e-type=\"widget\" data-widget_type=\"text-editor.default\">\n\t\t\t\t\t\t\t\t\t<p><span style=\"font-weight: 400;\">L&rsquo;\u00e9mancipation politique a aussi \u00e9t\u00e9 significative. En 1968, la Guin\u00e9e enregistrait environ <\/span><b>un quart de femmes parmi les d\u00e9put\u00e9s nationaux<\/b><span style=\"font-weight: 400;\">. Ce niveau de repr\u00e9sentation, exceptionnel pour l&rsquo;\u00e9poque, t\u00e9moignait de la volont\u00e9 politique d&rsquo;int\u00e9grer les femmes aux instances de d\u00e9cision, reconnaissant leur l\u00e9gitimit\u00e9 et leur comp\u00e9tence dans la gestion des affaires publiques.<\/span><\/p><p>\u00a0<\/p><p><span style=\"font-weight: 400;\">Plus r\u00e9cemment, <\/span><b>en 2019, la loi sur la parit\u00e9<\/b><span style=\"font-weight: 400;\"> a \u00e9t\u00e9 \u00e0 l\u2019origine d\u2019un texte majeur stipulant que les femmes devaient constituer 50% des listes \u00e9lectorales pour les \u00e9lections nationales et locales. Cette loi, bien que son application concr\u00e8te rencontre encore des obstacles, est un outil puissant pour forcer la repr\u00e9sentation f\u00e9minine dans les sph\u00e8res de d\u00e9cision.<\/span><\/p><p>\u00a0<\/p><p><span style=\"font-weight: 400;\">On notera aussi la mise en place d\u2019une structure de protection : la cr\u00e9ation de l&rsquo;<\/span><b>Office de protection du Genre, de l&rsquo;Enfance et des M\u0153urs<\/b><span style=\"font-weight: 400;\"> (OPROGEM) et la mise en place de strat\u00e9gies nationales de <\/span><b>lutte contre les violences bas\u00e9es sur le genre<\/b><span style=\"font-weight: 400;\"> (VBG) qui sont des signaux forts d&rsquo;un engagement \u00e0 traduire les droits dans la r\u00e9alit\u00e9. L&rsquo;OPROGEM a notamment permis de d\u00e9velopper un travail de pr\u00e9vention et d&rsquo;aboutir \u00e0 des sanctions p\u00e9nales dans des cas de VBG, un pas crucial dans la lutte contre l&rsquo;impunit\u00e9.<\/span><\/p><p><br \/><span style=\"font-weight: 400;\">Autre initiative d\u2019ampleur : la <\/span><b>cr\u00e9ation du Minist\u00e8re de la Promotion F\u00e9minine, de l\u2019Enfance et des Personnes Vuln\u00e9rables<\/b><span style=\"font-weight: 400;\"> : institution gouvernementale d\u00e9di\u00e9e, pour piloter les politiques en faveur des femmes et des enfants.<\/span><\/p>\t\t\t\t\t\t\t\t<\/div>\n\t\t\t\t<\/div>\n\t\t<div class=\"has_eae_slider elementor-element elementor-element-b3c4915 e-con-full e-flex e-con e-child\" data-eae-slider=\"65111\" data-id=\"b3c4915\" data-element_type=\"container\" data-e-type=\"container\">\n\t\t\t\t<div class=\"elementor-element elementor-element-4f39fcd elementor-widget elementor-widget-image\" data-id=\"4f39fcd\" data-element_type=\"widget\" data-e-type=\"widget\" data-widget_type=\"image.default\">\n\t\t\t\t\t\t\t\t\t\t\t\t\t\t\t<img fetchpriority=\"high\" decoding=\"async\" width=\"576\" height=\"917\" src=\"https:\/\/eauzenfants.fr\/wp-content\/uploads\/2025\/12\/WhatsApp-Image-2025-11-27-at-13.26.08-2-e1764865736919.jpeg\" class=\"attachment-medium_large size-medium_large wp-image-9480\" alt=\"\" srcset=\"https:\/\/eauzenfants.fr\/wp-content\/uploads\/2025\/12\/WhatsApp-Image-2025-11-27-at-13.26.08-2-e1764865736919.jpeg 576w, https:\/\/eauzenfants.fr\/wp-content\/uploads\/2025\/12\/WhatsApp-Image-2025-11-27-at-13.26.08-2-e1764865736919-188x300.jpeg 188w, https:\/\/eauzenfants.fr\/wp-content\/uploads\/2025\/12\/WhatsApp-Image-2025-11-27-at-13.26.08-2-e1764865736919-8x12.jpeg 8w\" sizes=\"(max-width: 576px) 100vw, 576px\" \/>\t\t\t\t\t\t\t\t\t\t\t\t\t\t\t<\/div>\n\t\t\t\t<\/div>\n\t\t\t\t<\/div>\n\t\t\t\t\t<\/div>\n\t\t\t\t<\/div>\n\t\t<div class=\"has_eae_slider elementor-element elementor-element-b7a40d1 e-flex e-con-boxed e-con e-parent\" data-eae-slider=\"474\" data-id=\"b7a40d1\" data-element_type=\"container\" data-e-type=\"container\">\n\t\t\t\t\t<div class=\"e-con-inner\">\n\t\t\t\t<div class=\"elementor-element elementor-element-df3184f elementor-widget elementor-widget-heading\" data-id=\"df3184f\" data-element_type=\"widget\" data-e-type=\"widget\" data-widget_type=\"heading.default\">\n\t\t\t\t\t<h2 class=\"elementor-heading-title elementor-size-default\">L'Impact Multiplicateur sur la Vie des Enfants<\/h2>\t\t\t\t<\/div>\n\t\t\t\t<div class=\"elementor-element elementor-element-517e947 elementor-widget elementor-widget-text-editor\" data-id=\"517e947\" data-element_type=\"widget\" data-e-type=\"widget\" data-widget_type=\"text-editor.default\">\n\t\t\t\t\t\t\t\t\t<p><span style=\"font-weight: 400;\">Le v\u00e9ritable b\u00e9n\u00e9fice de l&rsquo;\u00e9mancipation f\u00e9minine se mesure \u00e0 son <\/span><b>impact sur la jeunesse<\/b><span style=\"font-weight: 400;\">. L&rsquo;autonomisation des m\u00e8res est directement en lien direct avec l&rsquo;am\u00e9lioration de la sant\u00e9, de l&rsquo;\u00e9ducation et de la s\u00e9curit\u00e9 des enfants.<\/span><\/p>\t\t\t\t\t\t\t\t<\/div>\n\t\t\t\t<div class=\"elementor-element elementor-element-b27da27 elementor-widget elementor-widget-heading\" data-id=\"b27da27\" data-element_type=\"widget\" data-e-type=\"widget\" data-widget_type=\"heading.default\">\n\t\t\t\t\t<h3 class=\"elementor-heading-title elementor-size-default\">Am\u00e9lioration de la Sant\u00e9 Maternelle et Infantile<\/h3>\t\t\t\t<\/div>\n\t\t\t\t<div class=\"elementor-element elementor-element-d5fc866 elementor-widget elementor-widget-text-editor\" data-id=\"d5fc866\" data-element_type=\"widget\" data-e-type=\"widget\" data-widget_type=\"text-editor.default\">\n\t\t\t\t\t\t\t\t\t<p><span style=\"font-weight: 400;\">Une femme \u00e9mancip\u00e9e est une femme qui a un meilleur acc\u00e8s \u00e0 l&rsquo;information et qui peut prendre des d\u00e9cisions concernant sa sant\u00e9 et celle de ses enfants.<\/span><\/p><ul><li><b>Sant\u00e9 maternelle<\/b><span style=\"font-weight: 400;\"> : L&rsquo;acc\u00e8s \u00e0 la planification familiale, \u00e0 l&rsquo;\u00e9ducation sanitaire et aux soins pr\u00e9nataux est facilit\u00e9 lorsque les femmes ont une voix au foyer et la capacit\u00e9 de g\u00e9rer des ressources.<\/span><\/li><li><b style=\"font-family: -apple-system, BlinkMacSystemFont, 'Segoe UI', Roboto, 'Helvetica Neue', Arial, 'Noto Sans', sans-serif, 'Apple Color Emoji', 'Segoe UI Emoji', 'Segoe UI Symbol', 'Noto Color Emoji';\">Sant\u00e9 infantile<\/b><span style=\"font-weight: 400;\"> : Des \u00e9tudes mondiales confirment que l&rsquo;augmentation du niveau d&rsquo;\u00e9ducation d&rsquo;une m\u00e8re est le facteur le plus puissant pour r\u00e9duire la mortalit\u00e9 infantile. L&rsquo;autonomie \u00e9conomique d&rsquo;une m\u00e8re lui permet d&rsquo;assurer une meilleure nutrition, une meilleure hygi\u00e8ne et un acc\u00e8s rapide aux soins de sant\u00e9 pour ses enfants.<\/span><\/li><\/ul>\t\t\t\t\t\t\t\t<\/div>\n\t\t<div class=\"has_eae_slider elementor-element elementor-element-f1d20fd e-con-full e-flex e-con e-child\" data-eae-slider=\"17439\" data-id=\"f1d20fd\" data-element_type=\"container\" data-e-type=\"container\">\n\t\t<div class=\"has_eae_slider elementor-element elementor-element-71c833d e-con-full e-flex e-con e-child\" data-eae-slider=\"7823\" data-id=\"71c833d\" data-element_type=\"container\" data-e-type=\"container\">\n\t\t\t\t<div class=\"elementor-element elementor-element-65f9c1c elementor-widget elementor-widget-image\" data-id=\"65f9c1c\" data-element_type=\"widget\" data-e-type=\"widget\" data-widget_type=\"image.default\">\n\t\t\t\t\t\t\t\t\t\t\t\t\t\t\t<img decoding=\"async\" src=\"https:\/\/eauzenfants.fr\/wp-content\/uploads\/elementor\/thumbs\/WhatsApp-Image-2025-11-27-at-13.26.08-3-rfo3mc3vmtsgumhp1dxton7e3evtgrl82yv13q8tio.jpeg\" title=\"WhatsApp Image 2025-11-27 at 13.26.08 (3)\" alt=\"WhatsApp Image 2025-11-27 at 13.26.08 (3)\" loading=\"lazy\" \/>\t\t\t\t\t\t\t\t\t\t\t\t\t\t\t<\/div>\n\t\t\t\t<\/div>\n\t\t<div class=\"has_eae_slider elementor-element elementor-element-45172ea e-con-full e-flex e-con e-child\" data-eae-slider=\"42250\" data-id=\"45172ea\" data-element_type=\"container\" data-e-type=\"container\">\n\t\t\t\t<div class=\"elementor-element elementor-element-0fd6f25 elementor-widget elementor-widget-heading\" data-id=\"0fd6f25\" data-element_type=\"widget\" data-e-type=\"widget\" data-widget_type=\"heading.default\">\n\t\t\t\t\t<h3 class=\"elementor-heading-title elementor-size-default\">L'\u00c9ducation, Pilier de l'Avenir<\/h3>\t\t\t\t<\/div>\n\t\t\t\t<div class=\"elementor-element elementor-element-b4591bf elementor-widget elementor-widget-text-editor\" data-id=\"b4591bf\" data-element_type=\"widget\" data-e-type=\"widget\" data-widget_type=\"text-editor.default\">\n\t\t\t\t\t\t\t\t\t<p><span style=\"font-weight: 400;\">L&rsquo;\u00e9mancipation des m\u00e8res se traduit par une priorit\u00e9 accrue donn\u00e9e \u00e0 l&rsquo;\u00e9ducation des enfants, filles et gar\u00e7ons.<\/span><\/p><p>\u00a0<\/p><ul><li><b>Scolarisation des filles<\/b><span style=\"font-weight: 400;\"> : Les m\u00e8res \u00e9duqu\u00e9es sont les meilleures avocates de la scolarisation de leurs filles, brisant le cycle de l&rsquo;analphab\u00e9tisme et de la d\u00e9pendance.<\/span><\/li><li><b>Mod\u00e8les positifs<\/b><span style=\"font-weight: 400;\"> : Une m\u00e8re active, instruite et autonome est un mod\u00e8le d&rsquo;ambition et de r\u00e9ussite pour ses enfants, les encourageant \u00e0 poursuivre leurs \u00e9tudes et \u00e0 s&rsquo;int\u00e9grer pleinement dans la vie \u00e9conomique et politique du pays.<\/span><\/li><\/ul>\t\t\t\t\t\t\t\t<\/div>\n\t\t\t\t<\/div>\n\t\t\t\t<\/div>\n\t\t<div class=\"has_eae_slider elementor-element elementor-element-35e5aee e-con-full e-flex e-con e-child\" data-eae-slider=\"49075\" data-id=\"35e5aee\" data-element_type=\"container\" data-e-type=\"container\">\n\t\t\t\t<div class=\"elementor-element elementor-element-6f71f14 elementor-widget elementor-widget-heading\" data-id=\"6f71f14\" data-element_type=\"widget\" data-e-type=\"widget\" data-widget_type=\"heading.default\">\n\t\t\t\t\t<h3 class=\"elementor-heading-title elementor-size-default\"> L'All\u00e8gement des T\u00e2ches Domestiques<\/h3>\t\t\t\t<\/div>\n\t\t\t\t<div class=\"elementor-element elementor-element-ea5ff56 elementor-widget elementor-widget-text-editor\" data-id=\"ea5ff56\" data-element_type=\"widget\" data-e-type=\"widget\" data-widget_type=\"text-editor.default\">\n\t\t\t\t\t\t\t\t\t<p><span style=\"font-weight: 400;\">La reconnaissance de l&rsquo;\u00e9galit\u00e9 et la participation accrue des femmes au march\u00e9 du travail mettent en lumi\u00e8re le fardeau des t\u00e2ches domestiques non r\u00e9mun\u00e9r\u00e9es (notamment la corv\u00e9e d\u2019eau).<\/span><\/p><ul><li><b>Redistribution<\/b><span style=\"font-weight: 400;\"> : Bien que les structures patriarcales maintiennent souvent une charge disproportionn\u00e9e sur les femmes, l&rsquo;\u00e9volution des mentalit\u00e9s et les efforts de sensibilisation (souvent port\u00e9s par les mouvements actuels) commencent \u00e0 plaider pour un partage plus \u00e9quitable de ces t\u00e2ches avec les maris et les enfants.<\/span><\/li><li><b>Temps Lib\u00e9r\u00e9<\/b><span style=\"font-weight: 400;\"> : Chaque heure \u00e9conomis\u00e9e par la m\u00e8re sur les t\u00e2ches domestiques est une heure qu&rsquo;elle peut investir dans son activit\u00e9 professionnelle, son \u00e9ducation, son engagement communautaire, ou dans l&rsquo;attention et le soutien scolaire de ses enfants. C&rsquo;est un gain direct pour le d\u00e9veloppement humain de toute la famille.<\/span><\/li><\/ul>\t\t\t\t\t\t\t\t<\/div>\n\t\t\t\t<\/div>\n\t\t\t\t\t<\/div>\n\t\t\t\t<\/div>\n\t\t<div class=\"has_eae_slider elementor-element elementor-element-3b64c3f e-flex e-con-boxed e-con e-parent\" data-eae-slider=\"3478\" data-id=\"3b64c3f\" data-element_type=\"container\" data-e-type=\"container\">\n\t\t\t\t\t<div class=\"e-con-inner\">\n\t\t\t\t<div class=\"elementor-element elementor-element-4de8759 elementor-widget elementor-widget-heading\" data-id=\"4de8759\" data-element_type=\"widget\" data-e-type=\"widget\" data-widget_type=\"heading.default\">\n\t\t\t\t\t<h2 class=\"elementor-heading-title elementor-size-default\"> Les Initiatives et Mouvements Actuels : un Nouveau Souffle<\/h2>\t\t\t\t<\/div>\n\t\t\t\t<div class=\"elementor-element elementor-element-955669c elementor-widget elementor-widget-text-editor\" data-id=\"955669c\" data-element_type=\"widget\" data-e-type=\"widget\" data-widget_type=\"text-editor.default\">\n\t\t\t\t\t\t\t\t\t<p><span style=\"font-weight: 400;\">Malgr\u00e9 les acquis post-ind\u00e9pendance, l&rsquo;\u00e9galit\u00e9 de genre en Guin\u00e9e reste un combat quotidien. Les d\u00e9fis de la pauvret\u00e9, des traditions archa\u00efques (comme les Mutilations G\u00e9nitales F\u00e9minines &#8211; MGF) et de la faible application des lois subsistent. Cependant, de nombreux mouvements et leaders se mobilisent aujourd&rsquo;hui pour acc\u00e9l\u00e9rer le changement.<\/span><\/p>\t\t\t\t\t\t\t\t<\/div>\n\t\t\t\t<div class=\"elementor-element elementor-element-f5b8505 elementor-widget elementor-widget-heading\" data-id=\"f5b8505\" data-element_type=\"widget\" data-e-type=\"widget\" data-widget_type=\"heading.default\">\n\t\t\t\t\t<h3 class=\"elementor-heading-title elementor-size-default\">Le R\u00f4le des Organisations de la Soci\u00e9t\u00e9 Civile<\/h3>\t\t\t\t<\/div>\n\t\t\t\t<div class=\"elementor-element elementor-element-3372f2a elementor-widget elementor-widget-text-editor\" data-id=\"3372f2a\" data-element_type=\"widget\" data-e-type=\"widget\" data-widget_type=\"text-editor.default\">\n\t\t\t\t\t\t\t\t\t<p><span style=\"font-weight: 400;\">Des organisations non gouvernementales et des associations de femmes jouent un r\u00f4le crucial dans :<\/span><\/p><ul><li><span style=\"font-weight: 400;\"><strong>La sensibilisation et l\u2019\u00e9ducation :<\/strong> Elles m\u00e8nent des campagnes contre les violences bas\u00e9es sur le genre (VBG), y compris les MGF, en travaillant avec les chefs religieux et communautaires.<\/span><\/li><li><span style=\"font-weight: 400;\"><strong>L&rsquo;autonomisation \u00e9conomique :<\/strong> Des initiatives cibl\u00e9es offrent des microcr\u00e9dits, des formations professionnelles et un acc\u00e8s aux march\u00e9s pour les entrepreneures, reconnaissant que l&rsquo;ind\u00e9pendance \u00e9conomique est la cl\u00e9 de l&rsquo;autonomie personnelle.<\/span><\/li><\/ul>\t\t\t\t\t\t\t\t<\/div>\n\t\t<div class=\"has_eae_slider elementor-element elementor-element-30d821e e-con-full e-flex e-con e-child\" data-eae-slider=\"18634\" data-id=\"30d821e\" data-element_type=\"container\" data-e-type=\"container\">\n\t\t<div class=\"has_eae_slider elementor-element elementor-element-614bfc0 e-con-full e-flex e-con e-child\" data-eae-slider=\"17963\" data-id=\"614bfc0\" data-element_type=\"container\" data-e-type=\"container\">\n\t\t\t\t<div class=\"elementor-element elementor-element-5999c18 elementor-widget elementor-widget-heading\" data-id=\"5999c18\" data-element_type=\"widget\" data-e-type=\"widget\" data-widget_type=\"heading.default\">\n\t\t\t\t\t<h3 class=\"elementor-heading-title elementor-size-default\"> Initiateurs du Changement et Mobilisations Citoyennes<\/h3>\t\t\t\t<\/div>\n\t\t\t\t<div class=\"elementor-element elementor-element-4ad4b2e elementor-widget elementor-widget-text-editor\" data-id=\"4ad4b2e\" data-element_type=\"widget\" data-e-type=\"widget\" data-widget_type=\"text-editor.default\">\n\t\t\t\t\t\t\t\t\t<p><span style=\"font-weight: 400;\">Les mouvements actuels sont souvent incarn\u00e9s par des figures f\u00e9minines fortes qui utilisent les m\u00e9dias sociaux, les r\u00e9seaux communautaires et les plateformes internationales pour amplifier leur voix. Elles incluent des journalistes, des avocates, des entrepreneures et des leaders communautaires. Ces leaders se concentrent sur :<\/span><\/p><ul><li><b>L&rsquo;\u00c9radication des VBG<\/b><span style=\"font-weight: 400;\"> : Poursuivre le travail de plaidoyer et d&rsquo;assistance aux victimes.<\/span><\/li><li><b>La Promotion de la Parit\u00e9<\/b><span style=\"font-weight: 400;\"> : Lutter pour une plus grande repr\u00e9sentation des femmes dans les postes de d\u00e9cision (politiques, \u00e9conomiques, administratives).<\/span><\/li><li><b>La Sant\u00e9 Sexuelle et Reproductive<\/b><span style=\"font-weight: 400;\"> : Am\u00e9liorer l&rsquo;acc\u00e8s \u00e0 l&rsquo;information et aux services de sant\u00e9 pour les femmes et les adolescentes.<\/span><\/li><li>\u00a0<\/li><\/ul><p><span style=\"font-weight: 400;\">La p\u00e9riode contemporaine est marqu\u00e9e par une mobilisation citoyenne et associative accrue, souvent port\u00e9e par une nouvelle g\u00e9n\u00e9ration de femmes instruites et connect\u00e9es.<\/span><\/p><p><span style=\"font-weight: 400;\">L&rsquo;\u00e9mancipation en Guin\u00e9e ne d\u00e9pend plus uniquement de l&rsquo;\u00c9tat, mais aussi d&rsquo;<\/span><b>un tissu d&rsquo;organisations de la soci\u00e9t\u00e9 civile, d&rsquo;ONG locales et internationales, et de jeunes entrepreneures sociales<\/b><span style=\"font-weight: 400;\">.<\/span><\/p><p>\u00a0<\/p><ul><li><b>\u00c9ducation et entrepreneuriat social<\/b><span style=\"font-weight: 400;\"> : l\u2019ONG <\/span><b>Eau Z\u2019Enfants<\/b><span style=\"font-weight: 400;\"> se concentre sur l\u2019alimentation, la sant\u00e9, l\u2019\u00e9ducation et le bien-\u00eatre des enfants guin\u00e9ens et togolais et, d\u2019une mani\u00e8re g\u00e9n\u00e9rale sensibilise les familles sur l\u2019importance de l\u2019\u00e9ducation des filles en milieu rural ; le <\/span><b>Labis<\/b><span style=\"font-weight: 400;\"> (Laboratoire d&rsquo;Innovations Sociales) de Conakry, par exemple, a accompagn\u00e9 des milliers de jeunes filles et gar\u00e7ons, soulignant l&rsquo;importance du capital humain comme levier d&rsquo;\u00e9galit\u00e9 de genre.<\/span><\/li><li><b>Les m\u00e8res d&rsquo;enfants handicap\u00e9s<\/b><span style=\"font-weight: 400;\"> : Des projets sp\u00e9cifiques, comme celui men\u00e9 par l&rsquo;ONG <\/span><b>FITIMA<\/b><span style=\"font-weight: 400;\">, ciblent l&rsquo;autonomisation des m\u00e8res d&rsquo;enfants en situation de handicap. Ces femmes, souvent doublement marginalis\u00e9es, b\u00e9n\u00e9ficient de formations et d&rsquo;un appui pour la mise en place d&rsquo;activit\u00e9s g\u00e9n\u00e9ratrices de revenus, prouvant que l&rsquo;\u00e9mancipation passe par le soutien aux cat\u00e9gories les plus vuln\u00e9rables.<\/span><\/li><li><b>La mont\u00e9e des jeunes leaders<\/b><span style=\"font-weight: 400;\"> : De nombreuses jeunes femmes activistes utilisent les r\u00e9seaux sociaux pour d\u00e9noncer les injustices, mobiliser l&rsquo;opinion et organiser des manifestations pacifiques. Elles mettent en lumi\u00e8re les probl\u00e9matiques de la sant\u00e9 menstruelle, du harc\u00e8lement de rue et de la sous-repr\u00e9sentation politique, incarnant une forme de f\u00e9minisme renouvel\u00e9, plus direct et digitalis\u00e9. Parmi ces organisations de mobilisation citoyenne, on trouve le <\/span><b>Club des Jeunes Filles Leaders de Guin\u00e9e<\/b><span style=\"font-weight: 400;\"> (<\/span><b>CJFL-Guin\u00e9e<\/b><span style=\"font-weight: 400;\">), fond\u00e9 en 2016, et qui se concentre sur les droits des femmes et des enfants, lutte contre les mariages forc\u00e9s, les violences conjugales, les mutilations g\u00e9nitales f\u00e9minines, avec des cellules d\u2019\u00e9coute, des forums de la jeune fille ; enfin, la cr\u00e9ation, en juin 2025, d\u2019un nouveau <\/span><b>Conseil national des filles et des femmes de Guin\u00e9e<\/b><span style=\"font-weight: 400;\"> (<\/span><b>CONAFFEG<\/b><span style=\"font-weight: 400;\">) qui constitue un organe consultatif pour amplifier la voix des femmes.\u00a0<\/span><\/li><\/ul><p>\u00a0<\/p><p><span style=\"font-weight: 400;\">Ces initiatives t\u00e9moignent d&rsquo;une diversification des champs d&rsquo;action et d&rsquo;une prise de conscience que l&rsquo;\u00e9galit\u00e9 se construit par l&rsquo;action \u00e0 la base.<\/span><\/p>\t\t\t\t\t\t\t\t<\/div>\n\t\t\t\t<\/div>\n\t\t\t\t<\/div>\n\t\t\t\t<div class=\"elementor-element elementor-element-fe3176a elementor-widget elementor-widget-image\" data-id=\"fe3176a\" data-element_type=\"widget\" data-e-type=\"widget\" data-widget_type=\"image.default\">\n\t\t\t\t\t\t\t\t\t\t\t\t\t\t\t<img decoding=\"async\" src=\"https:\/\/eauzenfants.fr\/wp-content\/uploads\/elementor\/thumbs\/WhatsApp-Image-2025-11-27-at-13.26.08-4-rfo3md1ptntr68gbvwcg94yuosr6ogoyf3iil07fcg.jpeg\" title=\"WhatsApp Image 2025-11-27 at 13.26.08 (4)\" alt=\"WhatsApp Image 2025-11-27 at 13.26.08 (4)\" loading=\"lazy\" \/>\t\t\t\t\t\t\t\t\t\t\t\t\t\t\t<\/div>\n\t\t\t\t\t<\/div>\n\t\t\t\t<\/div>\n\t\t<div class=\"has_eae_slider elementor-element elementor-element-db8427b e-flex e-con-boxed e-con e-parent\" data-eae-slider=\"54310\" data-id=\"db8427b\" data-element_type=\"container\" data-e-type=\"container\">\n\t\t\t\t\t<div class=\"e-con-inner\">\n\t\t\t\t<div class=\"elementor-element elementor-element-84bd508 elementor-widget elementor-widget-heading\" data-id=\"84bd508\" data-element_type=\"widget\" data-e-type=\"widget\" data-widget_type=\"heading.default\">\n\t\t\t\t\t<h2 class=\"elementor-heading-title elementor-size-default\"> L'Esprit d'Entrepreneuriat F\u00e9minin Africain : Le Mod\u00e8le des \"Nana Benz\" au Togo<\/h2>\t\t\t\t<\/div>\n\t\t\t\t<div class=\"elementor-element elementor-element-51a2321 elementor-widget elementor-widget-text-editor\" data-id=\"51a2321\" data-element_type=\"widget\" data-e-type=\"widget\" data-widget_type=\"text-editor.default\">\n\t\t\t\t\t\t\t\t\t<p><span style=\"font-weight: 400;\">L&rsquo;histoire de l&rsquo;\u00e9mancipation \u00e9conomique des femmes africaines a un autre visage : celui de l&rsquo;<\/span><b>entrepreneuriat autonome et sans aide<\/b><span style=\"font-weight: 400;\">. L&rsquo;exemple des \u00ab\u00a0Nana Benz\u00a0\u00bb au Togo (autre pays de pr\u00e9dilection et d\u2019action de l\u2019association <\/span><b>Eau Z\u2019Enfants<\/b><span style=\"font-weight: 400;\">) est souvent cit\u00e9 pour illustrer le potentiel des femmes \u00e0 cr\u00e9er des empires \u00e9conomiques par leur seule force de travail et leur sens du commerce.<\/span><\/p><p>\u00a0<\/p><p><span style=\"font-weight: 400;\">Ces <\/span><b>femmes d&rsquo;affaires togolaises<\/b><span style=\"font-weight: 400;\"> (qui tirent leur surnom des luxueuses berlines Mercedes-Benz qu&rsquo;elles se sont offertes gr\u00e2ce \u00e0 leur fortune) sont devenues des figures embl\u00e9matiques du <\/span><b>commerce de gros du \u00ab\u00a0wax\u00a0\u00bb<\/b><span style=\"font-weight: 400;\">, ces tissus imprim\u00e9s aux motifs color\u00e9s, dont l&rsquo;origine est hollandaise, mais qui sont devenus l&rsquo;ic\u00f4ne de la mode ouest-africaine.\u00a0<\/span><\/p><p><span style=\"font-weight: 400;\">Elles ont :<\/span><\/p><ul><li><span style=\"font-weight: 400;\">B\u00e2ti des fortunes en g\u00e9rant des circuits d&rsquo;importation et de distribution complexes.<\/span><\/li><li><span style=\"font-weight: 400;\">Assur\u00e9 la subsistance et l&rsquo;\u00e9ducation de leurs familles, souvent sans d\u00e9pendre de structures patriarcales.<\/span><\/li><li><span style=\"font-weight: 400;\">D\u00e9montr\u00e9 la puissance de l&rsquo;organisation et de la solidarit\u00e9 f\u00e9minine dans le commerce.<\/span><\/li><\/ul><p>\u00a0<\/p><p><span style=\"font-weight: 400;\">Cet esprit d&rsquo;autonomie financi\u00e8re et de d\u00e9brouillardise, qui se retrouve dans les march\u00e9s informels et les petits commerces des pays africains, assure une grande partie de l&rsquo;\u00e9conomie de subsistance. Son succ\u00e8s, non subventionn\u00e9, est une source d&rsquo;inspiration et une preuve que l&rsquo;\u00e9mancipation \u00e9conomique est souvent le fruit d&rsquo;une volont\u00e9 in\u00e9branlable et d&rsquo;une capacit\u00e9 d&rsquo;organisation f\u00e9minine remarquable.<\/span><\/p>\t\t\t\t\t\t\t\t<\/div>\n\t\t\t\t\t<\/div>\n\t\t\t\t<\/div>\n\t\t<div class=\"has_eae_slider elementor-element elementor-element-a99a81c e-flex e-con-boxed e-con e-parent\" data-eae-slider=\"94797\" data-id=\"a99a81c\" data-element_type=\"container\" data-e-type=\"container\">\n\t\t\t\t\t<div class=\"e-con-inner\">\n\t\t\t\t<div class=\"elementor-element elementor-element-1a6a671 elementor-widget elementor-widget-heading\" data-id=\"1a6a671\" data-element_type=\"widget\" data-e-type=\"widget\" data-widget_type=\"heading.default\">\n\t\t\t\t\t<h2 class=\"elementor-heading-title elementor-size-default\">Conclusion : L'\u00c9mancipation, un Investissement pour l'Avenir Guin\u00e9en<\/h2>\t\t\t\t<\/div>\n\t\t\t\t<div class=\"elementor-element elementor-element-900c7e4 elementor-widget elementor-widget-text-editor\" data-id=\"900c7e4\" data-element_type=\"widget\" data-e-type=\"widget\" data-widget_type=\"text-editor.default\">\n\t\t\t\t\t\t\t\t\t<p><span style=\"font-weight: 400;\">L&rsquo;\u00e9mancipation des femmes en Guin\u00e9e-Conakry est un processus historique et continu. Des h\u00e9ro\u00efnes de l&rsquo;ind\u00e9pendance aux avocates et activistes d&rsquo;aujourd&rsquo;hui, le chemin vers l&rsquo;\u00e9galit\u00e9 est marqu\u00e9 par des victoires juridiques majeures et un engagement politique initial fort.<\/span><\/p><p><span style=\"font-weight: 400;\">Aujourd&rsquo;hui, cet \u00e9lan doit \u00eatre soutenu par une <\/span><b>application rigoureuse des lois, des investissements cibl\u00e9s dans la sant\u00e9 et l&rsquo;\u00e9ducation f\u00e9minine, et un soutien \u00e0 l&rsquo;entreprenariat<\/b><span style=\"font-weight: 400;\">. Donner aux femmes leur pleine place dans la vie \u00e9conomique et politique n&rsquo;est pas une d\u00e9pense ; c&rsquo;est un investissement dont les <\/span><b>retours sont exponentiels<\/b><span style=\"font-weight: 400;\">.<\/span><\/p><p><span style=\"font-weight: 400;\">L&rsquo;avenir de la Guin\u00e9e-Conakry est indissociable de l&rsquo;avenir de ses femmes. Leur plein \u00e9panouissement garantira une g\u00e9n\u00e9ration d&rsquo;enfants mieux pr\u00e9par\u00e9s \u00e0 b\u00e2tir une nation forte, juste et prosp\u00e8re.<\/span><\/p>\t\t\t\t\t\t\t\t<\/div>\n\t\t\t\t\t<\/div>\n\t\t\t\t<\/div>\n\t\t\t\t<\/div>","protected":false},"excerpt":{"rendered":"<p>L&rsquo;histoire de la Guin\u00e9e-Conakry est intrins\u00e8quement li\u00e9e \u00e0 la lutte pour la libert\u00e9 et l&rsquo;autod\u00e9termination, une \u00e9pop\u00e9e o\u00f9 les femmes ont toujours tenu un r\u00f4le de premier plan, bien au-del\u00e0 des st\u00e9r\u00e9otypes de la soci\u00e9t\u00e9 patriarcale. L&rsquo;\u00e9mancipation des Guin\u00e9ennes n&rsquo;est pas qu&rsquo;une question de justice sociale ; elle est la pierre angulaire du d\u00e9veloppement durable [&hellip;]<\/p>\n","protected":false},"author":14,"featured_media":9482,"comment_status":"closed","ping_status":"closed","sticky":false,"template":"","format":"standard","meta":{"footnotes":""},"categories":[1],"tags":[],"class_list":["post-9473","post","type-post","status-publish","format-standard","has-post-thumbnail","hentry","category-blog"],"yoast_head":"<!-- This site is optimized with the Yoast SEO plugin v27.2 - https:\/\/yoast.com\/product\/yoast-seo-wordpress\/ -->\n<title>L&#039;\u00c9mancipation des Femmes en Guin\u00e9e-Conakry : Un Moteur de Progr\u00e8s National et d&#039;Avenir pour les Enfants | Eau Z&#039;Enfants<\/title>\n<meta name=\"description\" content=\"L&#039;histoire de la Guin\u00e9e-Conakry est li\u00e9e \u00e0 la lutte pour la libert\u00e9 et l&#039;autod\u00e9termination, une \u00e9pop\u00e9e o\u00f9 les femmes ont toujours tenu un r\u00f4le de premier plan, bien au-del\u00e0 des st\u00e9r\u00e9otypes de la soci\u00e9t\u00e9 patriarcale.\" \/>\n<meta name=\"robots\" content=\"index, follow, max-snippet:-1, max-image-preview:large, max-video-preview:-1\" \/>\n<link rel=\"canonical\" href=\"https:\/\/eauzenfants.fr\/en\/2025\/12\/04\/lemancipation-des-femmes-en-guinee-conakry\/\" \/>\n<meta property=\"og:locale\" content=\"en_US\" \/>\n<meta property=\"og:type\" content=\"article\" \/>\n<meta property=\"og:title\" content=\"L&#039;\u00c9mancipation des Femmes en Guin\u00e9e-Conakry : Un Moteur de Progr\u00e8s National et d&#039;Avenir pour les Enfants | Eau Z&#039;Enfants\" \/>\n<meta property=\"og:description\" content=\"L&#039;histoire de la Guin\u00e9e-Conakry est li\u00e9e \u00e0 la lutte pour la libert\u00e9 et l&#039;autod\u00e9termination, une \u00e9pop\u00e9e o\u00f9 les femmes ont toujours tenu un r\u00f4le de premier plan, bien au-del\u00e0 des st\u00e9r\u00e9otypes de la soci\u00e9t\u00e9 patriarcale.\" \/>\n<meta property=\"og:url\" content=\"https:\/\/eauzenfants.fr\/en\/2025\/12\/04\/lemancipation-des-femmes-en-guinee-conakry\/\" \/>\n<meta property=\"og:site_name\" content=\"Eau Z&#039;Enfants\" \/>\n<meta property=\"article:publisher\" content=\"https:\/\/www.facebook.com\/EAUZENFANTS\/\" \/>\n<meta property=\"article:published_time\" content=\"2025-12-04T16:34:40+00:00\" \/>\n<meta property=\"article:modified_time\" content=\"2025-12-05T13:55:44+00:00\" \/>\n<meta property=\"og:image\" content=\"https:\/\/eauzenfants.fr\/wp-content\/uploads\/2025\/12\/WhatsApp-Image-2025-11-27-at-13.26.08-e1764866421163.jpeg\" \/>\n\t<meta property=\"og:image:width\" content=\"530\" \/>\n\t<meta property=\"og:image:height\" content=\"410\" \/>\n\t<meta property=\"og:image:type\" content=\"image\/jpeg\" \/>\n<meta name=\"author\" content=\"Arnaud Piat\" \/>\n<meta name=\"twitter:card\" content=\"summary_large_image\" \/>\n<meta name=\"twitter:label1\" content=\"Written by\" \/>\n\t<meta name=\"twitter:data1\" content=\"Arnaud Piat\" \/>\n\t<meta name=\"twitter:label2\" content=\"Est. reading time\" \/>\n\t<meta name=\"twitter:data2\" content=\"12 minutes\" \/>\n<script type=\"application\/ld+json\" class=\"yoast-schema-graph\">{\"@context\":\"https:\/\/schema.org\",\"@graph\":[{\"@type\":\"Article\",\"@id\":\"https:\/\/eauzenfants.fr\/2025\/12\/04\/lemancipation-des-femmes-en-guinee-conakry\/#article\",\"isPartOf\":{\"@id\":\"https:\/\/eauzenfants.fr\/2025\/12\/04\/lemancipation-des-femmes-en-guinee-conakry\/\"},\"author\":{\"name\":\"Arnaud Piat\",\"@id\":\"https:\/\/eauzenfants.fr\/#\/schema\/person\/78ef497ba562028909c1598fceab5222\"},\"headline\":\"L&rsquo;\u00c9mancipation des Femmes en Guin\u00e9e-Conakry : Un Moteur de Progr\u00e8s National et d&rsquo;Avenir pour les Enfants\",\"datePublished\":\"2025-12-04T16:34:40+00:00\",\"dateModified\":\"2025-12-05T13:55:44+00:00\",\"mainEntityOfPage\":{\"@id\":\"https:\/\/eauzenfants.fr\/2025\/12\/04\/lemancipation-des-femmes-en-guinee-conakry\/\"},\"wordCount\":2567,\"publisher\":{\"@id\":\"https:\/\/eauzenfants.fr\/#organization\"},\"image\":{\"@id\":\"https:\/\/eauzenfants.fr\/2025\/12\/04\/lemancipation-des-femmes-en-guinee-conakry\/#primaryimage\"},\"thumbnailUrl\":\"https:\/\/eauzenfants.fr\/wp-content\/uploads\/2025\/12\/WhatsApp-Image-2025-11-27-at-13.26.08-e1764866421163.jpeg\",\"articleSection\":[\"Blog\"],\"inLanguage\":\"en-US\"},{\"@type\":\"WebPage\",\"@id\":\"https:\/\/eauzenfants.fr\/2025\/12\/04\/lemancipation-des-femmes-en-guinee-conakry\/\",\"url\":\"https:\/\/eauzenfants.fr\/2025\/12\/04\/lemancipation-des-femmes-en-guinee-conakry\/\",\"name\":\"L'\u00c9mancipation des Femmes en Guin\u00e9e-Conakry : Un Moteur de Progr\u00e8s National et d'Avenir pour les Enfants | Eau Z&#039;Enfants\",\"isPartOf\":{\"@id\":\"https:\/\/eauzenfants.fr\/#website\"},\"primaryImageOfPage\":{\"@id\":\"https:\/\/eauzenfants.fr\/2025\/12\/04\/lemancipation-des-femmes-en-guinee-conakry\/#primaryimage\"},\"image\":{\"@id\":\"https:\/\/eauzenfants.fr\/2025\/12\/04\/lemancipation-des-femmes-en-guinee-conakry\/#primaryimage\"},\"thumbnailUrl\":\"https:\/\/eauzenfants.fr\/wp-content\/uploads\/2025\/12\/WhatsApp-Image-2025-11-27-at-13.26.08-e1764866421163.jpeg\",\"datePublished\":\"2025-12-04T16:34:40+00:00\",\"dateModified\":\"2025-12-05T13:55:44+00:00\",\"description\":\"L'histoire de la Guin\u00e9e-Conakry est li\u00e9e \u00e0 la lutte pour la libert\u00e9 et l'autod\u00e9termination, une \u00e9pop\u00e9e o\u00f9 les femmes ont toujours tenu un r\u00f4le de premier plan, bien au-del\u00e0 des st\u00e9r\u00e9otypes de la soci\u00e9t\u00e9 patriarcale.\",\"breadcrumb\":{\"@id\":\"https:\/\/eauzenfants.fr\/2025\/12\/04\/lemancipation-des-femmes-en-guinee-conakry\/#breadcrumb\"},\"inLanguage\":\"en-US\",\"potentialAction\":[{\"@type\":\"ReadAction\",\"target\":[\"https:\/\/eauzenfants.fr\/2025\/12\/04\/lemancipation-des-femmes-en-guinee-conakry\/\"]}]},{\"@type\":\"ImageObject\",\"inLanguage\":\"en-US\",\"@id\":\"https:\/\/eauzenfants.fr\/2025\/12\/04\/lemancipation-des-femmes-en-guinee-conakry\/#primaryimage\",\"url\":\"https:\/\/eauzenfants.fr\/wp-content\/uploads\/2025\/12\/WhatsApp-Image-2025-11-27-at-13.26.08-e1764866421163.jpeg\",\"contentUrl\":\"https:\/\/eauzenfants.fr\/wp-content\/uploads\/2025\/12\/WhatsApp-Image-2025-11-27-at-13.26.08-e1764866421163.jpeg\",\"width\":530,\"height\":410},{\"@type\":\"BreadcrumbList\",\"@id\":\"https:\/\/eauzenfants.fr\/2025\/12\/04\/lemancipation-des-femmes-en-guinee-conakry\/#breadcrumb\",\"itemListElement\":[{\"@type\":\"ListItem\",\"position\":1,\"name\":\"Accueil\",\"item\":\"https:\/\/eauzenfants.fr\/\"},{\"@type\":\"ListItem\",\"position\":2,\"name\":\"L&rsquo;\u00c9mancipation des Femmes en Guin\u00e9e-Conakry : Un Moteur de Progr\u00e8s National et d&rsquo;Avenir pour les Enfants\"}]},{\"@type\":\"WebSite\",\"@id\":\"https:\/\/eauzenfants.fr\/#website\",\"url\":\"https:\/\/eauzenfants.fr\/\",\"name\":\"Eau Z'Enfants\",\"description\":\"\",\"publisher\":{\"@id\":\"https:\/\/eauzenfants.fr\/#organization\"},\"potentialAction\":[{\"@type\":\"SearchAction\",\"target\":{\"@type\":\"EntryPoint\",\"urlTemplate\":\"https:\/\/eauzenfants.fr\/?s={search_term_string}\"},\"query-input\":{\"@type\":\"PropertyValueSpecification\",\"valueRequired\":true,\"valueName\":\"search_term_string\"}}],\"inLanguage\":\"en-US\"},{\"@type\":\"Organization\",\"@id\":\"https:\/\/eauzenfants.fr\/#organization\",\"name\":\"Eau Z'Enfants\",\"url\":\"https:\/\/eauzenfants.fr\/\",\"logo\":{\"@type\":\"ImageObject\",\"inLanguage\":\"en-US\",\"@id\":\"https:\/\/eauzenfants.fr\/#\/schema\/logo\/image\/\",\"url\":\"https:\/\/www.eauzenfants.fr\/wp-content\/uploads\/2020\/04\/logo-croped.png\",\"contentUrl\":\"https:\/\/www.eauzenfants.fr\/wp-content\/uploads\/2020\/04\/logo-croped.png\",\"width\":363,\"height\":384,\"caption\":\"Eau Z'Enfants\"},\"image\":{\"@id\":\"https:\/\/eauzenfants.fr\/#\/schema\/logo\/image\/\"},\"sameAs\":[\"https:\/\/www.facebook.com\/EAUZENFANTS\/\",\"https:\/\/www.instagram.com\/eau_z_enfants\",\"https:\/\/www.linkedin.com\/company\/eau-z-enfants\"]},{\"@type\":\"Person\",\"@id\":\"https:\/\/eauzenfants.fr\/#\/schema\/person\/78ef497ba562028909c1598fceab5222\",\"name\":\"Arnaud Piat\",\"image\":{\"@type\":\"ImageObject\",\"inLanguage\":\"en-US\",\"@id\":\"https:\/\/secure.gravatar.com\/avatar\/ca54c86069acdb3bc5d20de66c090a989e88e5d9faea5bad2dd21f11f2c3acee?s=96&d=mm&r=g\",\"url\":\"https:\/\/secure.gravatar.com\/avatar\/ca54c86069acdb3bc5d20de66c090a989e88e5d9faea5bad2dd21f11f2c3acee?s=96&d=mm&r=g\",\"contentUrl\":\"https:\/\/secure.gravatar.com\/avatar\/ca54c86069acdb3bc5d20de66c090a989e88e5d9faea5bad2dd21f11f2c3acee?s=96&d=mm&r=g\",\"caption\":\"Arnaud Piat\"},\"url\":\"http:\/\/eauzenfants.fr\/en\/author\/arnaud_eze\/\"}]}<\/script>\n<!-- \/ Yoast SEO plugin. -->","yoast_head_json":{"title":"L'\u00c9mancipation des Femmes en Guin\u00e9e-Conakry : Un Moteur de Progr\u00e8s National et d'Avenir pour les Enfants | Eau Z&#039;Enfants","description":"L'histoire de la Guin\u00e9e-Conakry est li\u00e9e \u00e0 la lutte pour la libert\u00e9 et l'autod\u00e9termination, une \u00e9pop\u00e9e o\u00f9 les femmes ont toujours tenu un r\u00f4le de premier plan, bien au-del\u00e0 des st\u00e9r\u00e9otypes de la soci\u00e9t\u00e9 patriarcale.","robots":{"index":"index","follow":"follow","max-snippet":"max-snippet:-1","max-image-preview":"max-image-preview:large","max-video-preview":"max-video-preview:-1"},"canonical":"https:\/\/eauzenfants.fr\/en\/2025\/12\/04\/lemancipation-des-femmes-en-guinee-conakry\/","og_locale":"en_US","og_type":"article","og_title":"L'\u00c9mancipation des Femmes en Guin\u00e9e-Conakry : Un Moteur de Progr\u00e8s National et d'Avenir pour les Enfants | Eau Z&#039;Enfants","og_description":"L'histoire de la Guin\u00e9e-Conakry est li\u00e9e \u00e0 la lutte pour la libert\u00e9 et l'autod\u00e9termination, une \u00e9pop\u00e9e o\u00f9 les femmes ont toujours tenu un r\u00f4le de premier plan, bien au-del\u00e0 des st\u00e9r\u00e9otypes de la soci\u00e9t\u00e9 patriarcale.","og_url":"https:\/\/eauzenfants.fr\/en\/2025\/12\/04\/lemancipation-des-femmes-en-guinee-conakry\/","og_site_name":"Eau Z&#039;Enfants","article_publisher":"https:\/\/www.facebook.com\/EAUZENFANTS\/","article_published_time":"2025-12-04T16:34:40+00:00","article_modified_time":"2025-12-05T13:55:44+00:00","og_image":[{"width":530,"height":410,"url":"https:\/\/eauzenfants.fr\/wp-content\/uploads\/2025\/12\/WhatsApp-Image-2025-11-27-at-13.26.08-e1764866421163.jpeg","type":"image\/jpeg"}],"author":"Arnaud Piat","twitter_card":"summary_large_image","twitter_misc":{"Written by":"Arnaud Piat","Est. reading time":"12 minutes"},"schema":{"@context":"https:\/\/schema.org","@graph":[{"@type":"Article","@id":"https:\/\/eauzenfants.fr\/2025\/12\/04\/lemancipation-des-femmes-en-guinee-conakry\/#article","isPartOf":{"@id":"https:\/\/eauzenfants.fr\/2025\/12\/04\/lemancipation-des-femmes-en-guinee-conakry\/"},"author":{"name":"Arnaud Piat","@id":"https:\/\/eauzenfants.fr\/#\/schema\/person\/78ef497ba562028909c1598fceab5222"},"headline":"L&rsquo;\u00c9mancipation des Femmes en Guin\u00e9e-Conakry : Un Moteur de Progr\u00e8s National et d&rsquo;Avenir pour les Enfants","datePublished":"2025-12-04T16:34:40+00:00","dateModified":"2025-12-05T13:55:44+00:00","mainEntityOfPage":{"@id":"https:\/\/eauzenfants.fr\/2025\/12\/04\/lemancipation-des-femmes-en-guinee-conakry\/"},"wordCount":2567,"publisher":{"@id":"https:\/\/eauzenfants.fr\/#organization"},"image":{"@id":"https:\/\/eauzenfants.fr\/2025\/12\/04\/lemancipation-des-femmes-en-guinee-conakry\/#primaryimage"},"thumbnailUrl":"https:\/\/eauzenfants.fr\/wp-content\/uploads\/2025\/12\/WhatsApp-Image-2025-11-27-at-13.26.08-e1764866421163.jpeg","articleSection":["Blog"],"inLanguage":"en-US"},{"@type":"WebPage","@id":"https:\/\/eauzenfants.fr\/2025\/12\/04\/lemancipation-des-femmes-en-guinee-conakry\/","url":"https:\/\/eauzenfants.fr\/2025\/12\/04\/lemancipation-des-femmes-en-guinee-conakry\/","name":"L'\u00c9mancipation des Femmes en Guin\u00e9e-Conakry : Un Moteur de Progr\u00e8s National et d'Avenir pour les Enfants | Eau Z&#039;Enfants","isPartOf":{"@id":"https:\/\/eauzenfants.fr\/#website"},"primaryImageOfPage":{"@id":"https:\/\/eauzenfants.fr\/2025\/12\/04\/lemancipation-des-femmes-en-guinee-conakry\/#primaryimage"},"image":{"@id":"https:\/\/eauzenfants.fr\/2025\/12\/04\/lemancipation-des-femmes-en-guinee-conakry\/#primaryimage"},"thumbnailUrl":"https:\/\/eauzenfants.fr\/wp-content\/uploads\/2025\/12\/WhatsApp-Image-2025-11-27-at-13.26.08-e1764866421163.jpeg","datePublished":"2025-12-04T16:34:40+00:00","dateModified":"2025-12-05T13:55:44+00:00","description":"L'histoire de la Guin\u00e9e-Conakry est li\u00e9e \u00e0 la lutte pour la libert\u00e9 et l'autod\u00e9termination, une \u00e9pop\u00e9e o\u00f9 les femmes ont toujours tenu un r\u00f4le de premier plan, bien au-del\u00e0 des st\u00e9r\u00e9otypes de la soci\u00e9t\u00e9 patriarcale.","breadcrumb":{"@id":"https:\/\/eauzenfants.fr\/2025\/12\/04\/lemancipation-des-femmes-en-guinee-conakry\/#breadcrumb"},"inLanguage":"en-US","potentialAction":[{"@type":"ReadAction","target":["https:\/\/eauzenfants.fr\/2025\/12\/04\/lemancipation-des-femmes-en-guinee-conakry\/"]}]},{"@type":"ImageObject","inLanguage":"en-US","@id":"https:\/\/eauzenfants.fr\/2025\/12\/04\/lemancipation-des-femmes-en-guinee-conakry\/#primaryimage","url":"https:\/\/eauzenfants.fr\/wp-content\/uploads\/2025\/12\/WhatsApp-Image-2025-11-27-at-13.26.08-e1764866421163.jpeg","contentUrl":"https:\/\/eauzenfants.fr\/wp-content\/uploads\/2025\/12\/WhatsApp-Image-2025-11-27-at-13.26.08-e1764866421163.jpeg","width":530,"height":410},{"@type":"BreadcrumbList","@id":"https:\/\/eauzenfants.fr\/2025\/12\/04\/lemancipation-des-femmes-en-guinee-conakry\/#breadcrumb","itemListElement":[{"@type":"ListItem","position":1,"name":"Accueil","item":"https:\/\/eauzenfants.fr\/"},{"@type":"ListItem","position":2,"name":"L&rsquo;\u00c9mancipation des Femmes en Guin\u00e9e-Conakry : Un Moteur de Progr\u00e8s National et d&rsquo;Avenir pour les Enfants"}]},{"@type":"WebSite","@id":"https:\/\/eauzenfants.fr\/#website","url":"https:\/\/eauzenfants.fr\/","name":"Eau Z'Enfants","description":"","publisher":{"@id":"https:\/\/eauzenfants.fr\/#organization"},"potentialAction":[{"@type":"SearchAction","target":{"@type":"EntryPoint","urlTemplate":"https:\/\/eauzenfants.fr\/?s={search_term_string}"},"query-input":{"@type":"PropertyValueSpecification","valueRequired":true,"valueName":"search_term_string"}}],"inLanguage":"en-US"},{"@type":"Organization","@id":"https:\/\/eauzenfants.fr\/#organization","name":"Eau Z'Enfants","url":"https:\/\/eauzenfants.fr\/","logo":{"@type":"ImageObject","inLanguage":"en-US","@id":"https:\/\/eauzenfants.fr\/#\/schema\/logo\/image\/","url":"https:\/\/www.eauzenfants.fr\/wp-content\/uploads\/2020\/04\/logo-croped.png","contentUrl":"https:\/\/www.eauzenfants.fr\/wp-content\/uploads\/2020\/04\/logo-croped.png","width":363,"height":384,"caption":"Eau Z'Enfants"},"image":{"@id":"https:\/\/eauzenfants.fr\/#\/schema\/logo\/image\/"},"sameAs":["https:\/\/www.facebook.com\/EAUZENFANTS\/","https:\/\/www.instagram.com\/eau_z_enfants","https:\/\/www.linkedin.com\/company\/eau-z-enfants"]},{"@type":"Person","@id":"https:\/\/eauzenfants.fr\/#\/schema\/person\/78ef497ba562028909c1598fceab5222","name":"Arnaud Piat","image":{"@type":"ImageObject","inLanguage":"en-US","@id":"https:\/\/secure.gravatar.com\/avatar\/ca54c86069acdb3bc5d20de66c090a989e88e5d9faea5bad2dd21f11f2c3acee?s=96&d=mm&r=g","url":"https:\/\/secure.gravatar.com\/avatar\/ca54c86069acdb3bc5d20de66c090a989e88e5d9faea5bad2dd21f11f2c3acee?s=96&d=mm&r=g","contentUrl":"https:\/\/secure.gravatar.com\/avatar\/ca54c86069acdb3bc5d20de66c090a989e88e5d9faea5bad2dd21f11f2c3acee?s=96&d=mm&r=g","caption":"Arnaud Piat"},"url":"http:\/\/eauzenfants.fr\/en\/author\/arnaud_eze\/"}]}},"_links":{"self":[{"href":"http:\/\/eauzenfants.fr\/en\/wp-json\/wp\/v2\/posts\/9473","targetHints":{"allow":["GET"]}}],"collection":[{"href":"http:\/\/eauzenfants.fr\/en\/wp-json\/wp\/v2\/posts"}],"about":[{"href":"http:\/\/eauzenfants.fr\/en\/wp-json\/wp\/v2\/types\/post"}],"author":[{"embeddable":true,"href":"http:\/\/eauzenfants.fr\/en\/wp-json\/wp\/v2\/users\/14"}],"replies":[{"embeddable":true,"href":"http:\/\/eauzenfants.fr\/en\/wp-json\/wp\/v2\/comments?post=9473"}],"version-history":[{"count":13,"href":"http:\/\/eauzenfants.fr\/en\/wp-json\/wp\/v2\/posts\/9473\/revisions"}],"predecessor-version":[{"id":9492,"href":"http:\/\/eauzenfants.fr\/en\/wp-json\/wp\/v2\/posts\/9473\/revisions\/9492"}],"wp:featuredmedia":[{"embeddable":true,"href":"http:\/\/eauzenfants.fr\/en\/wp-json\/wp\/v2\/media\/9482"}],"wp:attachment":[{"href":"http:\/\/eauzenfants.fr\/en\/wp-json\/wp\/v2\/media?parent=9473"}],"wp:term":[{"taxonomy":"category","embeddable":true,"href":"http:\/\/eauzenfants.fr\/en\/wp-json\/wp\/v2\/categories?post=9473"},{"taxonomy":"post_tag","embeddable":true,"href":"http:\/\/eauzenfants.fr\/en\/wp-json\/wp\/v2\/tags?post=9473"}],"curies":[{"name":"wp","href":"https:\/\/api.w.org\/{rel}","templated":true}]}}