{"id":4659,"date":"2022-04-12T17:33:45","date_gmt":"2022-04-12T15:33:45","guid":{"rendered":"https:\/\/www.eauzenfants.fr\/?p=4659"},"modified":"2022-04-15T19:52:09","modified_gmt":"2022-04-15T17:52:09","slug":"1-colis-pour-tous-notre-action-ramadan-2022","status":"publish","type":"post","link":"https:\/\/eauzenfants.fr\/en\/2022\/04\/12\/1-colis-pour-tous-notre-action-ramadan-2022\/","title":{"rendered":"1 colis pour tous : ensemble, partageons les bonnes valeurs"},"content":{"rendered":"<div data-elementor-type=\"wp-post\" data-elementor-id=\"4659\" class=\"elementor elementor-4659\">\n\t\t\t\t\t\t<section class=\"has_eae_slider elementor-section elementor-top-section elementor-element elementor-element-8b68703 elementor-section-boxed elementor-section-height-default elementor-section-height-default\" data-eae-slider=\"16109\" data-id=\"8b68703\" data-element_type=\"section\" data-e-type=\"section\">\n\t\t\t\t\t\t<div class=\"elementor-container elementor-column-gap-default\">\n\t\t\t\t\t<div class=\"has_eae_slider elementor-column elementor-col-100 elementor-top-column elementor-element elementor-element-4c45e5f\" data-eae-slider=\"2236\" data-id=\"4c45e5f\" data-element_type=\"column\" data-e-type=\"column\">\n\t\t\t<div class=\"elementor-widget-wrap elementor-element-populated\">\n\t\t\t\t\t\t<div class=\"elementor-element elementor-element-7431625 elementor-widget elementor-widget-text-editor\" data-id=\"7431625\" data-element_type=\"widget\" data-e-type=\"widget\" data-widget_type=\"text-editor.default\">\n\t\t\t\t\t\t\t\t\t<p>.<span style=\"font-weight: 400\">Le<\/span><b> ramadan<\/b><span style=\"font-weight: 400\"> est un mois de g\u00e9n\u00e9rosit\u00e9 et de spiritualit\u00e9. Pendant cette p\u00e9riode sacr\u00e9e, la coutume veut que l\u2019on partage aux plus n\u00e9cessiteux. L\u2019<\/span><b>association<\/b><span style=\"font-weight: 400\"> Eau Z\u2019Enfants a l&rsquo;ambition d\u2019offrir une vie meilleure aux personnes d\u00e9munies. Nous r\u00e9coltons depuis 3 ans, des <\/span><b>denr\u00e9es alimentaires <\/b><span style=\"font-weight: 400\">pour les <\/span><b>familles <\/b><span style=\"font-weight: 400\">et les orphelins dans le besoin, au Togo et en Guin\u00e9e Conakry. Pour ce ramadan 2022, nous lan\u00e7ons la campagne \u201c<\/span><b> un colis pour tous <\/b><span style=\"font-weight: 400\">\u201c afin de partager ensemble les bonnes valeurs. Le don de cette ann\u00e9e ira \u00e0 540 familles de villages recul\u00e9s et 400 <\/span><b>enfants<\/b><span style=\"font-weight: 400\"> de nos orphelinats partenaires.Vous rencontrez des difficult\u00e9s pour orienter votre donation? Alors d\u00e9couvrez les raisons de notre action.<\/span><\/p><p>\ud83d\udce6<span style=\"text-decoration: underline\"><a href=\"https:\/\/www.helloasso.com\/associations\/eau-z-enfants\/collectes\/un-colis-pour-tous\"> Cagnotte : un colis pour tou<\/a>s<\/span><\/p>\t\t\t\t\t\t\t\t<\/div>\n\t\t\t\t\t<\/div>\n\t\t<\/div>\n\t\t\t\t\t<\/div>\n\t\t<\/section>\n\t\t\t\t<section class=\"has_eae_slider elementor-section elementor-top-section elementor-element elementor-element-3ca4a54 elementor-section-boxed elementor-section-height-default elementor-section-height-default\" data-eae-slider=\"50362\" data-id=\"3ca4a54\" data-element_type=\"section\" data-e-type=\"section\">\n\t\t\t\t\t\t<div class=\"elementor-container elementor-column-gap-default\">\n\t\t\t\t\t<div class=\"has_eae_slider elementor-column elementor-col-100 elementor-top-column elementor-element elementor-element-81bd7ed\" data-eae-slider=\"82105\" data-id=\"81bd7ed\" data-element_type=\"column\" data-e-type=\"column\">\n\t\t\t<div class=\"elementor-widget-wrap elementor-element-populated\">\n\t\t\t\t\t\t<section class=\"has_eae_slider elementor-section elementor-inner-section elementor-element elementor-element-c00be8e elementor-section-boxed elementor-section-height-default elementor-section-height-default\" data-eae-slider=\"71132\" data-id=\"c00be8e\" data-element_type=\"section\" data-e-type=\"section\">\n\t\t\t\t\t\t<div class=\"elementor-container elementor-column-gap-default\">\n\t\t\t\t\t<div class=\"has_eae_slider elementor-column elementor-col-50 elementor-inner-column elementor-element elementor-element-288b876\" data-eae-slider=\"86336\" data-id=\"288b876\" data-element_type=\"column\" data-e-type=\"column\">\n\t\t\t<div class=\"elementor-widget-wrap elementor-element-populated\">\n\t\t\t\t\t\t<div class=\"elementor-element elementor-element-9616741 elementor-widget elementor-widget-image\" data-id=\"9616741\" data-element_type=\"widget\" data-e-type=\"widget\" data-widget_type=\"image.default\">\n\t\t\t\t\t\t\t\t\t\t\t\t\t\t\t<img fetchpriority=\"high\" decoding=\"async\" width=\"768\" height=\"1024\" src=\"https:\/\/eauzenfants.fr\/wp-content\/uploads\/2022\/04\/IMG_1294-768x1024.jpg\" class=\"attachment-large size-large wp-image-4660\" alt=\"Distributions de denr\u00e9es alimentaires en Afrique\" srcset=\"https:\/\/eauzenfants.fr\/wp-content\/uploads\/2022\/04\/IMG_1294-768x1024.jpg 768w, https:\/\/eauzenfants.fr\/wp-content\/uploads\/2022\/04\/IMG_1294-225x300.jpg 225w, https:\/\/eauzenfants.fr\/wp-content\/uploads\/2022\/04\/IMG_1294-1152x1536.jpg 1152w, https:\/\/eauzenfants.fr\/wp-content\/uploads\/2022\/04\/IMG_1294-1536x2048.jpg 1536w, https:\/\/eauzenfants.fr\/wp-content\/uploads\/2022\/04\/IMG_1294-scaled.jpg 1920w\" sizes=\"(max-width: 768px) 100vw, 768px\" \/>\t\t\t\t\t\t\t\t\t\t\t\t\t\t\t<\/div>\n\t\t\t\t\t<\/div>\n\t\t<\/div>\n\t\t\t\t<div class=\"has_eae_slider elementor-column elementor-col-50 elementor-inner-column elementor-element elementor-element-393f8fa\" data-eae-slider=\"76580\" data-id=\"393f8fa\" data-element_type=\"column\" data-e-type=\"column\">\n\t\t\t<div class=\"elementor-widget-wrap elementor-element-populated\">\n\t\t\t\t\t\t<div class=\"elementor-element elementor-element-ba64749 elementor-widget elementor-widget-image\" data-id=\"ba64749\" data-element_type=\"widget\" data-e-type=\"widget\" data-widget_type=\"image.default\">\n\t\t\t\t\t\t\t\t\t\t\t\t\t\t\t<img decoding=\"async\" width=\"768\" height=\"1024\" src=\"https:\/\/eauzenfants.fr\/wp-content\/uploads\/2022\/04\/IMG_1284-768x1024.jpg\" class=\"attachment-large size-large wp-image-4661\" alt=\"Distribution de denr\u00e9e alimentaires en Afrique\" srcset=\"https:\/\/eauzenfants.fr\/wp-content\/uploads\/2022\/04\/IMG_1284-768x1024.jpg 768w, https:\/\/eauzenfants.fr\/wp-content\/uploads\/2022\/04\/IMG_1284-225x300.jpg 225w, https:\/\/eauzenfants.fr\/wp-content\/uploads\/2022\/04\/IMG_1284-1152x1536.jpg 1152w, https:\/\/eauzenfants.fr\/wp-content\/uploads\/2022\/04\/IMG_1284-1536x2048.jpg 1536w, https:\/\/eauzenfants.fr\/wp-content\/uploads\/2022\/04\/IMG_1284-scaled.jpg 1920w\" sizes=\"(max-width: 768px) 100vw, 768px\" \/>\t\t\t\t\t\t\t\t\t\t\t\t\t\t\t<\/div>\n\t\t\t\t\t<\/div>\n\t\t<\/div>\n\t\t\t\t\t<\/div>\n\t\t<\/section>\n\t\t\t\t\t<\/div>\n\t\t<\/div>\n\t\t\t\t\t<\/div>\n\t\t<\/section>\n\t\t\t\t<section class=\"has_eae_slider elementor-section elementor-top-section elementor-element elementor-element-aa1d6a9 elementor-section-boxed elementor-section-height-default elementor-section-height-default\" data-eae-slider=\"88218\" data-id=\"aa1d6a9\" data-element_type=\"section\" data-e-type=\"section\">\n\t\t\t\t\t\t<div class=\"elementor-container elementor-column-gap-default\">\n\t\t\t\t\t<div class=\"has_eae_slider elementor-column elementor-col-100 elementor-top-column elementor-element elementor-element-e867694\" data-eae-slider=\"93956\" data-id=\"e867694\" data-element_type=\"column\" data-e-type=\"column\">\n\t\t\t<div class=\"elementor-widget-wrap elementor-element-populated\">\n\t\t\t\t\t\t<div class=\"elementor-element elementor-element-d28aea2 elementor-widget elementor-widget-text-editor\" data-id=\"d28aea2\" data-element_type=\"widget\" data-e-type=\"widget\" data-widget_type=\"text-editor.default\">\n\t\t\t\t\t\t\t\t\t<h2>Raison 1 : le manque de nourriture en Afrique<\/h2><h3>La situation g\u00e9n\u00e9rale en Afrique<\/h3><p>Dans certains pays d\u2019Afrique, la s\u00e9cheresse et le d\u00e9veloppement \u00e9conomique trop lent provoquent un manque cons\u00e9quent de <strong>ressources alimentaires<\/strong>. Depuis 2014 les cas de malnutrition ont augment\u00e9 de 50 %. L\u2019association Eau Z\u2019enfants lutte contre cette in\u00e9galit\u00e9, en offrant des lots de nourriture aux familles dans le besoin. Notre action cible principalement les villages et les orphelinats au <strong>Togo<\/strong> et en <strong>Guin\u00e9e Conakry<\/strong>.<\/p><h3>Un je\u00fbne difficile pendant le ramadan<\/h3><p>Notre \u00e9quipe a relev\u00e9 un constat alarmant chez les pratiquants musulmans des deux pays. Les fid\u00e8les qui honorent le <strong>ramadan<\/strong> n\u2019ont pas la possibilit\u00e9 de rompre le je\u00fbne tous les soirs. Ils ne poss\u00e8dent pas suffisamment de <strong>nourriture<\/strong> pour pr\u00e9parer de copieux repas et se rassasier. Quelques fois, ils ne mangent pas pendant plusieurs jours.<\/p><h2>Raison 2 : Les prix augmentent<\/h2><h3>La hausse des prix pendant le ramadan<\/h3><p>Les prix des aliments de base augmentent pendant le ramadan ; la raison est simple. Le principe de consommation repose sur un calendrier annuel, o\u00f9 chaque \u00e9v\u00e9nement peut justifier cette hausse. Toutes les <strong>c\u00e9l\u00e9brations religieuses<\/strong> sont victimes de cette condition. M\u00eame si dans certains pays des lois limitent la hausse des prix, d&rsquo;autres n&rsquo;ont pas la chance d&rsquo;en b\u00e9n\u00e9ficier.<\/p><h3>L\u2019inflation mondiale<\/h3><p>Avec la guerre en Ukraine, nous avons tous remarqu\u00e9 l&rsquo;augmentation des prix dans notre quotidien. Cette situation a de graves cons\u00e9quences dans le monde entier. Beaucoup de gens rencontrent des difficult\u00e9s pour manger. Sabrina, la responsable de l&rsquo;association, a constat\u00e9 cette inflation lors de son dernier voyage en mars dernier, en Guin\u00e9e.<\/p>\t\t\t\t\t\t\t\t<\/div>\n\t\t\t\t\t<\/div>\n\t\t<\/div>\n\t\t\t\t\t<\/div>\n\t\t<\/section>\n\t\t\t\t<section class=\"has_eae_slider elementor-section elementor-top-section elementor-element elementor-element-db6a0ef elementor-section-boxed elementor-section-height-default elementor-section-height-default\" data-eae-slider=\"27213\" data-id=\"db6a0ef\" data-element_type=\"section\" data-e-type=\"section\">\n\t\t\t\t\t\t<div class=\"elementor-container elementor-column-gap-default\">\n\t\t\t\t\t<div class=\"has_eae_slider elementor-column elementor-col-100 elementor-top-column elementor-element elementor-element-373578e\" data-eae-slider=\"75382\" data-id=\"373578e\" data-element_type=\"column\" data-e-type=\"column\">\n\t\t\t<div class=\"elementor-widget-wrap elementor-element-populated\">\n\t\t\t\t\t\t<div class=\"elementor-element elementor-element-a3d56d7 elementor-widget elementor-widget-image\" data-id=\"a3d56d7\" data-element_type=\"widget\" data-e-type=\"widget\" data-widget_type=\"image.default\">\n\t\t\t\t\t\t\t\t\t\t\t\t\t\t\t<img decoding=\"async\" width=\"800\" height=\"600\" src=\"https:\/\/eauzenfants.fr\/wp-content\/uploads\/2022\/04\/a4d13d44-b94f-4058-ab34-ab98052004db-1024x768.jpg\" class=\"attachment-large size-large wp-image-4662\" alt=\"Distribution de nourriture pour les enfants des orphelinats\" srcset=\"https:\/\/eauzenfants.fr\/wp-content\/uploads\/2022\/04\/a4d13d44-b94f-4058-ab34-ab98052004db-1024x768.jpg 1024w, https:\/\/eauzenfants.fr\/wp-content\/uploads\/2022\/04\/a4d13d44-b94f-4058-ab34-ab98052004db-300x225.jpg 300w, https:\/\/eauzenfants.fr\/wp-content\/uploads\/2022\/04\/a4d13d44-b94f-4058-ab34-ab98052004db-768x576.jpg 768w, https:\/\/eauzenfants.fr\/wp-content\/uploads\/2022\/04\/a4d13d44-b94f-4058-ab34-ab98052004db.jpg 1080w\" sizes=\"(max-width: 800px) 100vw, 800px\" \/>\t\t\t\t\t\t\t\t\t\t\t\t\t\t\t<\/div>\n\t\t\t\t<div class=\"elementor-element elementor-element-45218fa elementor-widget elementor-widget-text-editor\" data-id=\"45218fa\" data-element_type=\"widget\" data-e-type=\"widget\" data-widget_type=\"text-editor.default\">\n\t\t\t\t\t\t\t\t\t<h2>Un colis pour tous : notre action contre la faim<\/h2><p>Afin de lutter contre le manque de provisions alimentaires au Togo et en Guin\u00e9e, notre <strong>association<\/strong> lance sa campagne : un colis pour tous. Elle a d\u00e9but\u00e9 le 1er avril et s\u2019ach\u00e8ve le 1er mai. L\u2019objectif est de r\u00e9colter un maximum de <strong>dons<\/strong> pour propulser notre action. Vous pouvez suivre l\u2019\u00e9volution de la campagne sur le<span style=\"text-decoration: underline\"> <a href=\"https:\/\/www.helloasso.com\/associations\/eau-z-enfants\/collectes\/un-colis-pour-tous\">lien de la cagnotte. <\/a><\/span>Cette ann\u00e9e, nous aidons 11 villages dont 540 <strong>familles<\/strong> dans le besoin. L\u2019association agit aussi dans les orphelinats. Gr\u00e2ce \u00e0 votre aide 400 <strong>enfants<\/strong> vont b\u00e9n\u00e9ficier d\u2019un panier-repas. Enfin, nous intervenons aussi pour permettre aux pratiquants musulmans de respecter les consignes du ramadan sans difficult\u00e9s.<\/p><h2>Comment nous aider ?<\/h2><p>Dans la lutte contre la faim, les raisons de notre action sont nombreuses. Elles sont encore plus importantes cette ann\u00e9e 2022 avec l\u2019inflation et l&rsquo;augmentation alarmante de la malnutrition. Pour participer \u00e0 la cagnotte, rendez-vous sur le lien juste en dessous.<\/p><p>\ud83d\udce6<span style=\"text-decoration: underline\"><a href=\"https:\/\/www.helloasso.com\/associations\/eau-z-enfants\/collectes\/un-colis-pour-tous\"> lien de la cagnotte : un colis pour tous<\/a><\/span><\/p>\t\t\t\t\t\t\t\t<\/div>\n\t\t\t\t<div class=\"elementor-element elementor-element-d08ad87 elementor-widget elementor-widget-image\" data-id=\"d08ad87\" data-element_type=\"widget\" data-e-type=\"widget\" data-widget_type=\"image.default\">\n\t\t\t\t\t\t\t\t\t\t\t\t\t\t\t<img loading=\"lazy\" decoding=\"async\" width=\"768\" height=\"704\" src=\"https:\/\/eauzenfants.fr\/wp-content\/uploads\/2022\/04\/1325444444444444444444444-768x704.jpg\" class=\"attachment-medium_large size-medium_large wp-image-4676\" alt=\"rencontre avec les enfants\" srcset=\"https:\/\/eauzenfants.fr\/wp-content\/uploads\/2022\/04\/1325444444444444444444444-768x704.jpg 768w, https:\/\/eauzenfants.fr\/wp-content\/uploads\/2022\/04\/1325444444444444444444444-300x275.jpg 300w, https:\/\/eauzenfants.fr\/wp-content\/uploads\/2022\/04\/1325444444444444444444444-1024x938.jpg 1024w, https:\/\/eauzenfants.fr\/wp-content\/uploads\/2022\/04\/1325444444444444444444444-1536x1407.jpg 1536w, https:\/\/eauzenfants.fr\/wp-content\/uploads\/2022\/04\/1325444444444444444444444.jpg 2048w\" sizes=\"(max-width: 768px) 100vw, 768px\" \/>\t\t\t\t\t\t\t\t\t\t\t\t\t\t\t<\/div>\n\t\t\t\t<div class=\"elementor-element elementor-element-a30711a elementor-widget elementor-widget-text-editor\" data-id=\"a30711a\" data-element_type=\"widget\" data-e-type=\"widget\" data-widget_type=\"text-editor.default\">\n\t\t\t\t\t\t\t\t\t<p><em>R\u00e9dig\u00e9 par : Camille Vallois, R\u00e9dac Web b\u00e9n\u00e9vole pour EauZ&rsquo;Enfants<\/em><\/p>\t\t\t\t\t\t\t\t<\/div>\n\t\t\t\t\t<\/div>\n\t\t<\/div>\n\t\t\t\t\t<\/div>\n\t\t<\/section>\n\t\t\t\t<\/div>","protected":false},"excerpt":{"rendered":"<p>Nous r\u00e9coltons les fonds n\u00e9cessaires pour approvisionner plusieurs villages et orphelinats au Togo et en Guin\u00e9e Conakry. Pour ce ramadan 2022, nous lan\u00e7ons la campagne : un colis alimentaire pour tous. Voici les raisons principales de notre initiative :<\/p>","protected":false},"author":5,"featured_media":4674,"comment_status":"open","ping_status":"open","sticky":false,"template":"","format":"standard","meta":{"footnotes":""},"categories":[1],"tags":[],"class_list":["post-4659","post","type-post","status-publish","format-standard","has-post-thumbnail","hentry","category-blog"],"yoast_head":"<!-- This site is optimized with the Yoast SEO plugin v27.2 - https:\/\/yoast.com\/product\/yoast-seo-wordpress\/ -->\n<title>1 colis pour tous : ensemble, partageons les bonnes valeurs | Eau Z&#039;Enfants<\/title>\n<meta name=\"description\" content=\"Pour ce mois ramadan 2022, l&#039;association Eau Z&#039;Enfants lance sa campagne de don contre la faim. D\u00e9couvrez les raisons de notre action.\" \/>\n<meta name=\"robots\" content=\"index, follow, max-snippet:-1, max-image-preview:large, max-video-preview:-1\" \/>\n<link rel=\"canonical\" href=\"https:\/\/eauzenfants.fr\/en\/2022\/04\/12\/1-colis-pour-tous-notre-action-ramadan-2022\/\" \/>\n<meta property=\"og:locale\" content=\"en_US\" \/>\n<meta property=\"og:type\" content=\"article\" \/>\n<meta property=\"og:title\" content=\"1 colis pour tous : ensemble, partageons les bonnes valeurs | Eau Z&#039;Enfants\" \/>\n<meta property=\"og:description\" content=\"Pour ce mois ramadan 2022, l&#039;association Eau Z&#039;Enfants lance sa campagne de don contre la faim. D\u00e9couvrez les raisons de notre action.\" \/>\n<meta property=\"og:url\" content=\"https:\/\/eauzenfants.fr\/en\/2022\/04\/12\/1-colis-pour-tous-notre-action-ramadan-2022\/\" \/>\n<meta property=\"og:site_name\" content=\"Eau Z&#039;Enfants\" \/>\n<meta property=\"article:publisher\" content=\"https:\/\/www.facebook.com\/EAUZENFANTS\/\" \/>\n<meta property=\"article:published_time\" content=\"2022-04-12T15:33:45+00:00\" \/>\n<meta property=\"article:modified_time\" content=\"2022-04-15T17:52:09+00:00\" \/>\n<meta property=\"og:image\" content=\"https:\/\/eauzenfants.fr\/wp-content\/uploads\/2022\/04\/den30.jpg\" \/>\n\t<meta property=\"og:image:width\" content=\"2048\" \/>\n\t<meta property=\"og:image:height\" content=\"1536\" \/>\n\t<meta property=\"og:image:type\" content=\"image\/jpeg\" \/>\n<meta name=\"author\" content=\"camille vallois\" \/>\n<meta name=\"twitter:card\" content=\"summary_large_image\" \/>\n<meta name=\"twitter:label1\" content=\"Written by\" \/>\n\t<meta name=\"twitter:data1\" content=\"camille vallois\" \/>\n\t<meta name=\"twitter:label2\" content=\"Est. reading time\" \/>\n\t<meta name=\"twitter:data2\" content=\"4 minutes\" \/>\n<script type=\"application\/ld+json\" class=\"yoast-schema-graph\">{\"@context\":\"https:\/\/schema.org\",\"@graph\":[{\"@type\":\"Article\",\"@id\":\"https:\/\/eauzenfants.fr\/2022\/04\/12\/1-colis-pour-tous-notre-action-ramadan-2022\/#article\",\"isPartOf\":{\"@id\":\"https:\/\/eauzenfants.fr\/2022\/04\/12\/1-colis-pour-tous-notre-action-ramadan-2022\/\"},\"author\":{\"name\":\"camille vallois\",\"@id\":\"https:\/\/eauzenfants.fr\/#\/schema\/person\/7de2cc99b935a1c61df987032e9fa9dc\"},\"headline\":\"1 colis pour tous : ensemble, partageons les bonnes valeurs\",\"datePublished\":\"2022-04-12T15:33:45+00:00\",\"dateModified\":\"2022-04-15T17:52:09+00:00\",\"mainEntityOfPage\":{\"@id\":\"https:\/\/eauzenfants.fr\/2022\/04\/12\/1-colis-pour-tous-notre-action-ramadan-2022\/\"},\"wordCount\":615,\"commentCount\":0,\"publisher\":{\"@id\":\"https:\/\/eauzenfants.fr\/#organization\"},\"image\":{\"@id\":\"https:\/\/eauzenfants.fr\/2022\/04\/12\/1-colis-pour-tous-notre-action-ramadan-2022\/#primaryimage\"},\"thumbnailUrl\":\"https:\/\/eauzenfants.fr\/wp-content\/uploads\/2022\/04\/den30.jpg\",\"articleSection\":[\"Blog\"],\"inLanguage\":\"en-US\",\"potentialAction\":[{\"@type\":\"CommentAction\",\"name\":\"Comment\",\"target\":[\"https:\/\/eauzenfants.fr\/2022\/04\/12\/1-colis-pour-tous-notre-action-ramadan-2022\/#respond\"]}]},{\"@type\":\"WebPage\",\"@id\":\"https:\/\/eauzenfants.fr\/2022\/04\/12\/1-colis-pour-tous-notre-action-ramadan-2022\/\",\"url\":\"https:\/\/eauzenfants.fr\/2022\/04\/12\/1-colis-pour-tous-notre-action-ramadan-2022\/\",\"name\":\"1 colis pour tous : ensemble, partageons les bonnes valeurs | Eau Z&#039;Enfants\",\"isPartOf\":{\"@id\":\"https:\/\/eauzenfants.fr\/#website\"},\"primaryImageOfPage\":{\"@id\":\"https:\/\/eauzenfants.fr\/2022\/04\/12\/1-colis-pour-tous-notre-action-ramadan-2022\/#primaryimage\"},\"image\":{\"@id\":\"https:\/\/eauzenfants.fr\/2022\/04\/12\/1-colis-pour-tous-notre-action-ramadan-2022\/#primaryimage\"},\"thumbnailUrl\":\"https:\/\/eauzenfants.fr\/wp-content\/uploads\/2022\/04\/den30.jpg\",\"datePublished\":\"2022-04-12T15:33:45+00:00\",\"dateModified\":\"2022-04-15T17:52:09+00:00\",\"description\":\"Pour ce mois ramadan 2022, l'association Eau Z'Enfants lance sa campagne de don contre la faim. D\u00e9couvrez les raisons de notre action.\",\"breadcrumb\":{\"@id\":\"https:\/\/eauzenfants.fr\/2022\/04\/12\/1-colis-pour-tous-notre-action-ramadan-2022\/#breadcrumb\"},\"inLanguage\":\"en-US\",\"potentialAction\":[{\"@type\":\"ReadAction\",\"target\":[\"https:\/\/eauzenfants.fr\/2022\/04\/12\/1-colis-pour-tous-notre-action-ramadan-2022\/\"]}]},{\"@type\":\"ImageObject\",\"inLanguage\":\"en-US\",\"@id\":\"https:\/\/eauzenfants.fr\/2022\/04\/12\/1-colis-pour-tous-notre-action-ramadan-2022\/#primaryimage\",\"url\":\"https:\/\/eauzenfants.fr\/wp-content\/uploads\/2022\/04\/den30.jpg\",\"contentUrl\":\"https:\/\/eauzenfants.fr\/wp-content\/uploads\/2022\/04\/den30.jpg\",\"width\":2048,\"height\":1536,\"caption\":\"Don alimentaire en Guin\u00e9e\"},{\"@type\":\"BreadcrumbList\",\"@id\":\"https:\/\/eauzenfants.fr\/2022\/04\/12\/1-colis-pour-tous-notre-action-ramadan-2022\/#breadcrumb\",\"itemListElement\":[{\"@type\":\"ListItem\",\"position\":1,\"name\":\"Accueil\",\"item\":\"https:\/\/eauzenfants.fr\/\"},{\"@type\":\"ListItem\",\"position\":2,\"name\":\"1 colis pour tous : ensemble, partageons les bonnes valeurs\"}]},{\"@type\":\"WebSite\",\"@id\":\"https:\/\/eauzenfants.fr\/#website\",\"url\":\"https:\/\/eauzenfants.fr\/\",\"name\":\"Eau Z'Enfants\",\"description\":\"\",\"publisher\":{\"@id\":\"https:\/\/eauzenfants.fr\/#organization\"},\"potentialAction\":[{\"@type\":\"SearchAction\",\"target\":{\"@type\":\"EntryPoint\",\"urlTemplate\":\"https:\/\/eauzenfants.fr\/?s={search_term_string}\"},\"query-input\":{\"@type\":\"PropertyValueSpecification\",\"valueRequired\":true,\"valueName\":\"search_term_string\"}}],\"inLanguage\":\"en-US\"},{\"@type\":\"Organization\",\"@id\":\"https:\/\/eauzenfants.fr\/#organization\",\"name\":\"Eau Z'Enfants\",\"url\":\"https:\/\/eauzenfants.fr\/\",\"logo\":{\"@type\":\"ImageObject\",\"inLanguage\":\"en-US\",\"@id\":\"https:\/\/eauzenfants.fr\/#\/schema\/logo\/image\/\",\"url\":\"https:\/\/www.eauzenfants.fr\/wp-content\/uploads\/2020\/04\/logo-croped.png\",\"contentUrl\":\"https:\/\/www.eauzenfants.fr\/wp-content\/uploads\/2020\/04\/logo-croped.png\",\"width\":363,\"height\":384,\"caption\":\"Eau Z'Enfants\"},\"image\":{\"@id\":\"https:\/\/eauzenfants.fr\/#\/schema\/logo\/image\/\"},\"sameAs\":[\"https:\/\/www.facebook.com\/EAUZENFANTS\/\",\"https:\/\/www.instagram.com\/eau_z_enfants\",\"https:\/\/www.linkedin.com\/company\/eau-z-enfants\"]},{\"@type\":\"Person\",\"@id\":\"https:\/\/eauzenfants.fr\/#\/schema\/person\/7de2cc99b935a1c61df987032e9fa9dc\",\"name\":\"camille vallois\",\"image\":{\"@type\":\"ImageObject\",\"inLanguage\":\"en-US\",\"@id\":\"https:\/\/secure.gravatar.com\/avatar\/09af4ce1c5f25c4022b5309b64e8e88fd71df062b14c42c3fff01978dd4bd12a?s=96&d=mm&r=g\",\"url\":\"https:\/\/secure.gravatar.com\/avatar\/09af4ce1c5f25c4022b5309b64e8e88fd71df062b14c42c3fff01978dd4bd12a?s=96&d=mm&r=g\",\"contentUrl\":\"https:\/\/secure.gravatar.com\/avatar\/09af4ce1c5f25c4022b5309b64e8e88fd71df062b14c42c3fff01978dd4bd12a?s=96&d=mm&r=g\",\"caption\":\"camille vallois\"},\"url\":\"https:\/\/eauzenfants.fr\/en\/author\/cml_eze\/\"}]}<\/script>\n<!-- \/ Yoast SEO plugin. -->","yoast_head_json":{"title":"1 colis pour tous : ensemble, partageons les bonnes valeurs | Eau Z&#039;Enfants","description":"Pour ce mois ramadan 2022, l'association Eau Z'Enfants lance sa campagne de don contre la faim. D\u00e9couvrez les raisons de notre action.","robots":{"index":"index","follow":"follow","max-snippet":"max-snippet:-1","max-image-preview":"max-image-preview:large","max-video-preview":"max-video-preview:-1"},"canonical":"https:\/\/eauzenfants.fr\/en\/2022\/04\/12\/1-colis-pour-tous-notre-action-ramadan-2022\/","og_locale":"en_US","og_type":"article","og_title":"1 colis pour tous : ensemble, partageons les bonnes valeurs | Eau Z&#039;Enfants","og_description":"Pour ce mois ramadan 2022, l'association Eau Z'Enfants lance sa campagne de don contre la faim. D\u00e9couvrez les raisons de notre action.","og_url":"https:\/\/eauzenfants.fr\/en\/2022\/04\/12\/1-colis-pour-tous-notre-action-ramadan-2022\/","og_site_name":"Eau Z&#039;Enfants","article_publisher":"https:\/\/www.facebook.com\/EAUZENFANTS\/","article_published_time":"2022-04-12T15:33:45+00:00","article_modified_time":"2022-04-15T17:52:09+00:00","og_image":[{"width":2048,"height":1536,"url":"https:\/\/eauzenfants.fr\/wp-content\/uploads\/2022\/04\/den30.jpg","type":"image\/jpeg"}],"author":"camille vallois","twitter_card":"summary_large_image","twitter_misc":{"Written by":"camille vallois","Est. reading time":"4 minutes"},"schema":{"@context":"https:\/\/schema.org","@graph":[{"@type":"Article","@id":"https:\/\/eauzenfants.fr\/2022\/04\/12\/1-colis-pour-tous-notre-action-ramadan-2022\/#article","isPartOf":{"@id":"https:\/\/eauzenfants.fr\/2022\/04\/12\/1-colis-pour-tous-notre-action-ramadan-2022\/"},"author":{"name":"camille vallois","@id":"https:\/\/eauzenfants.fr\/#\/schema\/person\/7de2cc99b935a1c61df987032e9fa9dc"},"headline":"1 colis pour tous : ensemble, partageons les bonnes valeurs","datePublished":"2022-04-12T15:33:45+00:00","dateModified":"2022-04-15T17:52:09+00:00","mainEntityOfPage":{"@id":"https:\/\/eauzenfants.fr\/2022\/04\/12\/1-colis-pour-tous-notre-action-ramadan-2022\/"},"wordCount":615,"commentCount":0,"publisher":{"@id":"https:\/\/eauzenfants.fr\/#organization"},"image":{"@id":"https:\/\/eauzenfants.fr\/2022\/04\/12\/1-colis-pour-tous-notre-action-ramadan-2022\/#primaryimage"},"thumbnailUrl":"https:\/\/eauzenfants.fr\/wp-content\/uploads\/2022\/04\/den30.jpg","articleSection":["Blog"],"inLanguage":"en-US","potentialAction":[{"@type":"CommentAction","name":"Comment","target":["https:\/\/eauzenfants.fr\/2022\/04\/12\/1-colis-pour-tous-notre-action-ramadan-2022\/#respond"]}]},{"@type":"WebPage","@id":"https:\/\/eauzenfants.fr\/2022\/04\/12\/1-colis-pour-tous-notre-action-ramadan-2022\/","url":"https:\/\/eauzenfants.fr\/2022\/04\/12\/1-colis-pour-tous-notre-action-ramadan-2022\/","name":"1 colis pour tous : ensemble, partageons les bonnes valeurs | Eau Z&#039;Enfants","isPartOf":{"@id":"https:\/\/eauzenfants.fr\/#website"},"primaryImageOfPage":{"@id":"https:\/\/eauzenfants.fr\/2022\/04\/12\/1-colis-pour-tous-notre-action-ramadan-2022\/#primaryimage"},"image":{"@id":"https:\/\/eauzenfants.fr\/2022\/04\/12\/1-colis-pour-tous-notre-action-ramadan-2022\/#primaryimage"},"thumbnailUrl":"https:\/\/eauzenfants.fr\/wp-content\/uploads\/2022\/04\/den30.jpg","datePublished":"2022-04-12T15:33:45+00:00","dateModified":"2022-04-15T17:52:09+00:00","description":"Pour ce mois ramadan 2022, l'association Eau Z'Enfants lance sa campagne de don contre la faim. D\u00e9couvrez les raisons de notre action.","breadcrumb":{"@id":"https:\/\/eauzenfants.fr\/2022\/04\/12\/1-colis-pour-tous-notre-action-ramadan-2022\/#breadcrumb"},"inLanguage":"en-US","potentialAction":[{"@type":"ReadAction","target":["https:\/\/eauzenfants.fr\/2022\/04\/12\/1-colis-pour-tous-notre-action-ramadan-2022\/"]}]},{"@type":"ImageObject","inLanguage":"en-US","@id":"https:\/\/eauzenfants.fr\/2022\/04\/12\/1-colis-pour-tous-notre-action-ramadan-2022\/#primaryimage","url":"https:\/\/eauzenfants.fr\/wp-content\/uploads\/2022\/04\/den30.jpg","contentUrl":"https:\/\/eauzenfants.fr\/wp-content\/uploads\/2022\/04\/den30.jpg","width":2048,"height":1536,"caption":"Don alimentaire en Guin\u00e9e"},{"@type":"BreadcrumbList","@id":"https:\/\/eauzenfants.fr\/2022\/04\/12\/1-colis-pour-tous-notre-action-ramadan-2022\/#breadcrumb","itemListElement":[{"@type":"ListItem","position":1,"name":"Accueil","item":"https:\/\/eauzenfants.fr\/"},{"@type":"ListItem","position":2,"name":"1 colis pour tous : ensemble, partageons les bonnes valeurs"}]},{"@type":"WebSite","@id":"https:\/\/eauzenfants.fr\/#website","url":"https:\/\/eauzenfants.fr\/","name":"Eau Z'Enfants","description":"","publisher":{"@id":"https:\/\/eauzenfants.fr\/#organization"},"potentialAction":[{"@type":"SearchAction","target":{"@type":"EntryPoint","urlTemplate":"https:\/\/eauzenfants.fr\/?s={search_term_string}"},"query-input":{"@type":"PropertyValueSpecification","valueRequired":true,"valueName":"search_term_string"}}],"inLanguage":"en-US"},{"@type":"Organization","@id":"https:\/\/eauzenfants.fr\/#organization","name":"Eau Z'Enfants","url":"https:\/\/eauzenfants.fr\/","logo":{"@type":"ImageObject","inLanguage":"en-US","@id":"https:\/\/eauzenfants.fr\/#\/schema\/logo\/image\/","url":"https:\/\/www.eauzenfants.fr\/wp-content\/uploads\/2020\/04\/logo-croped.png","contentUrl":"https:\/\/www.eauzenfants.fr\/wp-content\/uploads\/2020\/04\/logo-croped.png","width":363,"height":384,"caption":"Eau Z'Enfants"},"image":{"@id":"https:\/\/eauzenfants.fr\/#\/schema\/logo\/image\/"},"sameAs":["https:\/\/www.facebook.com\/EAUZENFANTS\/","https:\/\/www.instagram.com\/eau_z_enfants","https:\/\/www.linkedin.com\/company\/eau-z-enfants"]},{"@type":"Person","@id":"https:\/\/eauzenfants.fr\/#\/schema\/person\/7de2cc99b935a1c61df987032e9fa9dc","name":"camille vallois","image":{"@type":"ImageObject","inLanguage":"en-US","@id":"https:\/\/secure.gravatar.com\/avatar\/09af4ce1c5f25c4022b5309b64e8e88fd71df062b14c42c3fff01978dd4bd12a?s=96&d=mm&r=g","url":"https:\/\/secure.gravatar.com\/avatar\/09af4ce1c5f25c4022b5309b64e8e88fd71df062b14c42c3fff01978dd4bd12a?s=96&d=mm&r=g","contentUrl":"https:\/\/secure.gravatar.com\/avatar\/09af4ce1c5f25c4022b5309b64e8e88fd71df062b14c42c3fff01978dd4bd12a?s=96&d=mm&r=g","caption":"camille vallois"},"url":"https:\/\/eauzenfants.fr\/en\/author\/cml_eze\/"}]}},"_links":{"self":[{"href":"https:\/\/eauzenfants.fr\/en\/wp-json\/wp\/v2\/posts\/4659","targetHints":{"allow":["GET"]}}],"collection":[{"href":"https:\/\/eauzenfants.fr\/en\/wp-json\/wp\/v2\/posts"}],"about":[{"href":"https:\/\/eauzenfants.fr\/en\/wp-json\/wp\/v2\/types\/post"}],"author":[{"embeddable":true,"href":"https:\/\/eauzenfants.fr\/en\/wp-json\/wp\/v2\/users\/5"}],"replies":[{"embeddable":true,"href":"https:\/\/eauzenfants.fr\/en\/wp-json\/wp\/v2\/comments?post=4659"}],"version-history":[{"count":0,"href":"https:\/\/eauzenfants.fr\/en\/wp-json\/wp\/v2\/posts\/4659\/revisions"}],"wp:featuredmedia":[{"embeddable":true,"href":"https:\/\/eauzenfants.fr\/en\/wp-json\/wp\/v2\/media\/4674"}],"wp:attachment":[{"href":"https:\/\/eauzenfants.fr\/en\/wp-json\/wp\/v2\/media?parent=4659"}],"wp:term":[{"taxonomy":"category","embeddable":true,"href":"https:\/\/eauzenfants.fr\/en\/wp-json\/wp\/v2\/categories?post=4659"},{"taxonomy":"post_tag","embeddable":true,"href":"https:\/\/eauzenfants.fr\/en\/wp-json\/wp\/v2\/tags?post=4659"}],"curies":[{"name":"wp","href":"https:\/\/api.w.org\/{rel}","templated":true}]}}