{"id":8838,"date":"2024-02-21T11:55:00","date_gmt":"2024-02-21T10:55:00","guid":{"rendered":"https:\/\/www.eauzenfants.fr\/?p=8838"},"modified":"2025-02-28T12:04:30","modified_gmt":"2025-02-28T11:04:30","slug":"la-fondation-groupe-edf-et-eau-zenfants-un-partenariat-solaire-pour-leau","status":"publish","type":"post","link":"https:\/\/eauzenfants.fr\/en\/2024\/02\/21\/la-fondation-groupe-edf-et-eau-zenfants-un-partenariat-solaire-pour-leau\/","title":{"rendered":"La Fondation groupe EDF et Eau Z\u2019Enfants, un partenariat solaire pour l\u2019eau"},"content":{"rendered":"<div data-elementor-type=\"wp-post\" data-elementor-id=\"8838\" class=\"elementor elementor-8838\">\n\t\t\t\t<div class=\"has_eae_slider elementor-element elementor-element-cb5c051 e-flex e-con-boxed e-con e-parent\" data-eae-slider=\"75854\" data-id=\"cb5c051\" data-element_type=\"container\" data-e-type=\"container\">\n\t\t\t\t\t<div class=\"e-con-inner\">\n\t\t\t\t<div class=\"elementor-element elementor-element-4cc3242 elementor-widget elementor-widget-text-editor\" data-id=\"4cc3242\" data-element_type=\"widget\" data-e-type=\"widget\" data-widget_type=\"text-editor.default\">\n\t\t\t\t\t\t\t\t\t<p>L\u2019association<a href=\"https:\/\/www.eauzenfants.fr\/en\/\">\u00a0<span style=\"text-decoration: underline;\"><span style=\"color: #0000ff; text-decoration: underline;\">Eau Z\u2019Enfants<\/span><\/span><\/a><span style=\"color: #0000ff;\"><a style=\"color: #0000ff;\" href=\"http:\/\/www.apple.com\/fr\/\">,<\/a><\/span>\u00a0en partenariat avec la<a href=\"https:\/\/fondation.edf.com\/\"><span style=\"color: #0000ff;\">\u00a0<span style=\"text-decoration: underline;\">Fondation groupe EDF<\/span><\/span><\/a>, a entrepris une action remarquable pour aider les habitants de villages recul\u00e9s de Guin\u00e9e \u00e0 acc\u00e9der \u00e0 une eau saine.\u00a0Gr\u00e2ce au m\u00e9c\u00e9nat de la Fondation EDF, nous avons financ\u00e9 et install\u00e9 des pompes solaires sur plusieurs forages construits dans le cadre du projet \u00ab 50 forages en Guin\u00e9e \u00bb.\u00a0<\/p><p>Nous vous invitons \u00e0 d\u00e9couvrir les constructions r\u00e9alis\u00e9es pour les villages de Hor\u00e9 Bowai et T\u00e9l\u00e9djout\u00e9 qui ont n\u00e9cessit\u00e9 une infrastructure particuli\u00e8re. Au-del\u00e0 de la prouesse technologique conduite avec le soutien de la Fondation EDF, c\u2019est aussi une formidable aventure humaine, alliant solidarit\u00e9, modernit\u00e9 et \u00e9cologie, que nous vous partageons dans cet article.<\/p>\t\t\t\t\t\t\t\t<\/div>\n\t\t\t\t\t<\/div>\n\t\t\t\t<\/div>\n\t\t<div class=\"has_eae_slider elementor-element elementor-element-843d1c0 e-flex e-con-boxed e-con e-parent\" data-eae-slider=\"95969\" data-id=\"843d1c0\" data-element_type=\"container\" data-e-type=\"container\">\n\t\t\t\t\t<div class=\"e-con-inner\">\n\t\t\t\t<div class=\"elementor-element elementor-element-774dd7e elementor-widget elementor-widget-heading\" data-id=\"774dd7e\" data-element_type=\"widget\" data-e-type=\"widget\" data-widget_type=\"heading.default\">\n\t\t\t\t\t<h1 class=\"elementor-heading-title elementor-size-default\">L'eau, un enjeu majeur pour les villages recul\u00e9s de Guin\u00e9e\n<\/h1>\t\t\t\t<\/div>\n\t\t\t\t<div class=\"elementor-element elementor-element-bb89c69 elementor-widget elementor-widget-text-editor\" data-id=\"bb89c69\" data-element_type=\"widget\" data-e-type=\"widget\" data-widget_type=\"text-editor.default\">\n\t\t\t\t\t\t\t\t\t<p>Nous ne cessons de le rappeler, mais malgr\u00e9 l\u2019abondance des ressources en eau, l\u2019acc\u00e8s \u00e0 l\u2019eau potable est depuis de trop nombreuses ann\u00e9es\u00a0<b>un d\u00e9fi majeur pour la Guin\u00e9e<\/b>\u00a0:<\/p><ul><li aria-level=\"1\"><b>+ de 50 %<\/b>\u00a0de la population guin\u00e9enne\u00a0<b>n<\/b>\u2019<b>a pas acc\u00e8s<\/b>\u00a0\u00e0 une eau saine ;<\/li><li aria-level=\"1\">Le manque d\u2019acc\u00e8s \u00e0 de l\u2019eau potable expose les habitants \u00e0 des\u00a0<b>risques sanitaires accrus<\/b>\u00a0: selon l\u2019<a href=\"https:\/\/www.who.int\/fr\/news-room\/fact-sheets\/detail\/drinking-water\">OMS<\/a>, une eau contamin\u00e9e est un vecteur de transmission de maladies telle que le chol\u00e9ra, la diarrh\u00e9e, la dysenterie, l\u2019h\u00e9patite A, la fi\u00e8vre typho\u00efde et la poliomy\u00e9lite ;<\/li><li aria-level=\"1\">L\u2019acc\u00e8s difficile \u00e0 l\u2019eau a\u00a0<b>une incidence directe sur le taux d<\/b>\u2019<b>absent\u00e9isme scolaire<\/b>.<br \/>En effet, il faut savoir que dans les villages sans acc\u00e8s ou avec un acc\u00e8s difficile \u00e0 l\u2019eau, les femmes et les enfants sont souvent\u00a0<b>charg\u00e9s de la corv\u00e9e d<\/b>\u2019<b>eau<\/b>, ce qui entra\u00eene un taux d\u2019<b>absent\u00e9isme scolaire \u00e9lev\u00e9<\/b>\u00a0:<ul><li aria-level=\"2\">En Guin\u00e9e, seul\u00a0<b>58 % des enfants\u00a0<\/b>vont \u00e0 l\u2019\u00e9cole primaire ;<\/li><li aria-level=\"2\">Le<b>\u00a0taux d<\/b>\u2019<b>alphab\u00e9tisation<\/b>\u00a0des 15\/24 ans est de\u00a0<b>31 %<\/b>.<\/li><\/ul><\/li><\/ul><p>\u00a0<\/p><p>Le projet \u00ab 50 forages en Guin\u00e9e \u00bb imagin\u00e9 par l\u2019association Eau Z\u2019Enfants et soutenu par la Fondation groupe EDF a \u00e9t\u00e9 lanc\u00e9 en mars 2022 avec un objectif clair :\u00a0<b>fournir de l<\/b>\u2019<b>eau potable \u00e0 50 villages\u00a0<\/b>recul\u00e9s d\u00e9pourvus d\u2019acc\u00e8s \u00e0 une eau propre \u00e0 la consommation.<\/p>\t\t\t\t\t\t\t\t<\/div>\n\t\t\t\t\t<\/div>\n\t\t\t\t<\/div>\n\t\t<div class=\"has_eae_slider elementor-element elementor-element-a16fa71 e-flex e-con-boxed e-con e-parent\" data-eae-slider=\"36038\" data-id=\"a16fa71\" data-element_type=\"container\" data-e-type=\"container\">\n\t\t\t\t\t<div class=\"e-con-inner\">\n\t\t\t\t<div class=\"elementor-element elementor-element-9077e4f elementor-widget elementor-widget-heading\" data-id=\"9077e4f\" data-element_type=\"widget\" data-e-type=\"widget\" data-widget_type=\"heading.default\">\n\t\t\t\t\t<h1 class=\"elementor-heading-title elementor-size-default\">La gen\u00e8se du projet \u00ab 50 forages en Guin\u00e9e \u00bb<\/h1>\t\t\t\t<\/div>\n\t\t\t\t<div class=\"elementor-element elementor-element-1df1305 elementor-widget elementor-widget-text-editor\" data-id=\"1df1305\" data-element_type=\"widget\" data-e-type=\"widget\" data-widget_type=\"text-editor.default\">\n\t\t\t\t\t\t\t\t\t<p>Pour concr\u00e9tiser cet objectif, il \u00e9tait n\u00e9cessaire de s\u00e9lectionner des points d\u2019eau \u00e0 proximit\u00e9 des villages, de forer, de puiser, de stocker l\u2019eau dans des ch\u00e2teaux-d\u2019eau et enfin d\u2019assurer la p\u00e9rennit\u00e9 des sites.<\/p><h6><span style=\"text-decoration: underline;\"><strong>L\u2019identification des villages<\/strong><\/span><\/h6><p>L\u2019identification des villages a \u00e9t\u00e9 r\u00e9alis\u00e9e par<a href=\"https:\/\/www.eauzenfants.fr\/en\/notre-equipe\/\">\u00a0<span style=\"color: #0000ff;\"><span style=\"text-decoration: underline;\">notre \u00e9quipe locale<\/span><\/span><\/a><span style=\"color: #0000ff;\">\u00a0<\/span>en tenant compte de plusieurs crit\u00e8res :<\/p><ul><li aria-level=\"1\">Le nombre d\u2019enfants concern\u00e9s ;<\/li><li aria-level=\"1\">La distance d\u2019acc\u00e8s aux points d\u2019eau accessible ;<\/li><li aria-level=\"1\">La difficult\u00e9 d\u2019acc\u00e8s aux points d\u2019eau ;<\/li><li aria-level=\"1\">Le nombre de villageois concern\u00e9s.\u00a0<\/li><\/ul><p>Si tous ces crit\u00e8res sont fondamentaux, au sein de l\u2019association, nous consid\u00e9rons que le nombre d\u2019enfants impact\u00e9s est primordial.<\/p>\t\t\t\t\t\t\t\t<\/div>\n\t\t\t\t<div class=\"elementor-element elementor-element-86c2d54 elementor-widget elementor-widget-text-editor\" data-id=\"86c2d54\" data-element_type=\"widget\" data-e-type=\"widget\" data-widget_type=\"text-editor.default\">\n\t\t\t\t\t\t\t\t\t<h6><span style=\"text-decoration: underline;\"><strong>Trouver l\u2019acc\u00e8s \u00e0 l\u2019eau<\/strong><\/span><\/h6><p>Pour trouver l\u2019acc\u00e8s \u00e0 l\u2019eau, l\u2019association a fait appel \u00e0 un hydrog\u00e9ologue et \u00e0 un foreur : le premier\u00a0<b>d\u00e9termine les zones id\u00e9ales\u00a0<\/b>o\u00f9 l\u2019eau est susceptible d\u2019\u00eatre pr\u00e9sente et le second \u00e9value l\u2019accessibilit\u00e9 du site avec son camion.\u00a0Situer la profondeur de la nappe phr\u00e9atique par des travaux de forage est un exercice complexe, mais capital, car il permet de d\u00e9terminer la puissance du moteur n\u00e9cessaire pour alimenter la pompe \u00e0 eau.<\/p><p>Sous la supervision de l\u2019hydrog\u00e9ologue, une coupe technique est tout d\u2019abord r\u00e9alis\u00e9e lors du forage, pour ensuite placer la pompe \u00e0 une profondeur optimale. L\u2019objectif \u00e9tant que la pompe puisse \u00eatre id\u00e9alement plac\u00e9e : ni trop haut afin de s\u2019assurer que la pompe puisse pomper suffisamment d\u2019eau dans la dur\u00e9e, ni trop bas afin de ne pas puiser un exc\u00e8s de s\u00e9diments rocheux.<\/p>\t\t\t\t\t\t\t\t<\/div>\n\t\t\t\t<div class=\"elementor-element elementor-element-360fc44 elementor-widget elementor-widget-text-editor\" data-id=\"360fc44\" data-element_type=\"widget\" data-e-type=\"widget\" data-widget_type=\"text-editor.default\">\n\t\t\t\t\t\t\t\t\t<h6><span style=\"text-decoration: underline;\"><strong>L\u2019installation des pompes \u00e0 eau<\/strong><\/span><\/h6><p>Une fois l\u2019emplacement du forage d\u00e9termin\u00e9, il convient\u00a0 de pr\u00e9parer le site. La zone de pompage doit \u00eatre d\u00e9gag\u00e9e et nivel\u00e9e : les arbres, les rochers et tous les autres obstacles doivent \u00eatre enlev\u00e9s. Ce travail a tr\u00e8s souvent \u00e9t\u00e9 r\u00e9alis\u00e9\u00a0<b>avec l<\/b>\u2019<b>aide des villageois<\/b>.\u00a0Par la suite, une machine r\u00e9alise le forage, puis ins\u00e8re un tuyau qui va emp\u00eacher les parois de s\u2019effondrer. Enfin, on installe la pompe pour extraire l\u2019eau depuis la\u00a0<b>nappe phr\u00e9atique<\/b>.\u00a0<\/p><p>Dans le cadre du projet \u00ab 50 forages en Guin\u00e9e \u00bb, la dotation des pompes \u00e0 eau install\u00e9es dans les villages a suivi la r\u00e9partition ci-dessous :<\/p><ul><li aria-level=\"1\">des pompes \u00e0 eau \u00e9lectriques, munies d\u2019un ch\u00e2teau d\u2019eau, pour les villages disposant d\u2019un acc\u00e8s au r\u00e9seau \u00e9lectrique ;<\/li><li aria-level=\"1\">des pompes \u00e0 eau manuelles PMH (pompe \u00e0 motricit\u00e9 humaine)\u00a0 pour les villages sans acc\u00e8s au r\u00e9seau \u00e9lectrique et avec une disponibilit\u00e9 de l\u2019eau permettant un pompage manuel\u2026 Un peu comme dans\u00a0 \u00ab La petite maison dans la prairie \u00bb, vous voyez ?\ud83d\ude00<\/li><\/ul>\t\t\t\t\t\t\t\t<\/div>\n\t\t\t\t<div class=\"elementor-element elementor-element-c66dc5c elementor-widget elementor-widget-text-editor\" data-id=\"c66dc5c\" data-element_type=\"widget\" data-e-type=\"widget\" data-widget_type=\"text-editor.default\">\n\t\t\t\t\t\t\t\t\t<h6><span style=\"text-decoration: underline;\"><strong>Le fonctionnement des pompes<\/strong><\/span><\/h6><p>Les pompes, qui sont aliment\u00e9es par\u00a0 l\u2019\u00e9nergie \u00e9lectrique, sont reli\u00e9es \u00e0 un ch\u00e2teau d\u2019eau, d\u2019<b>une<\/b>\u00a0<b>capacit\u00e9 de 3 000 litres<\/b>, lui-m\u00eame raccord\u00e9 \u00e0 une rampe avec un ou plusieurs robinets.Au quotidien, le syst\u00e8me mis en place doit permettre \u00e0\u00a0<b>un village de 400 \u00e0 600 habitants<\/b>\u00a0de subvenir \u00e0 leurs besoins en eau potable.<\/p>\t\t\t\t\t\t\t\t<\/div>\n\t\t\t\t<div class=\"elementor-element elementor-element-197cc4d elementor-arrows-position-inside elementor-pagination-position-outside elementor-widget elementor-widget-image-carousel\" data-id=\"197cc4d\" data-element_type=\"widget\" data-e-type=\"widget\" data-settings=\"{&quot;navigation&quot;:&quot;both&quot;,&quot;autoplay&quot;:&quot;yes&quot;,&quot;pause_on_hover&quot;:&quot;yes&quot;,&quot;pause_on_interaction&quot;:&quot;yes&quot;,&quot;autoplay_speed&quot;:5000,&quot;infinite&quot;:&quot;yes&quot;,&quot;speed&quot;:500}\" data-widget_type=\"image-carousel.default\">\n\t\t\t\t\t\t\t<div class=\"elementor-image-carousel-wrapper swiper\" role=\"region\" aria-roledescription=\"carousel\" aria-label=\"Carrousel d\u2019images\" dir=\"ltr\">\n\t\t\t<div class=\"elementor-image-carousel swiper-wrapper\" aria-live=\"off\">\n\t\t\t\t\t\t\t\t<div class=\"swiper-slide\" role=\"group\" aria-roledescription=\"slide\" aria-label=\"1 sur 5\"><figure class=\"swiper-slide-inner\"><img decoding=\"async\" class=\"swiper-slide-image\" src=\"https:\/\/eauzenfants.fr\/wp-content\/uploads\/2025\/02\/IMG_0796-scaled-1-150x150.jpeg\" alt=\"IMG_0796-scaled\" \/><\/figure><\/div><div class=\"swiper-slide\" role=\"group\" aria-roledescription=\"slide\" aria-label=\"2 sur 5\"><figure class=\"swiper-slide-inner\"><img decoding=\"async\" class=\"swiper-slide-image\" src=\"https:\/\/eauzenfants.fr\/wp-content\/uploads\/2025\/02\/IMG_0280-scaled-1-150x150.jpg\" alt=\"IMG_0280-scaled\" \/><\/figure><\/div><div class=\"swiper-slide\" role=\"group\" aria-roledescription=\"slide\" aria-label=\"3 sur 5\"><figure class=\"swiper-slide-inner\"><img decoding=\"async\" class=\"swiper-slide-image\" src=\"https:\/\/eauzenfants.fr\/wp-content\/uploads\/2025\/02\/IMG_1579-scaled-1-150x150.jpeg\" alt=\"IMG_1579-scaled\" \/><\/figure><\/div><div class=\"swiper-slide\" role=\"group\" aria-roledescription=\"slide\" aria-label=\"4 sur 5\"><figure class=\"swiper-slide-inner\"><img decoding=\"async\" class=\"swiper-slide-image\" src=\"https:\/\/eauzenfants.fr\/wp-content\/uploads\/2025\/02\/IMG_0707-1-scaled-1-150x150.jpeg\" alt=\"IMG_0707-1-scaled\" \/><\/figure><\/div><div class=\"swiper-slide\" role=\"group\" aria-roledescription=\"slide\" aria-label=\"5 sur 5\"><figure class=\"swiper-slide-inner\"><img decoding=\"async\" class=\"swiper-slide-image\" src=\"https:\/\/eauzenfants.fr\/wp-content\/uploads\/2025\/02\/IMG_0711-scaled-1-150x150.jpg\" alt=\"IMG_0711-scaled\" \/><\/figure><\/div>\t\t\t<\/div>\n\t\t\t\t\t\t\t\t\t\t\t\t<div class=\"elementor-swiper-button elementor-swiper-button-prev\" role=\"button\" tabindex=\"0\">\n\t\t\t\t\t\t<svg aria-hidden=\"true\" class=\"e-font-icon-svg e-eicon-chevron-left\" viewbox=\"0 0 1000 1000\" xmlns=\"http:\/\/www.w3.org\/2000\/svg\"><path d=\"M646 125C629 125 613 133 604 142L308 442C296 454 292 471 292 487 292 504 296 521 308 533L604 854C617 867 629 875 646 875 663 875 679 871 692 858 704 846 713 829 713 812 713 796 708 779 692 767L438 487 692 225C700 217 708 204 708 187 708 171 704 154 692 142 675 129 663 125 646 125Z\"><\/path><\/svg>\t\t\t\t\t<\/div>\n\t\t\t\t\t<div class=\"elementor-swiper-button elementor-swiper-button-next\" role=\"button\" tabindex=\"0\">\n\t\t\t\t\t\t<svg aria-hidden=\"true\" class=\"e-font-icon-svg e-eicon-chevron-right\" viewbox=\"0 0 1000 1000\" xmlns=\"http:\/\/www.w3.org\/2000\/svg\"><path d=\"M696 533C708 521 713 504 713 487 713 471 708 454 696 446L400 146C388 133 375 125 354 125 338 125 325 129 313 142 300 154 292 171 292 187 292 204 296 221 308 233L563 492 304 771C292 783 288 800 288 817 288 833 296 850 308 863 321 871 338 875 354 875 371 875 388 867 400 854L696 533Z\"><\/path><\/svg>\t\t\t\t\t<\/div>\n\t\t\t\t\n\t\t\t\t\t\t\t\t\t<div class=\"swiper-pagination\"><\/div>\n\t\t\t\t\t\t\t\t\t<\/div>\n\t\t\t\t\t\t<\/div>\n\t\t\t\t\t<\/div>\n\t\t\t\t<\/div>\n\t\t<div class=\"has_eae_slider elementor-element elementor-element-3278249 e-flex e-con-boxed e-con e-parent\" data-eae-slider=\"52295\" data-id=\"3278249\" data-element_type=\"container\" data-e-type=\"container\">\n\t\t\t\t\t<div class=\"e-con-inner\">\n\t\t\t\t<div class=\"elementor-element elementor-element-2691546 elementor-widget elementor-widget-heading\" data-id=\"2691546\" data-element_type=\"widget\" data-e-type=\"widget\" data-widget_type=\"heading.default\">\n\t\t\t\t\t<h1 class=\"elementor-heading-title elementor-size-default\">Zoom sur les villages de Hor\u00e9 Bowal et T\u00e9l\u00e9djout\u00e9 : une initiative solaire pour l\u2019eau<\/h1>\t\t\t\t<\/div>\n\t\t\t\t<div class=\"elementor-element elementor-element-9207e70 elementor-widget elementor-widget-text-editor\" data-id=\"9207e70\" data-element_type=\"widget\" data-e-type=\"widget\" data-widget_type=\"text-editor.default\">\n\t\t\t\t\t\t\t\t\t<p>N\u00e9anmoins, parmi les 50 villages, notre \u00e9quipe locale a rencontr\u00e9\u00a0<b>un v\u00e9ritable d\u00e9fi logistique<\/b>, avec les villages de Hor\u00e9 Bowal et T\u00e9l\u00e9djout\u00e9.\u00a0<\/p><p>\u00a0<\/p><p>Situ\u00e9s dans la r\u00e9gion du Fouta,\u00a0<b>ces deux villages sont isol\u00e9s<\/b>, difficiles d\u2019acc\u00e8s car nich\u00e9s dans les montagnes et sans connexion au r\u00e9seau \u00e9lectrique.\u00a0<b>Le point d\u2019eau le plus proche se situe entre 2 et 3 km<\/b>. Pour subvenir \u00e0 leurs besoins, les habitants n\u2019ont pas d\u2019autres choix que de s\u2019approvisionner en eau\u00a0<b>chaque matin et chaque soir<\/b>\u2026\u00a0<b>Pas \u00e9vident de porter un bidon de 20 litres sous 35 degr\u00e9s.<\/b><\/p>\t\t\t\t\t\t\t\t<\/div>\n\t\t\t\t<div class=\"elementor-element elementor-element-6ace0d0 elementor-arrows-position-inside elementor-pagination-position-outside elementor-widget elementor-widget-image-carousel\" data-id=\"6ace0d0\" data-element_type=\"widget\" data-e-type=\"widget\" data-settings=\"{&quot;navigation&quot;:&quot;both&quot;,&quot;autoplay&quot;:&quot;yes&quot;,&quot;pause_on_hover&quot;:&quot;yes&quot;,&quot;pause_on_interaction&quot;:&quot;yes&quot;,&quot;autoplay_speed&quot;:5000,&quot;infinite&quot;:&quot;yes&quot;,&quot;speed&quot;:500}\" data-widget_type=\"image-carousel.default\">\n\t\t\t\t\t\t\t<div class=\"elementor-image-carousel-wrapper swiper\" role=\"region\" aria-roledescription=\"carousel\" aria-label=\"Carrousel d\u2019images\" dir=\"ltr\">\n\t\t\t<div class=\"elementor-image-carousel swiper-wrapper\" aria-live=\"off\">\n\t\t\t\t\t\t\t\t<div class=\"swiper-slide\" role=\"group\" aria-roledescription=\"slide\" aria-label=\"1 sur 4\"><figure class=\"swiper-slide-inner\"><img decoding=\"async\" class=\"swiper-slide-image\" src=\"https:\/\/eauzenfants.fr\/wp-content\/uploads\/2025\/02\/IMG_0772-scaled-1-150x150.jpeg\" alt=\"IMG_0772-scaled\" \/><\/figure><\/div><div class=\"swiper-slide\" role=\"group\" aria-roledescription=\"slide\" aria-label=\"2 sur 4\"><figure class=\"swiper-slide-inner\"><img decoding=\"async\" class=\"swiper-slide-image\" src=\"https:\/\/eauzenfants.fr\/wp-content\/uploads\/2025\/02\/IMG_0292-scaled-1-150x150.jpeg\" alt=\"IMG_0292-scaled\" \/><\/figure><\/div><div class=\"swiper-slide\" role=\"group\" aria-roledescription=\"slide\" aria-label=\"3 sur 4\"><figure class=\"swiper-slide-inner\"><img decoding=\"async\" class=\"swiper-slide-image\" src=\"https:\/\/eauzenfants.fr\/wp-content\/uploads\/2025\/02\/IMG_0294-scaled-1-150x150.jpeg\" alt=\"IMG_0294-scaled\" \/><\/figure><\/div><div class=\"swiper-slide\" role=\"group\" aria-roledescription=\"slide\" aria-label=\"4 sur 4\"><figure class=\"swiper-slide-inner\"><img decoding=\"async\" class=\"swiper-slide-image\" src=\"https:\/\/eauzenfants.fr\/wp-content\/uploads\/2025\/02\/IMG_0944-scaled-1-150x150.jpeg\" alt=\"IMG_0944-scaled\" \/><\/figure><\/div>\t\t\t<\/div>\n\t\t\t\t\t\t\t\t\t\t\t\t<div class=\"elementor-swiper-button elementor-swiper-button-prev\" role=\"button\" tabindex=\"0\">\n\t\t\t\t\t\t<svg aria-hidden=\"true\" class=\"e-font-icon-svg e-eicon-chevron-left\" viewbox=\"0 0 1000 1000\" xmlns=\"http:\/\/www.w3.org\/2000\/svg\"><path d=\"M646 125C629 125 613 133 604 142L308 442C296 454 292 471 292 487 292 504 296 521 308 533L604 854C617 867 629 875 646 875 663 875 679 871 692 858 704 846 713 829 713 812 713 796 708 779 692 767L438 487 692 225C700 217 708 204 708 187 708 171 704 154 692 142 675 129 663 125 646 125Z\"><\/path><\/svg>\t\t\t\t\t<\/div>\n\t\t\t\t\t<div class=\"elementor-swiper-button elementor-swiper-button-next\" role=\"button\" tabindex=\"0\">\n\t\t\t\t\t\t<svg aria-hidden=\"true\" class=\"e-font-icon-svg e-eicon-chevron-right\" viewbox=\"0 0 1000 1000\" xmlns=\"http:\/\/www.w3.org\/2000\/svg\"><path d=\"M696 533C708 521 713 504 713 487 713 471 708 454 696 446L400 146C388 133 375 125 354 125 338 125 325 129 313 142 300 154 292 171 292 187 292 204 296 221 308 233L563 492 304 771C292 783 288 800 288 817 288 833 296 850 308 863 321 871 338 875 354 875 371 875 388 867 400 854L696 533Z\"><\/path><\/svg>\t\t\t\t\t<\/div>\n\t\t\t\t\n\t\t\t\t\t\t\t\t\t<div class=\"swiper-pagination\"><\/div>\n\t\t\t\t\t\t\t\t\t<\/div>\n\t\t\t\t\t\t<\/div>\n\t\t\t\t<div class=\"elementor-element elementor-element-25900fb elementor-widget elementor-widget-text-editor\" data-id=\"25900fb\" data-element_type=\"widget\" data-e-type=\"widget\" data-widget_type=\"text-editor.default\">\n\t\t\t\t\t\t\t\t\t<p>La configuration particuli\u00e8re de ces deux villages fait que la profondeur des nappes phr\u00e9atiques \u00e9tait particuli\u00e8rement \u00e9lev\u00e9e. Accessible \u00e0 plus de 120 m\u00e8tres de profondeur, l\u2019acc\u00e8s \u00e0 l\u2019eau ne pouvait pas \u00eatre envisag\u00e9 par un puisage manuel.<\/p><p>Pour faire face \u00e0 cette probl\u00e9matique, les \u00e9quipes ont eu l\u2019id\u00e9e lumineuse de s\u2019appuyer sur\u00a0<b>des panneaux solaires<\/b>\u00a0pour assurer le fonctionnement de la pompe \u00e9lectrique. Ce challenge n\u00e9cessitait n\u00e9anmoins des fonds et une expertise m\u00e9tier importants.\u00a0 Notre association a alors d\u00e9pos\u00e9 un projet aupr\u00e8s de la Fondation groupe EDF, qui a \u00e9t\u00e9 s\u00e9lectionn\u00e9. La conduite des travaux a \u00e9t\u00e9 men\u00e9e en collaboration avec\u00a0<a href=\"https:\/\/bilaregroupe.com.gn\/\"><span style=\"color: #0000ff;\"><span style=\"text-decoration: underline;\">Bilar\u00e9 Groupe Services<\/span><\/span><\/a>, expert guin\u00e9en de l\u2019\u00e9nergie et du pompage solaire en Guin\u00e9e. Ce prestataire guin\u00e9en est sp\u00e9cialis\u00e9 en \u00e9quipement de panneaux solaires sur les pompes.\u00a0<\/p><p>Les panneaux solaires reposent sur 8 structures et sont tourn\u00e9s vers le sud. Notre prestataire a s\u00e9lectionn\u00e9 des mat\u00e9riaux qui n\u00e9cessitent le moins de maintenance possible. Les panneaux solaires ont une dur\u00e9e de vie pouvant aller jusqu\u2019\u00e0 25 ans.<\/p><p>Sans le soutien de la Fondation groupe EDF, l\u2019association Eau Z\u2019Enfants n\u2019aurait jamais pu s\u2019engager \u00e0 aider les villages de Hor\u00e9 Bowal et T\u00e9l\u00e9djout\u00e9.<\/p>\t\t\t\t\t\t\t\t<\/div>\n\t\t\t\t\t<\/div>\n\t\t\t\t<\/div>\n\t\t<div class=\"has_eae_slider elementor-element elementor-element-0ce3ee7 e-flex e-con-boxed e-con e-parent\" data-eae-slider=\"86152\" data-id=\"0ce3ee7\" data-element_type=\"container\" data-e-type=\"container\">\n\t\t\t\t\t<div class=\"e-con-inner\">\n\t\t\t\t<div class=\"elementor-element elementor-element-26301c6 elementor-widget elementor-widget-heading\" data-id=\"26301c6\" data-element_type=\"widget\" data-e-type=\"widget\" data-widget_type=\"heading.default\">\n\t\t\t\t\t<h1 class=\"elementor-heading-title elementor-size-default\">Le soutien de la Fondation EDF<\/h1>\t\t\t\t<\/div>\n\t\t\t\t<div class=\"elementor-element elementor-element-5afc10e elementor-widget elementor-widget-text-editor\" data-id=\"5afc10e\" data-element_type=\"widget\" data-e-type=\"widget\" data-widget_type=\"text-editor.default\">\n\t\t\t\t\t\t\t\t\t<p>La Fondation Groupe EDF soutient depuis de nombreuses ann\u00e9es l\u2019acc\u00e8s \u00e0 l\u2019\u00e9lectricit\u00e9 pour de<a href=\"https:\/\/fondation.edf.com\/notre-mission\/\">\u00a0<span style=\"text-decoration: underline;\"><span style=\"color: #0000ff; text-decoration: underline;\">nombreuses actions<\/span><\/span><\/a>\u00a0associatives dans le cadre de projets d\u2019acc\u00e8s \u00e0 l\u2019eau, \u00e0 l\u2019\u00e9ducation et \u00e0 la sant\u00e9.<\/p><h6><strong><span style=\"text-decoration: underline;\">Un m\u00e9c\u00e9nat financier<\/span>\u00a0<\/strong><\/h6><p>Le projet port\u00e9 par la volont\u00e9 de ne pas mettre de c\u00f4t\u00e9 les deux villages de Hor\u00e9 Bowal et T\u00e9l\u00e9djout\u00e9 a \u00e9t\u00e9 d\u00e9pos\u00e9 aupr\u00e8s de la Fondation EDF \u00e0 l\u2019initiative de Franck, l\u2019un de nos b\u00e9n\u00e9voles en charge des projets, et de son \u00e9quipe.\u00a0Le projet fut retard\u00e9 suite \u00e0 des probl\u00e8mes sanitaires en Afrique avec le COVID qui bloquait toutes les initiatives.\u00a0<\/p><p>En janvier 2023, la Fondation EDF v\u00e9rifie la faisabilit\u00e9 du projet en se rendant sur place.\u00a0En avril 2023, le dossier est valid\u00e9 par la commission de la Fondation qui s\u00e9lectionne le projet.<\/p><h6><span style=\"text-decoration: underline;\"><strong>Un m\u00e9c\u00e9nat de comp\u00e9tences<\/strong><\/span><strong>\u00a0<\/strong><\/h6><p>Bien plus qu\u2019un partenaire financier, la Fondation Groupe EDF a \u00e9galement apport\u00e9 une expertise m\u00e9tier par la mise en relation avec des prestataires sp\u00e9cialis\u00e9s dans l\u2019installation de cellules photovolta\u00efques. Ce m\u00e9c\u00e9nat de comp\u00e9tences s\u2019est \u00e9galement renforc\u00e9 par le soutien de Beno\u00eet Camara, expert en \u00e9nergie solaire.<\/p>\t\t\t\t\t\t\t\t<\/div>\n\t\t\t\t<div class=\"elementor-element elementor-element-4b8f386 elementor-widget elementor-widget-image\" data-id=\"4b8f386\" data-element_type=\"widget\" data-e-type=\"widget\" data-widget_type=\"image.default\">\n\t\t\t\t\t\t\t\t\t\t\t\t\t\t\t<img fetchpriority=\"high\" decoding=\"async\" width=\"768\" height=\"1024\" src=\"https:\/\/eauzenfants.fr\/wp-content\/uploads\/2025\/02\/IMG_1584-1-scaled-1-768x1024.jpeg\" class=\"attachment-medium_large size-medium_large wp-image-8856\" alt=\"\" srcset=\"https:\/\/eauzenfants.fr\/wp-content\/uploads\/2025\/02\/IMG_1584-1-scaled-1-768x1024.jpeg 768w, https:\/\/eauzenfants.fr\/wp-content\/uploads\/2025\/02\/IMG_1584-1-scaled-1-225x300.jpeg 225w, https:\/\/eauzenfants.fr\/wp-content\/uploads\/2025\/02\/IMG_1584-1-scaled-1-1152x1536.jpeg 1152w, https:\/\/eauzenfants.fr\/wp-content\/uploads\/2025\/02\/IMG_1584-1-scaled-1-1536x2048.jpeg 1536w, https:\/\/eauzenfants.fr\/wp-content\/uploads\/2025\/02\/IMG_1584-1-scaled-1.jpeg 1920w\" sizes=\"(max-width: 768px) 100vw, 768px\" \/>\t\t\t\t\t\t\t\t\t\t\t\t\t\t\t<\/div>\n\t\t\t\t\t<\/div>\n\t\t\t\t<\/div>\n\t\t<div class=\"has_eae_slider elementor-element elementor-element-f2af249 e-flex e-con-boxed e-con e-parent\" data-eae-slider=\"80473\" data-id=\"f2af249\" data-element_type=\"container\" data-e-type=\"container\">\n\t\t\t\t\t<div class=\"e-con-inner\">\n\t\t\t\t<div class=\"elementor-element elementor-element-5169d8e elementor-widget elementor-widget-heading\" data-id=\"5169d8e\" data-element_type=\"widget\" data-e-type=\"widget\" data-widget_type=\"heading.default\">\n\t\t\t\t\t<h1 class=\"elementor-heading-title elementor-size-default\">L'impact de l'eau saine sur la vie des habitants de Hor\u00e9 Bowal et T\u00e9l\u00e9djout\u00e9<\/h1>\t\t\t\t<\/div>\n\t\t\t\t<div class=\"elementor-element elementor-element-7c3a09b elementor-widget elementor-widget-text-editor\" data-id=\"7c3a09b\" data-element_type=\"widget\" data-e-type=\"widget\" data-widget_type=\"text-editor.default\">\n\t\t\t\t\t\t\t\t\t<p>Pour chaque village associ\u00e9 au projet, notre objectif \u00e9tait de mettre \u00e0 disposition des habitants une eau saine et potable puis\u00e9e directement dans la nappe phr\u00e9atique.<\/p><p>Cet acc\u00e8s direct \u00e0 une eau potable contribue directement :\u00a0<\/p><ul><li aria-level=\"1\">\u00c0 diminuer la propagation des maladies li\u00e9es \u00e0 l\u2019absorption ou le contact d\u2019une eau de mauvaise qualit\u00e9, voire impropre \u00e0 la consommation ;<\/li><li aria-level=\"1\">\u00c0 la fin de la corv\u00e9e d\u2019eau pour les femmes et les enfants ;<\/li><li aria-level=\"1\">\u00c0 la r\u00e9duction de l\u2019absent\u00e9isme scolaire pour les enfants puisqu\u2019encore une fois, la corv\u00e9e d\u2019eau est la premi\u00e8re cause d\u2019absent\u00e9isme scolaire ;<\/li><li aria-level=\"1\">\u00c0 la possibilit\u00e9 de d\u00e9velopper de nouvelles activit\u00e9s de culture et d\u2019\u00e9levage.<\/li><\/ul>\t\t\t\t\t\t\t\t<\/div>\n\t\t\t\t<div class=\"elementor-element elementor-element-adb71b0 elementor-widget elementor-widget-image\" data-id=\"adb71b0\" data-element_type=\"widget\" data-e-type=\"widget\" data-widget_type=\"image.default\">\n\t\t\t\t\t\t\t\t\t\t\t\t\t\t\t<img decoding=\"async\" width=\"768\" height=\"373\" src=\"https:\/\/eauzenfants.fr\/wp-content\/uploads\/2025\/02\/PHOTO-2021-11-12-22-18-35-768x373.jpg\" class=\"attachment-medium_large size-medium_large wp-image-8857\" alt=\"\" srcset=\"https:\/\/eauzenfants.fr\/wp-content\/uploads\/2025\/02\/PHOTO-2021-11-12-22-18-35-768x373.jpg 768w, https:\/\/eauzenfants.fr\/wp-content\/uploads\/2025\/02\/PHOTO-2021-11-12-22-18-35-300x146.jpg 300w, https:\/\/eauzenfants.fr\/wp-content\/uploads\/2025\/02\/PHOTO-2021-11-12-22-18-35-1024x498.jpg 1024w, https:\/\/eauzenfants.fr\/wp-content\/uploads\/2025\/02\/PHOTO-2021-11-12-22-18-35.jpg 1280w\" sizes=\"(max-width: 768px) 100vw, 768px\" \/>\t\t\t\t\t\t\t\t\t\t\t\t\t\t\t<\/div>\n\t\t\t\t<div class=\"elementor-element elementor-element-5819b51 elementor-widget elementor-widget-text-editor\" data-id=\"5819b51\" data-element_type=\"widget\" data-e-type=\"widget\" data-widget_type=\"text-editor.default\">\n\t\t\t\t\t\t\t\t\t<p>Faciliter et s\u00e9curiser l\u2019acc\u00e8s \u00e0 une eau propre \u00e0 la consommation modifie indiscutablement la vie des enfants et des villageois. Pour beaucoup, c\u2019est presque le d\u00e9but d\u2019une nouvelle vie.<\/p>\t\t\t\t\t\t\t\t<\/div>\n\t\t\t\t\t<\/div>\n\t\t\t\t<\/div>\n\t\t<div class=\"has_eae_slider elementor-element elementor-element-c54f0e6 e-flex e-con-boxed e-con e-parent\" data-eae-slider=\"93301\" data-id=\"c54f0e6\" data-element_type=\"container\" data-e-type=\"container\">\n\t\t\t\t\t<div class=\"e-con-inner\">\n\t\t\t\t<div class=\"elementor-element elementor-element-745a936 elementor-widget elementor-widget-heading\" data-id=\"745a936\" data-element_type=\"widget\" data-e-type=\"widget\" data-widget_type=\"heading.default\">\n\t\t\t\t\t<h1 class=\"elementor-heading-title elementor-size-default\">Les anecdotes les plus marquantes d\u2019une aventure humaine<\/h1>\t\t\t\t<\/div>\n\t\t\t\t<div class=\"elementor-element elementor-element-67d21da elementor-widget elementor-widget-text-editor\" data-id=\"67d21da\" data-element_type=\"widget\" data-e-type=\"widget\" data-widget_type=\"text-editor.default\">\n\t\t\t\t\t\t\t\t\t<p>La distribution de l\u2019eau change irr\u00e9m\u00e9diablement le quotidien des villageois en am\u00e9liorant grandement leurs conditions de vie.<\/p><h6><span style=\"text-decoration: underline;\"><strong>L\u2019eau, la cl\u00e9 d\u2019un avenir durable<\/strong><\/span><\/h6><p>Ce changement peut difficilement \u00eatre imaginable pour toutes les personnes habitu\u00e9es \u00e0 nos modes de vie. Franck, notre b\u00e9n\u00e9vole responsable du projet \u00ab 50 forages en Guin\u00e9e \u00bb \u00e9tait sur place lors de l\u2019installation des pompes solaires et il t\u00e9moigne lui-m\u00eame de l\u2019\u00e9trange sentiment qui habitait l\u2019ensemble des villageois pr\u00e9sent lors du premier essai de pompage : \u00ab Quand ils ont enclench\u00e9 la pompe, il a fallu attendre 4 \u00e0 5 minutes avant que l\u2019eau ne remonte les 100 m\u00e8tres jusqu\u2019\u00e0 la surface. Les villageois \u00e9taient dans un \u00e9tat\u2026 Et quand l\u2019eau s\u2019est mise \u00e0 jaillir toute seule, ils \u00e9taient incroyablement heureux \u00bb.<br \/>La mise \u00e0 disposition d\u2019un point d\u2019eau \u00e0 proximit\u00e9 du village a un impact incroyable en terme de qualit\u00e9 de vie, mais \u00e9galement en terme de d\u00e9veloppement des ressources du village. D\u00e8s que l\u2019acc\u00e8s \u00e0 l\u2019eau potable est viable, le village se r\u00e9organise et, pour citer l\u2019exemple de Hor\u00e9 Bowal, tous les villageois ont r\u00e9am\u00e9nag\u00e9 le site de pompage : ils se sont litt\u00e9ralement r\u00e9appropri\u00e9s la place pour en faire un lieu de vie.<\/p><h6><span style=\"text-decoration: underline;\"><strong>L\u2019eau, vecteur de d\u00e9veloppement et porteuse d\u2019esp\u00e9rance<\/strong><\/span><\/h6><p>Avant que l\u2019une des pompes ne soit enclench\u00e9e, Franck a rencontr\u00e9 un villageois qui s\u2019est confi\u00e9 \u00e0 lui et lui a racont\u00e9 que l\u2019un de ses r\u00eaves \u00e9tait d\u2019avoir une vache. Mais, toujours selon lui, \u00ab\u00a0<b>une vache \u00e7a boit un bidon et demi d<\/b>\u2019<b>eau par jour<\/b>\u00a0\u00bb. Pour lui, l\u2019unit\u00e9 de mesure \u00e9tait le bidon d\u2019eau. Comment se d\u00e9velopper, se projeter si l\u2019on \u00e9prouve les plus grandes peines du monde \u00e0 satisfaire les besoins de sa propre famille ?<\/p><p>Tout aussi \u00e9mouvant, d\u00e8s que l\u2019eau s\u2019est mise \u00e0 jaillir, certains villageois commen\u00e7aient d\u00e9j\u00e0 \u00e0 dessiner, \u00e0 m\u00eame le sol, le futur plan d\u2019un abreuvoir pour le b\u00e9tail. D\u2019un coup, des possibilit\u00e9s de d\u00e9veloppement s\u2019offrent aux villageois. Un futur plus radieux devient imaginable avec du soleil, de l\u2019eau et<a href=\"https:\/\/eauzenfants.fr\/en\/adherer\/\">\u00a0<span style=\"text-decoration: underline;\"><span style=\"color: #0000ff; text-decoration: underline;\"><b>beaucoup de solidarit\u00e9<\/b><\/span><\/span><\/a><span style=\"text-decoration: underline;\"><span style=\"color: #0000ff; text-decoration: underline;\">.<\/span><\/span><\/p>\t\t\t\t\t\t\t\t<\/div>\n\t\t\t\t\t<\/div>\n\t\t\t\t<\/div>\n\t\t<div class=\"has_eae_slider elementor-element elementor-element-a7d3d16 e-flex e-con-boxed e-con e-parent\" data-eae-slider=\"75727\" data-id=\"a7d3d16\" data-element_type=\"container\" data-e-type=\"container\">\n\t\t\t\t\t<div class=\"e-con-inner\">\n\t\t\t\t<div class=\"elementor-element elementor-element-eb0a92e elementor-widget elementor-widget-heading\" data-id=\"eb0a92e\" data-element_type=\"widget\" data-e-type=\"widget\" data-widget_type=\"heading.default\">\n\t\t\t\t\t<h1 class=\"elementor-heading-title elementor-size-default\">L'eau pour toutes et tous : un engagement ancr\u00e9 dans la p\u00e9rennit\u00e9 et l\u2019autonomisation des villageois<\/h1>\t\t\t\t<\/div>\n\t\t<div class=\"has_eae_slider elementor-element elementor-element-376cd66 e-con-full e-flex e-con e-child\" data-eae-slider=\"67894\" data-id=\"376cd66\" data-element_type=\"container\" data-e-type=\"container\">\n\t\t<div class=\"has_eae_slider elementor-element elementor-element-59ed010 e-con-full e-flex e-con e-child\" data-eae-slider=\"57039\" data-id=\"59ed010\" data-element_type=\"container\" data-e-type=\"container\">\n\t\t\t\t<div class=\"elementor-element elementor-element-fc18312 elementor-widget elementor-widget-text-editor\" data-id=\"fc18312\" data-element_type=\"widget\" data-e-type=\"widget\" data-widget_type=\"text-editor.default\">\n\t\t\t\t\t\t\t\t\t<p>C\u2019est dans ces moments que l\u2019on comprend que, plus que jamais,\u00a0<b>l<\/b>\u2019<b>eau, c<\/b>\u2019<b>est la vie<\/b>.\u00a0Mais de telles actions ne prennent r\u00e9ellement de sens qu\u2019\u00e0 la condition de permettre aux villageois de\u00a0<b>ne pas \u00eatre d\u00e9pendants<\/b>. Les initiatives solidaires doivent imp\u00e9rativement s\u2019inscrire dans la\u00a0<b>durabilit\u00e9 et l<\/b>\u2019<b>autonomisation des villageois<\/b>.<\/p>\t\t\t\t\t\t\t\t<\/div>\n\t\t\t\t<\/div>\n\t\t<div class=\"has_eae_slider elementor-element elementor-element-3156232 e-con-full e-flex e-con e-child\" data-eae-slider=\"58844\" data-id=\"3156232\" data-element_type=\"container\" data-e-type=\"container\">\n\t\t\t\t<div class=\"elementor-element elementor-element-25db09d elementor-widget elementor-widget-image\" data-id=\"25db09d\" data-element_type=\"widget\" data-e-type=\"widget\" data-widget_type=\"image.default\">\n\t\t\t\t\t\t\t\t\t\t\t\t\t\t\t<img decoding=\"async\" width=\"768\" height=\"1024\" src=\"https:\/\/eauzenfants.fr\/wp-content\/uploads\/2025\/02\/IMG_1613-scaled-1-768x1024.jpeg\" class=\"attachment-medium_large size-medium_large wp-image-8858\" alt=\"\" srcset=\"https:\/\/eauzenfants.fr\/wp-content\/uploads\/2025\/02\/IMG_1613-scaled-1-768x1024.jpeg 768w, https:\/\/eauzenfants.fr\/wp-content\/uploads\/2025\/02\/IMG_1613-scaled-1-225x300.jpeg 225w, https:\/\/eauzenfants.fr\/wp-content\/uploads\/2025\/02\/IMG_1613-scaled-1-1152x1536.jpeg 1152w, https:\/\/eauzenfants.fr\/wp-content\/uploads\/2025\/02\/IMG_1613-scaled-1-1536x2048.jpeg 1536w, https:\/\/eauzenfants.fr\/wp-content\/uploads\/2025\/02\/IMG_1613-scaled-1.jpeg 1920w\" sizes=\"(max-width: 768px) 100vw, 768px\" \/>\t\t\t\t\t\t\t\t\t\t\t\t\t\t\t<\/div>\n\t\t\t\t<\/div>\n\t\t\t\t<\/div>\n\t\t\t\t<div class=\"elementor-element elementor-element-a193ea5 elementor-widget elementor-widget-text-editor\" data-id=\"a193ea5\" data-element_type=\"widget\" data-e-type=\"widget\" data-widget_type=\"text-editor.default\">\n\t\t\t\t\t\t\t\t\t<p>Il est aussi bon de rappeler que pour chaque action financ\u00e9e, la Fondation groupe EDF demande la mise en place d\u2019un comit\u00e9 de gestion dans les villages. Pour assurer la p\u00e9rennit\u00e9 du dispositif, chaque village doit nommer :<\/p><ul><li aria-level=\"1\">un responsable de l\u2019infrastructure qui veille sur l\u2019int\u00e9grit\u00e9 du site et des \u00e9quipements ;<\/li><li aria-level=\"1\">un tr\u00e9sorier pour g\u00e9rer les cotisations des villageois en cas de panne ou de tout al\u00e9as ;<\/li><li aria-level=\"1\">un responsable qui veille \u00e0 l\u2019hygi\u00e8ne du site et de l\u2019eau. A ce titre, nous avons d\u00e9ploy\u00e9 sur place pour chaque village une formation sp\u00e9cifique afin de s\u2019assurer que les bonnes pratiques se transmettent dans le temps.<\/li><\/ul><p>Naturellement, nous continuons \u00e0 suivre chacun de nos projets gr\u00e2ce \u00e0 notre \u00e9quipe locale qui constitue un relais indispensable.<\/p>\t\t\t\t\t\t\t\t<\/div>\n\t\t\t\t<div class=\"elementor-element elementor-element-b15bfe9 elementor-widget elementor-widget-image\" data-id=\"b15bfe9\" data-element_type=\"widget\" data-e-type=\"widget\" data-widget_type=\"image.default\">\n\t\t\t\t\t\t\t\t\t\t\t\t\t\t\t<img loading=\"lazy\" decoding=\"async\" width=\"800\" height=\"600\" src=\"https:\/\/eauzenfants.fr\/wp-content\/uploads\/2025\/02\/IMG_0792-scaled-1-1024x768.jpeg\" class=\"attachment-large size-large wp-image-8859\" alt=\"\" srcset=\"https:\/\/eauzenfants.fr\/wp-content\/uploads\/2025\/02\/IMG_0792-scaled-1-1024x768.jpeg 1024w, https:\/\/eauzenfants.fr\/wp-content\/uploads\/2025\/02\/IMG_0792-scaled-1-300x225.jpeg 300w, https:\/\/eauzenfants.fr\/wp-content\/uploads\/2025\/02\/IMG_0792-scaled-1-768x576.jpeg 768w, https:\/\/eauzenfants.fr\/wp-content\/uploads\/2025\/02\/IMG_0792-scaled-1-1536x1152.jpeg 1536w, https:\/\/eauzenfants.fr\/wp-content\/uploads\/2025\/02\/IMG_0792-scaled-1-2048x1536.jpeg 2048w\" sizes=\"(max-width: 800px) 100vw, 800px\" \/>\t\t\t\t\t\t\t\t\t\t\t\t\t\t\t<\/div>\n\t\t\t\t<div class=\"elementor-element elementor-element-d22630b elementor-align-center elementor-widget elementor-widget-button\" data-id=\"d22630b\" data-element_type=\"widget\" data-e-type=\"widget\" data-widget_type=\"button.default\">\n\t\t\t\t\t\t\t\t\t\t<a class=\"elementor-button elementor-button-link elementor-size-sm\" href=\"https:\/\/dons.eauzenfants.fr\/dons-general\/~mon-don\">\n\t\t\t\t\t\t<span class=\"elementor-button-content-wrapper\">\n\t\t\t\t\t\t\t\t\t<span class=\"elementor-button-text\">Je soutiens l\u2019association humanitaire Eau Z\u2019Enfants<\/span>\n\t\t\t\t\t<\/span>\n\t\t\t\t\t<\/a>\n\t\t\t\t\t\t\t\t<\/div>\n\t\t\t\t\t<\/div>\n\t\t\t\t<\/div>\n\t\t\t\t<\/div>","protected":false},"excerpt":{"rendered":"<p>L\u2019association Eau Z\u2019Enfants, en partenariat avec la Fondation groupe EDF, a entrepris une action remarquable pour aider les habitants de villages recul\u00e9s de Guin\u00e9e \u00e0 acc\u00e9der \u00e0 une eau saine. Gr\u00e2ce au m\u00e9c\u00e9nat de la Fondation EDF, nous avons financ\u00e9 et install\u00e9 des pompes solaires sur plusieurs forages construits dans le cadre du projet \u00ab 50 forages en Guin\u00e9e \u00bb.<\/p>","protected":false},"author":13,"featured_media":8839,"comment_status":"open","ping_status":"open","sticky":false,"template":"","format":"standard","meta":{"footnotes":""},"categories":[1],"tags":[],"class_list":["post-8838","post","type-post","status-publish","format-standard","has-post-thumbnail","hentry","category-blog"],"yoast_head":"<!-- This site is optimized with the Yoast SEO plugin v27.2 - https:\/\/yoast.com\/product\/yoast-seo-wordpress\/ -->\n<title>La Fondation groupe EDF et Eau Z\u2019Enfants, un partenariat solaire pour l\u2019eau | Eau Z&#039;Enfants<\/title>\n<meta name=\"robots\" content=\"index, follow, max-snippet:-1, max-image-preview:large, max-video-preview:-1\" \/>\n<link rel=\"canonical\" href=\"https:\/\/eauzenfants.fr\/en\/2024\/02\/21\/la-fondation-groupe-edf-et-eau-zenfants-un-partenariat-solaire-pour-leau\/\" \/>\n<meta property=\"og:locale\" content=\"en_US\" \/>\n<meta property=\"og:type\" content=\"article\" \/>\n<meta property=\"og:title\" content=\"La Fondation groupe EDF et Eau Z\u2019Enfants, un partenariat solaire pour l\u2019eau | Eau Z&#039;Enfants\" \/>\n<meta property=\"og:description\" content=\"L\u2019association Eau Z\u2019Enfants, en partenariat avec la Fondation groupe EDF, a entrepris une action remarquable pour aider les habitants de villages recul\u00e9s de Guin\u00e9e \u00e0 acc\u00e9der \u00e0 une eau saine. Gr\u00e2ce au m\u00e9c\u00e9nat de la Fondation EDF, nous avons financ\u00e9 et install\u00e9 des pompes solaires sur plusieurs forages construits dans le cadre du projet \u00ab 50 forages en Guin\u00e9e \u00bb.\" \/>\n<meta property=\"og:url\" content=\"https:\/\/eauzenfants.fr\/en\/2024\/02\/21\/la-fondation-groupe-edf-et-eau-zenfants-un-partenariat-solaire-pour-leau\/\" \/>\n<meta property=\"og:site_name\" content=\"Eau Z&#039;Enfants\" \/>\n<meta property=\"article:publisher\" content=\"https:\/\/www.facebook.com\/EAUZENFANTS\/\" \/>\n<meta property=\"article:published_time\" content=\"2024-02-21T10:55:00+00:00\" \/>\n<meta property=\"article:modified_time\" content=\"2025-02-28T11:04:30+00:00\" \/>\n<meta property=\"og:image\" content=\"https:\/\/eauzenfants.fr\/wp-content\/uploads\/2025\/02\/IMG_0776-scaled-1.jpeg\" \/>\n\t<meta property=\"og:image:width\" content=\"2560\" \/>\n\t<meta property=\"og:image:height\" content=\"1920\" \/>\n\t<meta property=\"og:image:type\" content=\"image\/jpeg\" \/>\n<meta name=\"author\" content=\"Tarik Bessadi\" \/>\n<meta name=\"twitter:card\" content=\"summary_large_image\" \/>\n<meta name=\"twitter:label1\" content=\"Written by\" \/>\n\t<meta name=\"twitter:data1\" content=\"Tarik Bessadi\" \/>\n\t<meta name=\"twitter:label2\" content=\"Est. reading time\" \/>\n\t<meta name=\"twitter:data2\" content=\"13 minutes\" \/>\n<script type=\"application\/ld+json\" class=\"yoast-schema-graph\">{\"@context\":\"https:\/\/schema.org\",\"@graph\":[{\"@type\":\"Article\",\"@id\":\"https:\/\/eauzenfants.fr\/2024\/02\/21\/la-fondation-groupe-edf-et-eau-zenfants-un-partenariat-solaire-pour-leau\/#article\",\"isPartOf\":{\"@id\":\"https:\/\/eauzenfants.fr\/2024\/02\/21\/la-fondation-groupe-edf-et-eau-zenfants-un-partenariat-solaire-pour-leau\/\"},\"author\":{\"name\":\"Tarik Bessadi\",\"@id\":\"https:\/\/eauzenfants.fr\/#\/schema\/person\/5e1826830fbdb3a651f46bc56b8bea0c\"},\"headline\":\"La Fondation groupe EDF et Eau Z\u2019Enfants, un partenariat solaire pour l\u2019eau\",\"datePublished\":\"2024-02-21T10:55:00+00:00\",\"dateModified\":\"2025-02-28T11:04:30+00:00\",\"mainEntityOfPage\":{\"@id\":\"https:\/\/eauzenfants.fr\/2024\/02\/21\/la-fondation-groupe-edf-et-eau-zenfants-un-partenariat-solaire-pour-leau\/\"},\"wordCount\":2239,\"commentCount\":0,\"publisher\":{\"@id\":\"https:\/\/eauzenfants.fr\/#organization\"},\"image\":{\"@id\":\"https:\/\/eauzenfants.fr\/2024\/02\/21\/la-fondation-groupe-edf-et-eau-zenfants-un-partenariat-solaire-pour-leau\/#primaryimage\"},\"thumbnailUrl\":\"https:\/\/eauzenfants.fr\/wp-content\/uploads\/2025\/02\/IMG_0776-scaled-1.jpeg\",\"articleSection\":[\"Blog\"],\"inLanguage\":\"en-US\",\"potentialAction\":[{\"@type\":\"CommentAction\",\"name\":\"Comment\",\"target\":[\"https:\/\/eauzenfants.fr\/2024\/02\/21\/la-fondation-groupe-edf-et-eau-zenfants-un-partenariat-solaire-pour-leau\/#respond\"]}]},{\"@type\":\"WebPage\",\"@id\":\"https:\/\/eauzenfants.fr\/2024\/02\/21\/la-fondation-groupe-edf-et-eau-zenfants-un-partenariat-solaire-pour-leau\/\",\"url\":\"https:\/\/eauzenfants.fr\/2024\/02\/21\/la-fondation-groupe-edf-et-eau-zenfants-un-partenariat-solaire-pour-leau\/\",\"name\":\"La Fondation groupe EDF et Eau Z\u2019Enfants, un partenariat solaire pour l\u2019eau | Eau Z&#039;Enfants\",\"isPartOf\":{\"@id\":\"https:\/\/eauzenfants.fr\/#website\"},\"primaryImageOfPage\":{\"@id\":\"https:\/\/eauzenfants.fr\/2024\/02\/21\/la-fondation-groupe-edf-et-eau-zenfants-un-partenariat-solaire-pour-leau\/#primaryimage\"},\"image\":{\"@id\":\"https:\/\/eauzenfants.fr\/2024\/02\/21\/la-fondation-groupe-edf-et-eau-zenfants-un-partenariat-solaire-pour-leau\/#primaryimage\"},\"thumbnailUrl\":\"https:\/\/eauzenfants.fr\/wp-content\/uploads\/2025\/02\/IMG_0776-scaled-1.jpeg\",\"datePublished\":\"2024-02-21T10:55:00+00:00\",\"dateModified\":\"2025-02-28T11:04:30+00:00\",\"breadcrumb\":{\"@id\":\"https:\/\/eauzenfants.fr\/2024\/02\/21\/la-fondation-groupe-edf-et-eau-zenfants-un-partenariat-solaire-pour-leau\/#breadcrumb\"},\"inLanguage\":\"en-US\",\"potentialAction\":[{\"@type\":\"ReadAction\",\"target\":[\"https:\/\/eauzenfants.fr\/2024\/02\/21\/la-fondation-groupe-edf-et-eau-zenfants-un-partenariat-solaire-pour-leau\/\"]}]},{\"@type\":\"ImageObject\",\"inLanguage\":\"en-US\",\"@id\":\"https:\/\/eauzenfants.fr\/2024\/02\/21\/la-fondation-groupe-edf-et-eau-zenfants-un-partenariat-solaire-pour-leau\/#primaryimage\",\"url\":\"https:\/\/eauzenfants.fr\/wp-content\/uploads\/2025\/02\/IMG_0776-scaled-1.jpeg\",\"contentUrl\":\"https:\/\/eauzenfants.fr\/wp-content\/uploads\/2025\/02\/IMG_0776-scaled-1.jpeg\",\"width\":2560,\"height\":1920},{\"@type\":\"BreadcrumbList\",\"@id\":\"https:\/\/eauzenfants.fr\/2024\/02\/21\/la-fondation-groupe-edf-et-eau-zenfants-un-partenariat-solaire-pour-leau\/#breadcrumb\",\"itemListElement\":[{\"@type\":\"ListItem\",\"position\":1,\"name\":\"Accueil\",\"item\":\"https:\/\/eauzenfants.fr\/\"},{\"@type\":\"ListItem\",\"position\":2,\"name\":\"La Fondation groupe EDF et Eau Z\u2019Enfants, un partenariat solaire pour l\u2019eau\"}]},{\"@type\":\"WebSite\",\"@id\":\"https:\/\/eauzenfants.fr\/#website\",\"url\":\"https:\/\/eauzenfants.fr\/\",\"name\":\"Eau Z'Enfants\",\"description\":\"\",\"publisher\":{\"@id\":\"https:\/\/eauzenfants.fr\/#organization\"},\"potentialAction\":[{\"@type\":\"SearchAction\",\"target\":{\"@type\":\"EntryPoint\",\"urlTemplate\":\"https:\/\/eauzenfants.fr\/?s={search_term_string}\"},\"query-input\":{\"@type\":\"PropertyValueSpecification\",\"valueRequired\":true,\"valueName\":\"search_term_string\"}}],\"inLanguage\":\"en-US\"},{\"@type\":\"Organization\",\"@id\":\"https:\/\/eauzenfants.fr\/#organization\",\"name\":\"Eau Z'Enfants\",\"url\":\"https:\/\/eauzenfants.fr\/\",\"logo\":{\"@type\":\"ImageObject\",\"inLanguage\":\"en-US\",\"@id\":\"https:\/\/eauzenfants.fr\/#\/schema\/logo\/image\/\",\"url\":\"https:\/\/www.eauzenfants.fr\/wp-content\/uploads\/2020\/04\/logo-croped.png\",\"contentUrl\":\"https:\/\/www.eauzenfants.fr\/wp-content\/uploads\/2020\/04\/logo-croped.png\",\"width\":363,\"height\":384,\"caption\":\"Eau Z'Enfants\"},\"image\":{\"@id\":\"https:\/\/eauzenfants.fr\/#\/schema\/logo\/image\/\"},\"sameAs\":[\"https:\/\/www.facebook.com\/EAUZENFANTS\/\",\"https:\/\/www.instagram.com\/eau_z_enfants\",\"https:\/\/www.linkedin.com\/company\/eau-z-enfants\"]},{\"@type\":\"Person\",\"@id\":\"https:\/\/eauzenfants.fr\/#\/schema\/person\/5e1826830fbdb3a651f46bc56b8bea0c\",\"name\":\"Tarik Bessadi\",\"image\":{\"@type\":\"ImageObject\",\"inLanguage\":\"en-US\",\"@id\":\"https:\/\/secure.gravatar.com\/avatar\/eb9145e72abc44a21b8b6ad21ab4fbf24fbf76c251c9e6d402ab688edff5f934?s=96&d=mm&r=g\",\"url\":\"https:\/\/secure.gravatar.com\/avatar\/eb9145e72abc44a21b8b6ad21ab4fbf24fbf76c251c9e6d402ab688edff5f934?s=96&d=mm&r=g\",\"contentUrl\":\"https:\/\/secure.gravatar.com\/avatar\/eb9145e72abc44a21b8b6ad21ab4fbf24fbf76c251c9e6d402ab688edff5f934?s=96&d=mm&r=g\",\"caption\":\"Tarik Bessadi\"},\"url\":\"https:\/\/eauzenfants.fr\/en\/author\/tarik_eze\/\"}]}<\/script>\n<!-- \/ Yoast SEO plugin. -->","yoast_head_json":{"title":"La Fondation groupe EDF et Eau Z\u2019Enfants, un partenariat solaire pour l\u2019eau | Eau Z&#039;Enfants","robots":{"index":"index","follow":"follow","max-snippet":"max-snippet:-1","max-image-preview":"max-image-preview:large","max-video-preview":"max-video-preview:-1"},"canonical":"https:\/\/eauzenfants.fr\/en\/2024\/02\/21\/la-fondation-groupe-edf-et-eau-zenfants-un-partenariat-solaire-pour-leau\/","og_locale":"en_US","og_type":"article","og_title":"La Fondation groupe EDF et Eau Z\u2019Enfants, un partenariat solaire pour l\u2019eau | Eau Z&#039;Enfants","og_description":"L\u2019association Eau Z\u2019Enfants, en partenariat avec la Fondation groupe EDF, a entrepris une action remarquable pour aider les habitants de villages recul\u00e9s de Guin\u00e9e \u00e0 acc\u00e9der \u00e0 une eau saine. Gr\u00e2ce au m\u00e9c\u00e9nat de la Fondation EDF, nous avons financ\u00e9 et install\u00e9 des pompes solaires sur plusieurs forages construits dans le cadre du projet \u00ab 50 forages en Guin\u00e9e \u00bb.","og_url":"https:\/\/eauzenfants.fr\/en\/2024\/02\/21\/la-fondation-groupe-edf-et-eau-zenfants-un-partenariat-solaire-pour-leau\/","og_site_name":"Eau Z&#039;Enfants","article_publisher":"https:\/\/www.facebook.com\/EAUZENFANTS\/","article_published_time":"2024-02-21T10:55:00+00:00","article_modified_time":"2025-02-28T11:04:30+00:00","og_image":[{"width":2560,"height":1920,"url":"https:\/\/eauzenfants.fr\/wp-content\/uploads\/2025\/02\/IMG_0776-scaled-1.jpeg","type":"image\/jpeg"}],"author":"Tarik Bessadi","twitter_card":"summary_large_image","twitter_misc":{"Written by":"Tarik Bessadi","Est. reading time":"13 minutes"},"schema":{"@context":"https:\/\/schema.org","@graph":[{"@type":"Article","@id":"https:\/\/eauzenfants.fr\/2024\/02\/21\/la-fondation-groupe-edf-et-eau-zenfants-un-partenariat-solaire-pour-leau\/#article","isPartOf":{"@id":"https:\/\/eauzenfants.fr\/2024\/02\/21\/la-fondation-groupe-edf-et-eau-zenfants-un-partenariat-solaire-pour-leau\/"},"author":{"name":"Tarik Bessadi","@id":"https:\/\/eauzenfants.fr\/#\/schema\/person\/5e1826830fbdb3a651f46bc56b8bea0c"},"headline":"La Fondation groupe EDF et Eau Z\u2019Enfants, un partenariat solaire pour l\u2019eau","datePublished":"2024-02-21T10:55:00+00:00","dateModified":"2025-02-28T11:04:30+00:00","mainEntityOfPage":{"@id":"https:\/\/eauzenfants.fr\/2024\/02\/21\/la-fondation-groupe-edf-et-eau-zenfants-un-partenariat-solaire-pour-leau\/"},"wordCount":2239,"commentCount":0,"publisher":{"@id":"https:\/\/eauzenfants.fr\/#organization"},"image":{"@id":"https:\/\/eauzenfants.fr\/2024\/02\/21\/la-fondation-groupe-edf-et-eau-zenfants-un-partenariat-solaire-pour-leau\/#primaryimage"},"thumbnailUrl":"https:\/\/eauzenfants.fr\/wp-content\/uploads\/2025\/02\/IMG_0776-scaled-1.jpeg","articleSection":["Blog"],"inLanguage":"en-US","potentialAction":[{"@type":"CommentAction","name":"Comment","target":["https:\/\/eauzenfants.fr\/2024\/02\/21\/la-fondation-groupe-edf-et-eau-zenfants-un-partenariat-solaire-pour-leau\/#respond"]}]},{"@type":"WebPage","@id":"https:\/\/eauzenfants.fr\/2024\/02\/21\/la-fondation-groupe-edf-et-eau-zenfants-un-partenariat-solaire-pour-leau\/","url":"https:\/\/eauzenfants.fr\/2024\/02\/21\/la-fondation-groupe-edf-et-eau-zenfants-un-partenariat-solaire-pour-leau\/","name":"La Fondation groupe EDF et Eau Z\u2019Enfants, un partenariat solaire pour l\u2019eau | Eau Z&#039;Enfants","isPartOf":{"@id":"https:\/\/eauzenfants.fr\/#website"},"primaryImageOfPage":{"@id":"https:\/\/eauzenfants.fr\/2024\/02\/21\/la-fondation-groupe-edf-et-eau-zenfants-un-partenariat-solaire-pour-leau\/#primaryimage"},"image":{"@id":"https:\/\/eauzenfants.fr\/2024\/02\/21\/la-fondation-groupe-edf-et-eau-zenfants-un-partenariat-solaire-pour-leau\/#primaryimage"},"thumbnailUrl":"https:\/\/eauzenfants.fr\/wp-content\/uploads\/2025\/02\/IMG_0776-scaled-1.jpeg","datePublished":"2024-02-21T10:55:00+00:00","dateModified":"2025-02-28T11:04:30+00:00","breadcrumb":{"@id":"https:\/\/eauzenfants.fr\/2024\/02\/21\/la-fondation-groupe-edf-et-eau-zenfants-un-partenariat-solaire-pour-leau\/#breadcrumb"},"inLanguage":"en-US","potentialAction":[{"@type":"ReadAction","target":["https:\/\/eauzenfants.fr\/2024\/02\/21\/la-fondation-groupe-edf-et-eau-zenfants-un-partenariat-solaire-pour-leau\/"]}]},{"@type":"ImageObject","inLanguage":"en-US","@id":"https:\/\/eauzenfants.fr\/2024\/02\/21\/la-fondation-groupe-edf-et-eau-zenfants-un-partenariat-solaire-pour-leau\/#primaryimage","url":"https:\/\/eauzenfants.fr\/wp-content\/uploads\/2025\/02\/IMG_0776-scaled-1.jpeg","contentUrl":"https:\/\/eauzenfants.fr\/wp-content\/uploads\/2025\/02\/IMG_0776-scaled-1.jpeg","width":2560,"height":1920},{"@type":"BreadcrumbList","@id":"https:\/\/eauzenfants.fr\/2024\/02\/21\/la-fondation-groupe-edf-et-eau-zenfants-un-partenariat-solaire-pour-leau\/#breadcrumb","itemListElement":[{"@type":"ListItem","position":1,"name":"Accueil","item":"https:\/\/eauzenfants.fr\/"},{"@type":"ListItem","position":2,"name":"La Fondation groupe EDF et Eau Z\u2019Enfants, un partenariat solaire pour l\u2019eau"}]},{"@type":"WebSite","@id":"https:\/\/eauzenfants.fr\/#website","url":"https:\/\/eauzenfants.fr\/","name":"Eau Z'Enfants","description":"","publisher":{"@id":"https:\/\/eauzenfants.fr\/#organization"},"potentialAction":[{"@type":"SearchAction","target":{"@type":"EntryPoint","urlTemplate":"https:\/\/eauzenfants.fr\/?s={search_term_string}"},"query-input":{"@type":"PropertyValueSpecification","valueRequired":true,"valueName":"search_term_string"}}],"inLanguage":"en-US"},{"@type":"Organization","@id":"https:\/\/eauzenfants.fr\/#organization","name":"Eau Z'Enfants","url":"https:\/\/eauzenfants.fr\/","logo":{"@type":"ImageObject","inLanguage":"en-US","@id":"https:\/\/eauzenfants.fr\/#\/schema\/logo\/image\/","url":"https:\/\/www.eauzenfants.fr\/wp-content\/uploads\/2020\/04\/logo-croped.png","contentUrl":"https:\/\/www.eauzenfants.fr\/wp-content\/uploads\/2020\/04\/logo-croped.png","width":363,"height":384,"caption":"Eau Z'Enfants"},"image":{"@id":"https:\/\/eauzenfants.fr\/#\/schema\/logo\/image\/"},"sameAs":["https:\/\/www.facebook.com\/EAUZENFANTS\/","https:\/\/www.instagram.com\/eau_z_enfants","https:\/\/www.linkedin.com\/company\/eau-z-enfants"]},{"@type":"Person","@id":"https:\/\/eauzenfants.fr\/#\/schema\/person\/5e1826830fbdb3a651f46bc56b8bea0c","name":"Tarik Bessadi","image":{"@type":"ImageObject","inLanguage":"en-US","@id":"https:\/\/secure.gravatar.com\/avatar\/eb9145e72abc44a21b8b6ad21ab4fbf24fbf76c251c9e6d402ab688edff5f934?s=96&d=mm&r=g","url":"https:\/\/secure.gravatar.com\/avatar\/eb9145e72abc44a21b8b6ad21ab4fbf24fbf76c251c9e6d402ab688edff5f934?s=96&d=mm&r=g","contentUrl":"https:\/\/secure.gravatar.com\/avatar\/eb9145e72abc44a21b8b6ad21ab4fbf24fbf76c251c9e6d402ab688edff5f934?s=96&d=mm&r=g","caption":"Tarik Bessadi"},"url":"https:\/\/eauzenfants.fr\/en\/author\/tarik_eze\/"}]}},"_links":{"self":[{"href":"https:\/\/eauzenfants.fr\/en\/wp-json\/wp\/v2\/posts\/8838","targetHints":{"allow":["GET"]}}],"collection":[{"href":"https:\/\/eauzenfants.fr\/en\/wp-json\/wp\/v2\/posts"}],"about":[{"href":"https:\/\/eauzenfants.fr\/en\/wp-json\/wp\/v2\/types\/post"}],"author":[{"embeddable":true,"href":"https:\/\/eauzenfants.fr\/en\/wp-json\/wp\/v2\/users\/13"}],"replies":[{"embeddable":true,"href":"https:\/\/eauzenfants.fr\/en\/wp-json\/wp\/v2\/comments?post=8838"}],"version-history":[{"count":11,"href":"https:\/\/eauzenfants.fr\/en\/wp-json\/wp\/v2\/posts\/8838\/revisions"}],"predecessor-version":[{"id":8866,"href":"https:\/\/eauzenfants.fr\/en\/wp-json\/wp\/v2\/posts\/8838\/revisions\/8866"}],"wp:featuredmedia":[{"embeddable":true,"href":"https:\/\/eauzenfants.fr\/en\/wp-json\/wp\/v2\/media\/8839"}],"wp:attachment":[{"href":"https:\/\/eauzenfants.fr\/en\/wp-json\/wp\/v2\/media?parent=8838"}],"wp:term":[{"taxonomy":"category","embeddable":true,"href":"https:\/\/eauzenfants.fr\/en\/wp-json\/wp\/v2\/categories?post=8838"},{"taxonomy":"post_tag","embeddable":true,"href":"https:\/\/eauzenfants.fr\/en\/wp-json\/wp\/v2\/tags?post=8838"}],"curies":[{"name":"wp","href":"https:\/\/api.w.org\/{rel}","templated":true}]}}