{"id":8933,"date":"2024-04-11T14:57:00","date_gmt":"2024-04-11T12:57:00","guid":{"rendered":"https:\/\/www.eauzenfants.fr\/?p=8933"},"modified":"2025-03-01T14:58:04","modified_gmt":"2025-03-01T13:58:04","slug":"journee-internationale-des-droits-de-la-femme-quelles-initiatives-au-togo-et-en-guinee","status":"publish","type":"post","link":"https:\/\/eauzenfants.fr\/en\/2024\/04\/11\/journee-internationale-des-droits-de-la-femme-quelles-initiatives-au-togo-et-en-guinee\/","title":{"rendered":"Journ\u00e9e Internationale des Droits de la Femme : Quelles Initiatives au Togo et en Guin\u00e9e"},"content":{"rendered":"<div data-elementor-type=\"wp-post\" data-elementor-id=\"8933\" class=\"elementor elementor-8933\">\n\t\t\t\t<div class=\"has_eae_slider elementor-element elementor-element-dd2ea7d e-flex e-con-boxed e-con e-parent\" data-eae-slider=\"58879\" data-id=\"dd2ea7d\" data-element_type=\"container\" data-e-type=\"container\">\n\t\t\t\t\t<div class=\"e-con-inner\">\n\t\t\t\t<div class=\"elementor-element elementor-element-e7640a5 elementor-widget elementor-widget-text-editor\" data-id=\"e7640a5\" data-element_type=\"widget\" data-e-type=\"widget\" data-widget_type=\"text-editor.default\">\n\t\t\t\t\t\t\t\t\t<p>Dans la continuit\u00e9 de la Journ\u00e9e internationale des droits des femmes qui s\u2019est tenu le 8 mars dernier, l\u2019attention demeure port\u00e9e sur le Togo et la Guin\u00e9e, deux nations o\u00f9 les droits des femmes sont au c\u0153ur des pr\u00e9occupations. \u00c0 travers cet article, Eau Z\u2019Enfants met en lumi\u00e8re<b>\u00a0les initiatives et les d\u00e9fis<\/b>\u00a0auxquels sont confront\u00e9s les femmes dans ces pays, soulignant \u00e0 la fois leurs avanc\u00e9es significatives et les obstacles sur la voie de l\u2019\u00e9galit\u00e9 des sexes.<\/p><p>C\u2019est en 1977 que l\u2019ONU a officialis\u00e9 la journ\u00e9e internationale des femmes en invitant le 8 mars tous les pays \u00e0 c\u00e9l\u00e9brer les r\u00e9alisations des femmes et \u00e0 militer pour l\u2019\u00e9galit\u00e9 des droits.\u00a0Elle enrichit ces dispositions en 1979 par l\u2019adoption de CEDAW, un trait\u00e9 international qui vise \u00e0 garantir l\u2019\u00e9galit\u00e9 des droits entre les femmes et les hommes dans tous les domaines de la vie.<\/p><p>En 2010, l\u2019ONU cr\u00e9e m\u00eame\u00a0<b>ONU Femmes\u00a0<\/b>dont la\u00a0 mission est de promouvoir l\u2019\u00e9galit\u00e9 des sexes et l\u2019autonomisation des femmes dans le monde entier.\u00a0Chaque ann\u00e9e, l\u2019Organisation des Nations Unies (ONU) choisit un th\u00e8me sp\u00e9cifique qui suscite de nombreux d\u00e9bats et actions. Le th\u00e8me s\u00e9lectionn\u00e9 pour l\u2019\u00e9dition 2024 \u00e9tait \u00ab\u00a0<b>Promouvoir l\u2019investissement dans le bien-\u00eatre des femmes : acc\u00e9l\u00e9rer les progr\u00e8s<\/b>\u00ab\u00a0. L\u2019objectif est de surmonter l\u2019un des principaux obstacles entravant l\u2019atteinte de l\u2019\u00e9galit\u00e9 des sexes d\u2019ici 2030, \u00e0 savoir\u00a0<b>le d\u00e9ficit financier<\/b>. Selon les estimations de l\u2019ONU, le manque annuel de financement pour les initiatives en faveur de l\u2019\u00e9galit\u00e9 des sexes s\u2019\u00e9l\u00e8ve \u00e0 360 milliards de dollars.<\/p><p>Mais qu\u2019en est-il au Togo et en Guin\u00e9e, les deux pays soutenus par Eau Z\u2019Enfants depuis 2019.<\/p>\t\t\t\t\t\t\t\t<\/div>\n\t\t\t\t\t<\/div>\n\t\t\t\t<\/div>\n\t\t<div class=\"has_eae_slider elementor-element elementor-element-f2363a0 e-flex e-con-boxed e-con e-parent\" data-eae-slider=\"11140\" data-id=\"f2363a0\" data-element_type=\"container\" data-e-type=\"container\">\n\t\t\t\t\t<div class=\"e-con-inner\">\n\t\t\t\t<div class=\"elementor-element elementor-element-bffa60b elementor-widget elementor-widget-heading\" data-id=\"bffa60b\" data-element_type=\"widget\" data-e-type=\"widget\" data-widget_type=\"heading.default\">\n\t\t\t\t\t<h2 class=\"elementor-heading-title elementor-size-default\">Les femmes togolaises, quelle place dans la soci\u00e9t\u00e9 ?<\/h2>\t\t\t\t<\/div>\n\t\t\t\t<div class=\"elementor-element elementor-element-6707c45 elementor-widget elementor-widget-text-editor\" data-id=\"6707c45\" data-element_type=\"widget\" data-e-type=\"widget\" data-widget_type=\"text-editor.default\">\n\t\t\t\t\t\t\t\t\t<p><span style=\"font-weight: 400;\">Les femmes du Togo occupent une <\/span><b>position essentielle<\/b><span style=\"font-weight: 400;\"> dans l&rsquo;\u00e9conomie nationale, tant dans les structures officielles que dans le secteur informel. Elles constituent environ <\/span><b>51% de la population active totale<\/b><span style=\"font-weight: 400;\">, se concentrant principalement dans les domaines de l&rsquo;agriculture, du commerce et de l&rsquo;artisanat.<\/span><\/p><p><span style=\"font-weight: 400;\">Au regard de ces enjeux \u00e9conomiques et de la position des femmes, le gouvernement togolais a mis en place en 2011 une \u00ab\u00a0Politique Nationale pour l\u2019Equit\u00e9 et l\u2019Egalit\u00e9 de Genre (PNEEG). Cette politique est accompagn\u00e9e d&rsquo;un plan d&rsquo;action et d&rsquo;un cadre institutionnel visant \u00e0 assurer son efficacit\u00e9 et son optimisation. Son objectif principal est de<\/span><b> faire du Togo un pays sans discrimination entre hommes et femmes<\/b><span style=\"font-weight: 400;\"> en leur offrant les m\u00eames opportunit\u00e9s de participation au d\u00e9veloppement. En 2019, cette politique a \u00e9t\u00e9 r\u00e9vis\u00e9e et une Strat\u00e9gie Nationale d&rsquo;\u00c9quit\u00e9 et d&rsquo;\u00c9galit\u00e9 de Genre (SNEEG) a \u00e9t\u00e9 adopt\u00e9e pour renforcer les progr\u00e8s r\u00e9alis\u00e9s et s&rsquo;adapter aux nouvelles r\u00e9alit\u00e9s.<\/span><\/p><p><span style=\"font-weight: 400;\">Le Togo a \u00e9galement modernis\u00e9 plusieurs de ses lois et lanc\u00e9 diverses initiatives pour promouvoir l&rsquo;\u00e9galit\u00e9 des sexes. Ces mesures vont de l&rsquo;<\/span><b>adoption d&rsquo;un nouveau code p\u00e9nal plus \u00e9quitable<\/b><span style=\"font-weight: 400;\"> \u00e0 la r\u00e9vision de la strat\u00e9gie de <\/span><b>lutte contre les violences bas\u00e9es sur le genre<\/b><span style=\"font-weight: 400;\"> (VBG), en passant par l&rsquo;\u00e9laboration d&rsquo;une strat\u00e9gie nationale d&rsquo;<\/span><b>int\u00e9gration du genre dans les politiques de d\u00e9veloppement<\/b><span style=\"font-weight: 400;\">. Cette \u00e9volution juridique, soutenue par des associations et des partenaires, a contribu\u00e9 <\/span><b>\u00e0 r\u00e9duire certaines des violences<\/b><span style=\"font-weight: 400;\"> les plus graves contre les femmes, telles que l&rsquo;excision.<\/span><\/p><p><span style=\"font-weight: 400;\">En 2022 <\/span><span style=\"text-decoration: underline; color: #0000ff;\"><a style=\"color: #0000ff;\" href=\"https:\/\/assemblee-nationale.tg\/renforcement-des-droits-fondamentaux-de-la-femme-au-togo-la-representation-nationale-legifere\/\"><span style=\"font-weight: 400;\">l\u2019Assembl\u00e9e Nationale Togolaise<\/span><\/a><\/span><span style=\"font-weight: 400;\"> a accel\u00e9r\u00e9 sa politique de promotion de la femme. Elle a ainsi vot\u00e9 quatre lois utilitaristes visant \u00e0 renforcer les droits des femmes, dans les milieux professionnels, judiciaires et familiaux. <\/span><\/p>\t\t\t\t\t\t\t\t<\/div>\n\t\t\t\t\t<\/div>\n\t\t\t\t<\/div>\n\t\t<div class=\"has_eae_slider elementor-element elementor-element-cf309fb e-flex e-con-boxed e-con e-parent\" data-eae-slider=\"94865\" data-id=\"cf309fb\" data-element_type=\"container\" data-e-type=\"container\">\n\t\t\t\t\t<div class=\"e-con-inner\">\n\t\t\t\t<div class=\"elementor-element elementor-element-bc9a891 elementor-widget elementor-widget-heading\" data-id=\"bc9a891\" data-element_type=\"widget\" data-e-type=\"widget\" data-widget_type=\"heading.default\">\n\t\t\t\t\t<h2 class=\"elementor-heading-title elementor-size-default\">Les femmes en politique<\/h2>\t\t\t\t<\/div>\n\t\t\t\t<div class=\"elementor-element elementor-element-d173c74 elementor-widget elementor-widget-text-editor\" data-id=\"d173c74\" data-element_type=\"widget\" data-e-type=\"widget\" data-widget_type=\"text-editor.default\">\n\t\t\t\t\t\t\t\t\t<p dir=\"ltr\" style=\"line-height: 1.38; text-align: justify; margin-top: 0pt; margin-bottom: 0pt;\"><span style=\"font-size: 11pt; font-family: Arial,sans-serif; color: #000000; background-color: transparent; font-weight: 400; font-style: normal; font-variant: normal; text-decoration: none; vertical-align: baseline;\">Notons que l\u2019Assembl\u00e9e Nationale est pr\u00e9sid\u00e9e par <\/span><span style=\"text-decoration: underline;\"><span style=\"color: #0000ff; text-decoration: underline;\"><a style=\"text-decoration: underline; color: #0000ff;\" href=\"https:\/\/assemblee-nationale.tg\/president_assemblee\/yawa-djigbodi-tsegan\/\"><span style=\"font-size: 11pt; font-family: Arial, sans-serif; background-color: transparent; font-weight: 400; font-style: normal; font-variant: normal; vertical-align: baseline;\">Mme Yawa Djigbodi TSEGAN<\/span><\/a><\/span><\/span><span style=\"font-size: 11pt; font-family: Arial,sans-serif; color: #000000; background-color: transparent; font-weight: 400; font-style: normal; font-variant: normal; text-decoration: none; vertical-align: baseline;\"><span style=\"text-decoration: underline;\"><span style=\"color: #0000ff; text-decoration: underline;\">,<\/span><\/span> c\u2019est la <\/span><span style=\"font-size: 11pt; font-family: Arial,sans-serif; color: #000000; background-color: transparent; font-weight: bold; font-style: normal; font-variant: normal; text-decoration: none; vertical-align: baseline;\">premi\u00e8re femme<\/span><span style=\"font-size: 11pt; font-family: Arial,sans-serif; color: #000000; background-color: transparent; font-weight: 400; font-style: normal; font-variant: normal; text-decoration: none; vertical-align: baseline;\"> \u00e0 la t\u00eate d\u2019une telle institution au Togo.<\/span><\/p><p dir=\"ltr\" style=\"line-height: 1.38; text-align: justify; margin-top: 0pt; margin-bottom: 0pt;\"><span style=\"background-color: transparent; color: #000000; font-family: Arial, sans-serif; font-size: 11pt; font-style: normal; font-weight: 400;\">\u00a0<\/span><\/p><p dir=\"ltr\" style=\"line-height: 1.38; text-align: justify; margin-top: 0pt; margin-bottom: 0pt;\"><span style=\"background-color: transparent; color: #000000; font-family: Arial, sans-serif; font-size: 11pt; font-style: normal; font-weight: 400;\">Quelques chiffres pour illustrer la place des femmes dans la vie politique togolaise.<\/span><\/p>\t\t\t\t\t\t\t\t<\/div>\n\t\t\t\t<div class=\"elementor-element elementor-element-8e51eb5 elementor-widget elementor-widget-image\" data-id=\"8e51eb5\" data-element_type=\"widget\" data-e-type=\"widget\" data-widget_type=\"image.default\">\n\t\t\t\t\t\t\t\t\t\t\t\t\t\t\t<img decoding=\"async\" src=\"https:\/\/eauzenfants.fr\/wp-content\/uploads\/elementor\/thumbs\/\u2705-1-1-r27zyv4n3t3wlv3m3x0h31qvpsvqivmls40gdct2u8.png\" title=\"\u2705-1-1\" alt=\"\u2705-1-1\" loading=\"lazy\" \/>\t\t\t\t\t\t\t\t\t\t\t\t\t\t\t<\/div>\n\t\t\t\t<div class=\"elementor-element elementor-element-8c268a8 elementor-widget elementor-widget-text-editor\" data-id=\"8c268a8\" data-element_type=\"widget\" data-e-type=\"widget\" data-widget_type=\"text-editor.default\">\n\t\t\t\t\t\t\t\t\t<p><span style=\"font-weight: 400;\">La fa\u00eeti\u00e8re des communes du Togo cr\u00e9\u00e9e en 2020 est pr\u00e9sid\u00e9e par une femme.\u00a0<\/span><\/p><p><span style=\"font-weight: 400;\">Le poste de m\u00e9diateur de la R\u00e9publique est quant \u00e0 lui assur\u00e9 par une femme. Mais qu\u2019en est-il au sein de l\u2019\u00e9conomie togolaise ?<\/span><\/p>\t\t\t\t\t\t\t\t<\/div>\n\t\t\t\t\t<\/div>\n\t\t\t\t<\/div>\n\t\t<div class=\"has_eae_slider elementor-element elementor-element-4adc811 e-flex e-con-boxed e-con e-parent\" data-eae-slider=\"19569\" data-id=\"4adc811\" data-element_type=\"container\" data-e-type=\"container\">\n\t\t\t\t\t<div class=\"e-con-inner\">\n\t\t\t\t<div class=\"elementor-element elementor-element-c6a80e4 elementor-widget elementor-widget-heading\" data-id=\"c6a80e4\" data-element_type=\"widget\" data-e-type=\"widget\" data-widget_type=\"heading.default\">\n\t\t\t\t\t<h2 class=\"elementor-heading-title elementor-size-default\">Les femmes dans la vie \u00e9conomique du pays<\/h2>\t\t\t\t<\/div>\n\t\t\t\t<div class=\"elementor-element elementor-element-bc54926 elementor-widget elementor-widget-text-editor\" data-id=\"bc54926\" data-element_type=\"widget\" data-e-type=\"widget\" data-widget_type=\"text-editor.default\">\n\t\t\t\t\t\t\t\t\t<p><b>\u201cQuand une femme r\u00e9ussit, c\u2019est tout le village qui r\u00e9ussit.\u201d<\/b><span style=\"font-weight: 400;\"> C\u2019est avec ces mots que la rappeuse togolaise Milly Parkeur commen\u00e7ait son discours \u00e0 l\u2019intention de filles et gar\u00e7ons de villages au Togo en juin 2018.\u00a0<\/span><\/p><p><span style=\"font-weight: 400;\">L\u2019entrepreneuriat se conjugue aussi au f\u00e9minin au Togo.<\/span><span style=\"font-weight: 400;\"> Qu&rsquo;il s&rsquo;agisse de l&rsquo;agro-alimentaire, des produits de beaut\u00e9, de l&rsquo;habillement, de l&rsquo;\u00e9v\u00e9nementiel, du num\u00e9rique ou du commerce en g\u00e9n\u00e9ral, les femmes sont de plus en plus repr\u00e9sent\u00e9es partout o\u00f9 la richesse est cr\u00e9\u00e9e et distribu\u00e9e.<\/span><\/p><p><span style=\"font-weight: 400;\">La mont\u00e9e en visibilit\u00e9 des entrepreneuses dans le paysage des affaires \u00e0 Lom\u00e9 d\u00e9coule d&rsquo;un processus intentionnellement planifi\u00e9 par les autorit\u00e9s togolaises sur plusieurs ann\u00e9es<\/span><span style=\"font-weight: 400;\">. Selon Sandra Johnson, Ministre secr\u00e9taire g\u00e9n\u00e9rale de la Pr\u00e9sidence en charge de la cellule climat des affaires, cette tendance r\u00e9sulte d&rsquo;efforts soutenus en faveur de l&rsquo;entrepreneuriat f\u00e9minin, notamment \u00e0 travers des r\u00e9formes \u00e9conomiques ax\u00e9es sur l&rsquo;am\u00e9lioration du climat des affaires, le soutien aux jeunes, ainsi que l&rsquo;instauration de mesures telles que <\/span><b>l&rsquo;attribution de 40 % des march\u00e9s publics aux jeunes et aux femmes<\/b><span style=\"font-weight: 400;\">. Ces mesures ont agi comme un catalyseur stimulant l&rsquo;essor des entrepreneuses.<\/span><\/p><p><span style=\"font-weight: 400;\">Et les <\/span><span style=\"text-decoration: underline;\"><span style=\"color: #0000ff;\"><a style=\"color: #0000ff;\" href=\"https:\/\/www.togofirst.com\/fr\/gouvernance-economique\/0609-12481-au-togo-quand-lentrepreneuriat-feminin-monte-en-puissance\"><span style=\"font-weight: 400;\">chiffres parlent.<\/span><\/a><\/span><\/span><span style=\"font-weight: 400;\"> Des donn\u00e9es du CFE (Centre de Formalit\u00e9s des Entreprises) montrent que <\/span><b>le nombre de femmes propri\u00e9taires d&rsquo;entreprises individuelles au Togo a augment\u00e9 de 24,18%<\/b><span style=\"font-weight: 400;\"> entre 2018 et 2022, contre seulement 6,89% chez les hommes.<\/span><\/p><p><span style=\"font-weight: 400;\">M\u00eame si les choses ont \u00e9volu\u00e9 depuis 2018, <\/span><span style=\"font-weight: 400;\">les femmes continuent d\u2019affronter quotidiennement des d\u00e9fis \u00e9conomiques et sociaux, alors qu\u2019elles constituent le pilier du changement et de la prosp\u00e9rit\u00e9.<\/span><\/p>\t\t\t\t\t\t\t\t<\/div>\n\t\t\t\t\t<\/div>\n\t\t\t\t<\/div>\n\t\t<div class=\"has_eae_slider elementor-element elementor-element-e0f0bd0 e-flex e-con-boxed e-con e-parent\" data-eae-slider=\"4633\" data-id=\"e0f0bd0\" data-element_type=\"container\" data-e-type=\"container\">\n\t\t\t\t\t<div class=\"e-con-inner\">\n\t\t\t\t<div class=\"elementor-element elementor-element-6e42115 elementor-widget elementor-widget-heading\" data-id=\"6e42115\" data-element_type=\"widget\" data-e-type=\"widget\" data-widget_type=\"heading.default\">\n\t\t\t\t\t<h2 class=\"elementor-heading-title elementor-size-default\">Qu\u2019en est-il de l\u2019\u00e9ducation<\/h2>\t\t\t\t<\/div>\n\t\t\t\t<div class=\"elementor-element elementor-element-28c7574 elementor-widget elementor-widget-text-editor\" data-id=\"28c7574\" data-element_type=\"widget\" data-e-type=\"widget\" data-widget_type=\"text-editor.default\">\n\t\t\t\t\t\t\t\t\t<p><span style=\"font-weight: 400;\">L\u2019acc\u00e8s \u00e0 l\u2019\u00e9ducation des filles restent un combat de tous les jours au Togo. En 2022, la situation de la scolarisation des filles reste encore pr\u00e9occupante au Togo. <\/span><b>Le taux de scolarisation est estim\u00e9 \u00e0 55% chez les filles contre 78% chez les gar\u00e7ons<\/b><span style=\"font-weight: 400;\">.<\/span><\/p><p><span style=\"font-weight: 400;\">Dans les zones les plus pauvres du Togo, comme les r\u00e9gions des savanes, <\/span><b>le taux d&rsquo;alphab\u00e9tisation des femmes est tr\u00e8s bas<\/b><span style=\"font-weight: 400;\"> de l\u2019ordre de 15%, contre 46 % pour les hommes, d&rsquo;apr\u00e8s l&rsquo;UNESCO. Malgr\u00e9 les initiatives des autorit\u00e9s togolaises au cours des dix derni\u00e8res ann\u00e9es pour promouvoir l&rsquo;\u00e9ducation des filles, les progr\u00e8s doivent s\u2019accentuer.<\/span><\/p><p><span style=\"font-weight: 400;\">Pourtant les effets positifs sont connus et il est crucial de souligner <\/span><b>le r\u00f4le fondamental de l&rsquo;\u00e9ducation pour l&rsquo;autonomisation des femmes<\/b><span style=\"font-weight: 400;\">. En acqu\u00e9rant des comp\u00e9tences et des connaissances, les femmes peuvent acc\u00e9der \u00e0 des emplois r\u00e9mun\u00e9rateurs, contribuer aux revenus du foyer et gagner en autonomie \u00e9conomique et sociale.\u00a0<\/span><\/p><p><span style=\"font-weight: 400;\">De plus, une \u00e9ducation solide sensibilise les femmes \u00e0 l&rsquo;importance de l&rsquo;\u00e9ducation de leurs propres enfants, ce qui contribue <\/span><b>\u00e0 briser le cycle de la discrimination et des pratiques n\u00e9fastes<\/b><span style=\"font-weight: 400;\"> telles que :<\/span><\/p><ul><li>le mariage forc\u00e9 ;<\/li><li style=\"font-weight: 400;\"><span style=\"font-weight: 400;\">les grossesses pr\u00e9coces ;<\/span><\/li><li style=\"font-weight: 400;\"><span style=\"font-weight: 400;\">le travail des enfants ;<\/span><\/li><li style=\"font-weight: 400;\"><span style=\"font-weight: 400;\">la d\u00e9scolarisation.<\/span><\/li><\/ul><p><span style=\"font-weight: 400;\">Apr\u00e8s avoir discut\u00e9 des initiatives et des d\u00e9fis concernant les droits des femmes au Togo, il est important d&rsquo;examiner \u00e9galement la situation en Guin\u00e9e. Bien que chaque pays ait ses propres dynamiques et d\u00e9fis, de nombreuses probl\u00e9matiques relatives aux droits des femmes se recoupent dans la r\u00e9gion ouest-africaine. En Guin\u00e9e, les femmes font \u00e9galement face \u00e0 diverses difficult\u00e9s en mati\u00e8re d&rsquo;\u00e9galit\u00e9 des sexes, notamment dans les domaines de l&rsquo;\u00e9ducation, de la participation politique et de l&rsquo;autonomisation \u00e9conomique.<\/span><\/p><p><span style=\"font-weight: 400;\">D\u2019apr\u00e8s les donn\u00e9es de la <\/span><span style=\"text-decoration: underline; color: #0000ff;\"><a style=\"color: #0000ff;\" href=\"https:\/\/www.banquemondiale.org\/fr\/news\/press-release\/2023\/05\/09\/priority-for-guinea-improving-the-status-of-women-and-girls\"><span style=\"font-weight: 400;\">Banque Mondiale<\/span><\/a><\/span><span style=\"font-weight: 400;\">, la Guin\u00e9e est l\u2019un des pays les plus in\u00e9galitaires en mati\u00e8re de genre dans le monde : En 2021, le pays \u00e9tait class\u00e9 182 sur 191 dans l\u2019indice d\u2019in\u00e9galit\u00e9 des sexes du Programme des Nations unies pour le D\u00e9veloppemen<\/span><span style=\"font-weight: 400;\">t.<\/span><\/p><p><span style=\"font-weight: 400;\">Explorons maintenant les initiatives en cours et les obstacles \u00e0 surmonter pour les femmes en Guin\u00e9e.<\/span><\/p>\t\t\t\t\t\t\t\t<\/div>\n\t\t\t\t\t<\/div>\n\t\t\t\t<\/div>\n\t\t<div class=\"has_eae_slider elementor-element elementor-element-2c2ea84 e-flex e-con-boxed e-con e-parent\" data-eae-slider=\"81543\" data-id=\"2c2ea84\" data-element_type=\"container\" data-e-type=\"container\">\n\t\t\t\t\t<div class=\"e-con-inner\">\n\t\t<div class=\"has_eae_slider elementor-element elementor-element-29d7cbe e-con-full e-flex e-con e-child\" data-eae-slider=\"44085\" data-id=\"29d7cbe\" data-element_type=\"container\" data-e-type=\"container\">\n\t\t<div class=\"has_eae_slider elementor-element elementor-element-579e94a e-con-full e-flex e-con e-child\" data-eae-slider=\"34976\" data-id=\"579e94a\" data-element_type=\"container\" data-e-type=\"container\">\n\t\t\t\t<div class=\"elementor-element elementor-element-00872f0 elementor-widget elementor-widget-heading\" data-id=\"00872f0\" data-element_type=\"widget\" data-e-type=\"widget\" data-widget_type=\"heading.default\">\n\t\t\t\t\t<h2 class=\"elementor-heading-title elementor-size-default\">La place des femmes en Guin\u00e9e<\/h2>\t\t\t\t<\/div>\n\t\t\t\t<\/div>\n\t\t<div class=\"has_eae_slider elementor-element elementor-element-bcf3a12 e-con-full e-flex e-con e-child\" data-eae-slider=\"45599\" data-id=\"bcf3a12\" data-element_type=\"container\" data-e-type=\"container\">\n\t\t\t\t<div class=\"elementor-element elementor-element-ede0fbb elementor-widget elementor-widget-text-editor\" data-id=\"ede0fbb\" data-element_type=\"widget\" data-e-type=\"widget\" data-widget_type=\"text-editor.default\">\n\t\t\t\t\t\t\t\t\t<p><span style=\"font-weight: 400;\">Tout comme au Togo, les femmes guin\u00e9ennes jouent un r\u00f4le crucial dans l&rsquo;\u00e9conomie et la soci\u00e9t\u00e9 de leur pays. Elles repr\u00e9sentent une part importante de la population active. Malgr\u00e9 cette contribution significative, les femmes en Guin\u00e9e continuent de <\/span><b>faire face \u00e0 des d\u00e9fis consid\u00e9rables <\/b><span style=\"font-weight: 400;\">en mati\u00e8re d&rsquo;acc\u00e8s \u00e0 l&rsquo;\u00e9ducation, de participation politique et d&rsquo;autonomisation \u00e9conomique.<\/span><\/p>\t\t\t\t\t\t\t\t<\/div>\n\t\t\t\t<\/div>\n\t\t\t\t<\/div>\n\t\t\t\t\t<\/div>\n\t\t\t\t<\/div>\n\t\t<div class=\"has_eae_slider elementor-element elementor-element-adaca79 e-flex e-con-boxed e-con e-parent\" data-eae-slider=\"37169\" data-id=\"adaca79\" data-element_type=\"container\" data-e-type=\"container\">\n\t\t\t\t\t<div class=\"e-con-inner\">\n\t\t<div class=\"has_eae_slider elementor-element elementor-element-8d88648 e-con-full e-flex e-con e-child\" data-eae-slider=\"12374\" data-id=\"8d88648\" data-element_type=\"container\" data-e-type=\"container\">\n\t\t<div class=\"has_eae_slider elementor-element elementor-element-0dd4c85 e-con-full e-flex e-con e-child\" data-eae-slider=\"46820\" data-id=\"0dd4c85\" data-element_type=\"container\" data-e-type=\"container\">\n\t\t\t\t<div class=\"elementor-element elementor-element-ea2672d elementor-widget elementor-widget-heading\" data-id=\"ea2672d\" data-element_type=\"widget\" data-e-type=\"widget\" data-widget_type=\"heading.default\">\n\t\t\t\t\t<h3 class=\"elementor-heading-title elementor-size-default\">Promouvoir l'\u00e9ducation des filles<\/h3>\t\t\t\t<\/div>\n\t\t\t\t<\/div>\n\t\t<div class=\"has_eae_slider elementor-element elementor-element-5cfb917 e-con-full e-flex e-con e-child\" data-eae-slider=\"45383\" data-id=\"5cfb917\" data-element_type=\"container\" data-e-type=\"container\">\n\t\t\t\t<div class=\"elementor-element elementor-element-a6ad3a2 elementor-widget elementor-widget-text-editor\" data-id=\"a6ad3a2\" data-element_type=\"widget\" data-e-type=\"widget\" data-widget_type=\"text-editor.default\">\n\t\t\t\t\t\t\t\t\t<p><span style=\"font-weight: 400;\">Ces combats sont souvent port\u00e9s par des femmes. Tel est le combat men\u00e9 depuis plus de 30 ans par A\u00efcha Bah Diallo. C\u2019est m\u00eame l\u2019histoire d\u2019une vie.\u00a0<\/span><\/p><p><span style=\"font-weight: 400;\">Ancienne ministre guin\u00e9enne, <\/span><span style=\"text-decoration: underline;\"><span style=\"color: #0000ff;\"><a style=\"color: #0000ff;\" href=\"https:\/\/information.tv5monde.com\/terriennes\/aicha-bah-diallo-leducation-des-filles-lhistoire-dune-vie-31666\"><span style=\"font-weight: 400;\">A\u00efcha Bah Diallo<\/span><\/a><\/span><\/span><span style=\"font-weight: 400;\"> est une militante des droits des femmes qui tout au long de sa carri\u00e8re a jou\u00e9 un r\u00f4le cl\u00e9 dans la mise en place de r\u00e9formes importantes visant \u00e0 am\u00e9liorer l\u2019\u00e9ducation des jeunes filles. Elle a notamment particip\u00e9 \u00e0 la cr\u00e9ation du Forum for African Women Educationalists (le Forum des \u00e9ducatrices africaines, FAWE). Depuis 2005, d\u00e9gag\u00e9e de ses obligations minist\u00e9rielles, elle anime au sein de l&rsquo;UNESCO les politiques de l&rsquo;\u00e9ducation.<\/span><\/p><p><span style=\"font-weight: 400;\">Cette vocation, on la retrouve \u00e9galement chez <\/span><span style=\"text-decoration: underline; color: #0000ff;\"><a style=\"color: #0000ff;\" href=\"https:\/\/www.plan-international.fr\/actualites\/en-guinee-foulematou-remet-les-filles-sur-les-bancs-de-lecole\/\"><span style=\"font-weight: 400;\">Foulematou<\/span><\/a><\/span><span style=\"font-weight: 400;\">, militante aupr\u00e8s du Club des jeunes filles soutenue par l\u2019ONG Plan International.. Son objectif est d\u2019interpeller les pouvoirs publics.\u00a0 <\/span><i><span style=\"font-weight: 400;\">\u00ab<\/span><\/i><b><i>Il faut cr\u00e9er des conditions d\u2019apprentissage et de formation ad\u00e9quates pour les jeunes filles. Le gouvernement doit jouer pleinement son r\u00f4le dans l\u2019application et la vulgarisation des lois contre certaines pratiques n\u00e9fastes \u00e0 l\u2019\u00e9gard des filles.<\/i><\/b><i><span style=\"font-weight: 400;\"> \u00bb<\/span><\/i><\/p><p><span style=\"font-weight: 400;\">Ce cri du c\u0153ur constitue\u00a0 un enjeu majeur pour les femmes guin\u00e9ennes puisque <\/span><b>seulement 3 filles sur 10 vont au coll\u00e8ge et 1 fille sur 10 au lyc\u00e9e<\/b><span style=\"font-weight: 400;\">.<\/span><\/p><p><span style=\"font-weight: 400;\">Au regard de ces chiffres sur l\u2019\u00e9ducation des filles, qu\u2019en est-il de la place des femmes dans l\u2019\u00e9conomie guin\u00e9enne.<\/span><\/p>\t\t\t\t\t\t\t\t<\/div>\n\t\t\t\t<\/div>\n\t\t\t\t<\/div>\n\t\t\t\t\t<\/div>\n\t\t\t\t<\/div>\n\t\t<div class=\"has_eae_slider elementor-element elementor-element-3cc04c4 e-flex e-con-boxed e-con e-parent\" data-eae-slider=\"38878\" data-id=\"3cc04c4\" data-element_type=\"container\" data-e-type=\"container\">\n\t\t\t\t\t<div class=\"e-con-inner\">\n\t\t\t\t<div class=\"elementor-element elementor-element-70e69dd elementor-align-center elementor-widget elementor-widget-button\" data-id=\"70e69dd\" data-element_type=\"widget\" data-e-type=\"widget\" data-widget_type=\"button.default\">\n\t\t\t\t\t\t\t\t\t\t<a class=\"elementor-button elementor-button-link elementor-size-sm\" href=\"https:\/\/www.eauzenfants.fr\/en\/enfant-avenir\/\">\n\t\t\t\t\t\t<span class=\"elementor-button-content-wrapper\">\n\t\t\t\t\t\t\t\t\t<span class=\"elementor-button-text\">Nous soutenir dans nos projets<\/span>\n\t\t\t\t\t<\/span>\n\t\t\t\t\t<\/a>\n\t\t\t\t\t\t\t\t<\/div>\n\t\t\t\t\t<\/div>\n\t\t\t\t<\/div>\n\t\t<div class=\"has_eae_slider elementor-element elementor-element-46d24fe e-flex e-con-boxed e-con e-parent\" data-eae-slider=\"10384\" data-id=\"46d24fe\" data-element_type=\"container\" data-e-type=\"container\">\n\t\t\t\t\t<div class=\"e-con-inner\">\n\t\t\t\t<div class=\"elementor-element elementor-element-c46b8ae elementor-widget elementor-widget-heading\" data-id=\"c46b8ae\" data-element_type=\"widget\" data-e-type=\"widget\" data-widget_type=\"heading.default\">\n\t\t\t\t\t<h3 class=\"elementor-heading-title elementor-size-default\">L\u2019activit\u00e9 \u00e9conomique des femmes<\/h3>\t\t\t\t<\/div>\n\t\t\t\t<div class=\"elementor-element elementor-element-123dcce elementor-widget elementor-widget-heading\" data-id=\"123dcce\" data-element_type=\"widget\" data-e-type=\"widget\" data-widget_type=\"heading.default\">\n\t\t\t\t\t<h4 class=\"elementor-heading-title elementor-size-default\">Une affaire d\u2019engagement politique<\/h4>\t\t\t\t<\/div>\n\t\t\t\t<div class=\"elementor-element elementor-element-3984f17 elementor-widget elementor-widget-text-editor\" data-id=\"3984f17\" data-element_type=\"widget\" data-e-type=\"widget\" data-widget_type=\"text-editor.default\">\n\t\t\t\t\t\t\t\t\t<p><span style=\"font-weight: 400;\">\u00c0 l\u2019occasion du 65\u00e8me anniversaire de l\u2019ind\u00e9pendance de la Guin\u00e9e, c\u00e9l\u00e9br\u00e9 le 2 octobre 2023, le pays a lanc\u00e9 le \u201cCompendium des comp\u00e9tences f\u00e9minines\u201d.\u00a0<\/span><\/p><p><span style=\"font-weight: 400;\">Dans le cadre de cet \u00e9v\u00e9nement, une plateforme digitale a \u00e9galement \u00e9t\u00e9 d\u00e9voil\u00e9e, offrant aux femmes guin\u00e9ennes l\u2019opportunit\u00e9 de s\u2019\u00e9panouir dans tous les secteurs cl\u00e9s de l\u2019\u00e9conomie du pays.\u00a0<\/span><\/p><p><span style=\"font-weight: 400;\">Le projet est soutenu par Mme A\u00efcha Nanette Cont\u00e9, ministre de la Promotion f\u00e9minine, de l\u2019Enfance et des Personnes vuln\u00e9rables, qui a elle-m\u00eame mobilis\u00e9 six femmes du gouvernement ainsi que trois anciennes ministres des Affaires sociales.<\/span><\/p><p><span style=\"font-weight: 400;\">La Premi\u00e8re Dame de Guin\u00e9e, Mme Lauriane Doumbouya, a elle-m\u00eame apport\u00e9 son soutien \u00e0 ce projet en mettant en avant le r\u00f4le essentiel des femmes dans tous les aspects de la vie guin\u00e9enne.\u00a0<\/span><\/p><p><span style=\"font-weight: 400;\">Elle souligne que le \u201cLe Compendium sera une base de donn\u00e9es pr\u00e9cieuses qui permettra aux d\u00e9cideurs du secteur public et priv\u00e9 de reconna\u00eetre et d\u2019appr\u00e9cier les talents et <\/span><b>l\u2019expertise des femmes dans tous les domaines, qu\u2019il s\u2019agisse des finances, de la technologie, de l\u2019art, de la politique de l\u2019\u00e9ducation, de la m\u00e9decine, de l\u2019entrepreneuriat, de l\u2019agriculture et de l\u2019artisanat<\/b><span style=\"font-weight: 400;\"> (\u2026)\u00a0\u00bb<\/span><\/p><p><span style=\"font-weight: 400;\">M\u00eame si le chemin \u00e0 parcourir est encore long pour assurer l\u2019\u00e9galit\u00e9 des sexes, la mobilisation des femmes africaines prend de l\u2019ampleur et de nombreuses actions sont entreprises pour lever les freins qui p\u00e8sent sur leurs \u00e9paules tant sur l\u2019\u00e9ducation que l\u2019entreprenariat.<\/span><\/p>\t\t\t\t\t\t\t\t<\/div>\n\t\t\t\t<div class=\"elementor-element elementor-element-009e929 elementor-widget elementor-widget-heading\" data-id=\"009e929\" data-element_type=\"widget\" data-e-type=\"widget\" data-widget_type=\"heading.default\">\n\t\t\t\t\t<h4 class=\"elementor-heading-title elementor-size-default\">Un enjeu soci\u00e9tal<\/h4>\t\t\t\t<\/div>\n\t\t\t\t<div class=\"elementor-element elementor-element-488dd8a elementor-widget elementor-widget-text-editor\" data-id=\"488dd8a\" data-element_type=\"widget\" data-e-type=\"widget\" data-widget_type=\"text-editor.default\">\n\t\t\t\t\t\t\t\t\t<p><span style=\"font-weight: 400;\">C&rsquo;est justement dans cet esprit que le projet \u201cPotenti\u2019Elles\u201d est n\u00e9.\u00a0 Son objectif est de faire b\u00e9n\u00e9ficier les femmes entrepreneuses de Guin\u00e9e de formations mais aussi de leur faciliter l\u2019acc\u00e8s au cr\u00e9dit.<\/span><\/p><p><span style=\"font-weight: 400;\">Cette initiative, financ\u00e9e pour un montant de 15 millions d&rsquo;euros par l\u2019Union europ\u00e9enne et l\u2019Agence fran\u00e7aise de d\u00e9veloppement, a \u00e9t\u00e9 lanc\u00e9e le vendredi 9 f\u00e9vrier 2024.<\/span><\/p><p><span style=\"font-weight: 400;\">Cette mesure entend renforcer les institutions guin\u00e9ennes tant publiques que priv\u00e9es, pour qu\u2019elles puissent \u00eatre mieux outill\u00e9es pour <\/span><b>r\u00e9pondre aux besoins des femmes<\/b> <b>entrepreneures<\/b><span style=\"font-weight: 400;\">.<\/span><\/p><p><span style=\"font-weight: 400;\">Le second volet de ce projet vise \u00e0 sensibiliser l\u2019entourage familial des femmes pour r\u00e9duire autant que possible toutes les t\u00e2ches notamment li\u00e9es \u00e0 la gestion du foyer.\u00a0 A ce titre le projet \u201cPotenti\u2019Elles\u201d entend soutenir les femmes contre une charge mentale qui p\u00e8se sur l\u2019esprit des femmes quant \u00e0 la tenue du foyer. Gr\u00e2ce \u00e0 ce soutien, ces femmes auront l\u2019opportunit\u00e9 de mettre en place une organisation solide pour :\u00a0<\/span><\/p><ul><li><span style=\"font-weight: 400;\">structurer le lancement et la gestion de leurs activit\u00e9s<\/span><\/li><li>am\u00e9liorer la gestion de leur comptabilit\u00e9<\/li><li>construire un r\u00e9seau professionnel et optimiser le d\u00e9veloppement de leur entreprise.<\/li><\/ul>\t\t\t\t\t\t\t\t<\/div>\n\t\t\t\t\t<\/div>\n\t\t\t\t<\/div>\n\t\t<div class=\"has_eae_slider elementor-element elementor-element-d9c26ec e-flex e-con-boxed e-con e-parent\" data-eae-slider=\"92734\" data-id=\"d9c26ec\" data-element_type=\"container\" data-e-type=\"container\">\n\t\t\t\t\t<div class=\"e-con-inner\">\n\t\t\t\t<div class=\"elementor-element elementor-element-85c47c6 elementor-widget elementor-widget-heading\" data-id=\"85c47c6\" data-element_type=\"widget\" data-e-type=\"widget\" data-widget_type=\"heading.default\">\n\t\t\t\t\t<h2 class=\"elementor-heading-title elementor-size-default\">Conclusion<\/h2>\t\t\t\t<\/div>\n\t\t\t\t<div class=\"elementor-element elementor-element-3afa6ac elementor-widget elementor-widget-text-editor\" data-id=\"3afa6ac\" data-element_type=\"widget\" data-e-type=\"widget\" data-widget_type=\"text-editor.default\">\n\t\t\t\t\t\t\t\t\t<p>La r\u00e9duction fiscale conditionn\u00e9e \u00e0 un don caritatif est un dispositif du droit fiscal fran\u00e7ais.<br \/>Il permet de r\u00e9duire votre imp\u00f4t en fonction du montant que vous donnez \u00e0 une<br \/>association ou \u00e0 un organisme d\u2019int\u00e9r\u00eat g\u00e9n\u00e9ral.<\/p>\t\t\t\t\t\t\t\t<\/div>\n\t\t<div class=\"has_eae_slider elementor-element elementor-element-3b350f0 e-con-full e-flex e-con e-child\" data-eae-slider=\"51656\" data-id=\"3b350f0\" data-element_type=\"container\" data-e-type=\"container\">\n\t\t<div class=\"has_eae_slider elementor-element elementor-element-cdae9f9 e-con-full e-flex e-con e-child\" data-eae-slider=\"58874\" data-id=\"cdae9f9\" data-element_type=\"container\" data-e-type=\"container\">\n\t\t\t\t<div class=\"elementor-element elementor-element-71a93f0 elementor-widget elementor-widget-text-editor\" data-id=\"71a93f0\" data-element_type=\"widget\" data-e-type=\"widget\" data-widget_type=\"text-editor.default\">\n\t\t\t\t\t\t\t\t\t<p><span style=\"font-weight: 400;\">La mobilisation et la mise en lumi\u00e8re pour les droits des femmes ne se r\u00e9sument pas \u00e0 cette seule journ\u00e9e du 8 mars. Les progr\u00e8s r\u00e9alis\u00e9s jusqu&rsquo;\u00e0 pr\u00e9sent sont encourageants, mais il est essentiel de reconna\u00eetre que le chemin vers l\u2019\u00e9galit\u00e9 est encore long.\u00a0<\/span><\/p><p><span style=\"font-weight: 400;\">Cependant, les initiatives en cours d\u00e9montrent clairement que <\/span><b>le changement est possible<\/b><span style=\"font-weight: 400;\">. Au sein de l\u2019association Eau Z\u2019Enfants, nos projets interviennent principalement pour faciliter l\u2019acc\u00e8s \u00e0 l\u2019eau potable dans les villages recul\u00e9s. Les femmes et les enfants sont ainsi d\u00e9charg\u00e9s de ces t\u00e2ches fastidieuses pour se concentrer sur d\u2019autres activit\u00e9s comme une activit\u00e9 r\u00e9mun\u00e9ratrice pour les m\u00e8res et une scolarit\u00e9 \u00e0 plein temps pour les enfants.\u00a0<\/span><\/p><p><span style=\"font-weight: 400;\">Eau Z\u2019Enfants est \u00e9galement intervenu pour soutenir une femme veuve et maman de 5 enfants pour cr\u00e9er son commerce de vente de c\u00e9r\u00e9ales. Cette activit\u00e9 lui permet de r\u00e9pondre aux besoins de sa famille.<\/span><\/p>\t\t\t\t\t\t\t\t<\/div>\n\t\t\t\t<\/div>\n\t\t<div class=\"has_eae_slider elementor-element elementor-element-042c957 e-con-full e-flex e-con e-child\" data-eae-slider=\"11400\" data-id=\"042c957\" data-element_type=\"container\" data-e-type=\"container\">\n\t\t\t\t<div class=\"elementor-element elementor-element-4eddd27 elementor-widget elementor-widget-image\" data-id=\"4eddd27\" data-element_type=\"widget\" data-e-type=\"widget\" data-widget_type=\"image.default\">\n\t\t\t\t\t\t\t\t\t\t\t\t\t\t\t<img fetchpriority=\"high\" decoding=\"async\" width=\"511\" height=\"685\" src=\"https:\/\/eauzenfants.fr\/wp-content\/uploads\/2025\/03\/Droits-des-Femmes-2-1.jpg\" class=\"attachment-medium_large size-medium_large wp-image-8937\" alt=\"\" srcset=\"https:\/\/eauzenfants.fr\/wp-content\/uploads\/2025\/03\/Droits-des-Femmes-2-1.jpg 511w, https:\/\/eauzenfants.fr\/wp-content\/uploads\/2025\/03\/Droits-des-Femmes-2-1-224x300.jpg 224w\" sizes=\"(max-width: 511px) 100vw, 511px\" \/>\t\t\t\t\t\t\t\t\t\t\t\t\t\t\t<\/div>\n\t\t\t\t<\/div>\n\t\t\t\t<\/div>\n\t\t\t\t<div class=\"elementor-element elementor-element-1353723 elementor-widget elementor-widget-text-editor\" data-id=\"1353723\" data-element_type=\"widget\" data-e-type=\"widget\" data-widget_type=\"text-editor.default\">\n\t\t\t\t\t\t\t\t\t<p><span style=\"font-weight: 400;\">Depuis 2019, Eau Z\u2019Enfants \u0153uvre \u00e0 travers diff\u00e9rents projets pour leur offrir un nouvel avenir.<\/span><\/p><p><span style=\"font-weight: 400;\">Chez Eau Z&rsquo;Enfants nous pensons que l\u2019\u00e9ducation est la cl\u00e9 pour assurer de nouvelles perspectives.\u00a0<\/span><\/p><p><span style=\"font-weight: 400;\">A ce titre, nous en avons fait notre cheval de bataille en r\u00e9habilitant ou en construisant de nouvelles \u00e9coles.\u00a0<\/span><\/p><p><span style=\"font-weight: 400;\">Dans ce cadre, nous nous engageons \u00e0 recruter et \u00e0 r\u00e9mun\u00e9rer des enseignants qui assureront les cours, nous offrons aux \u00e9coliers du mobilier et du mat\u00e9riel leur permettant d&rsquo;apprendre dans des conditions optimales.\u00a0<\/span><\/p><p><span style=\"font-weight: 400;\">Nous nous engageons \u00e9galement dans le soutien aux orphelinats situ\u00e9s dans des petites localit\u00e9s qui sont trop souvent d\u00e9laiss\u00e9s.\u00a0<\/span><\/p><p><span style=\"font-weight: 400;\">Toutes les actions, aussi minimes soient-elles, peuvent provoquer des changements consid\u00e9rables.<\/span><\/p><p><span style=\"font-weight: 400;\">L\u2019\u00e9ducation est la cl\u00e9 pour assurer de nouvelles perspectives. Avec l\u2019association Eau Z\u2019Enfants, il est notamment possible d\u2019aider \u00e0 la <\/span><a href=\"https:\/\/www.eauzenfants.fr\/en\/enfant-avenir\/\"><span style=\"font-weight: 400;\"><span style=\"text-decoration: underline;\"><span style=\"color: #0000ff; text-decoration: underline;\">construction d\u2019\u00e9coles<\/span><\/span><\/span><\/a><span style=\"font-weight: 400;\"> ou de <\/span><a href=\"https:\/\/www.eauzenfants.fr\/en\/parrainage\/\"><span style=\"font-weight: 400;\"><span style=\"text-decoration: underline;\"><span style=\"color: #0000ff; text-decoration: underline;\">parrainer un enfant<\/span><\/span><\/span><\/a><span style=\"font-weight: 400;\">.<\/span><\/p><p><span style=\"font-weight: 400;\">C\u00e9l\u00e9brons les r\u00e9alisations de ces femmes inspirantes mais restons \u00e9galement vigilants face aux d\u00e9fis persistants. <\/span><b>En unissant nos voix et nos actions, nous pouvons construire un avenir o\u00f9 chaque femme et fille est libre de vivre, d&rsquo;apprendre et de prosp\u00e9rer sans entrave.<\/b><\/p>\t\t\t\t\t\t\t\t<\/div>\n\t\t\t\t\t<\/div>\n\t\t\t\t<\/div>\n\t\t<div class=\"has_eae_slider elementor-element elementor-element-cd9e997 e-flex e-con-boxed e-con e-parent\" data-eae-slider=\"28591\" data-id=\"cd9e997\" data-element_type=\"container\" data-e-type=\"container\">\n\t\t\t\t\t<div class=\"e-con-inner\">\n\t\t\t\t<div class=\"elementor-element elementor-element-ea1922e elementor-align-center elementor-widget elementor-widget-button\" data-id=\"ea1922e\" data-element_type=\"widget\" data-e-type=\"widget\" data-widget_type=\"button.default\">\n\t\t\t\t\t\t\t\t\t\t<a class=\"elementor-button elementor-button-link elementor-size-sm\" href=\"https:\/\/dons.eauzenfants.fr\/dons-general\/~mon-don\">\n\t\t\t\t\t\t<span class=\"elementor-button-content-wrapper\">\n\t\t\t\t\t\t\t\t\t<span class=\"elementor-button-text\">I\u2019m making a donation to support the association.<\/span>\n\t\t\t\t\t<\/span>\n\t\t\t\t\t<\/a>\n\t\t\t\t\t\t\t\t<\/div>\n\t\t\t\t\t<\/div>\n\t\t\t\t<\/div>\n\t\t\t\t<\/div>","protected":false},"excerpt":{"rendered":"<p>Dans la continuit\u00e9 de la Journ\u00e9e internationale des droits des femmes qui s\u2019est tenu le 8 mars dernier, l\u2019attention demeure port\u00e9e sur le Togo et la Guin\u00e9e, deux nations o\u00f9 les droits des femmes sont au c\u0153ur des pr\u00e9occupations. \u00c0 travers cet article, Eau Z\u2019Enfants met en lumi\u00e8re les initiatives et les d\u00e9fis auxquels sont confront\u00e9s les femmes dans ces pays, soulignant \u00e0 la fois leurs avanc\u00e9es significatives et les obstacles sur la voie de l\u2019\u00e9galit\u00e9 des sexes.<\/p>","protected":false},"author":15,"featured_media":8934,"comment_status":"open","ping_status":"open","sticky":false,"template":"","format":"standard","meta":{"footnotes":""},"categories":[1],"tags":[],"class_list":["post-8933","post","type-post","status-publish","format-standard","has-post-thumbnail","hentry","category-blog"],"yoast_head":"<!-- This site is optimized with the Yoast SEO plugin v27.2 - https:\/\/yoast.com\/product\/yoast-seo-wordpress\/ -->\n<title>Journ\u00e9e Internationale des Droits de la Femme : Quelles Initiatives au Togo et en Guin\u00e9e | Eau Z&#039;Enfants<\/title>\n<meta name=\"robots\" content=\"index, follow, max-snippet:-1, max-image-preview:large, max-video-preview:-1\" \/>\n<link rel=\"canonical\" href=\"https:\/\/eauzenfants.fr\/en\/2024\/04\/11\/journee-internationale-des-droits-de-la-femme-quelles-initiatives-au-togo-et-en-guinee\/\" \/>\n<meta property=\"og:locale\" content=\"en_US\" \/>\n<meta property=\"og:type\" content=\"article\" \/>\n<meta property=\"og:title\" content=\"Journ\u00e9e Internationale des Droits de la Femme : Quelles Initiatives au Togo et en Guin\u00e9e | Eau Z&#039;Enfants\" \/>\n<meta property=\"og:description\" content=\"Dans la continuit\u00e9 de la Journ\u00e9e internationale des droits des femmes qui s\u2019est tenu le 8 mars dernier, l\u2019attention demeure port\u00e9e sur le Togo et la Guin\u00e9e, deux nations o\u00f9 les droits des femmes sont au c\u0153ur des pr\u00e9occupations. \u00c0 travers cet article, Eau Z\u2019Enfants met en lumi\u00e8re les initiatives et les d\u00e9fis auxquels sont confront\u00e9s les femmes dans ces pays, soulignant \u00e0 la fois leurs avanc\u00e9es significatives et les obstacles sur la voie de l\u2019\u00e9galit\u00e9 des sexes.\" \/>\n<meta property=\"og:url\" content=\"https:\/\/eauzenfants.fr\/en\/2024\/04\/11\/journee-internationale-des-droits-de-la-femme-quelles-initiatives-au-togo-et-en-guinee\/\" \/>\n<meta property=\"og:site_name\" content=\"Eau Z&#039;Enfants\" \/>\n<meta property=\"article:publisher\" content=\"https:\/\/www.facebook.com\/EAUZENFANTS\/\" \/>\n<meta property=\"article:published_time\" content=\"2024-04-11T12:57:00+00:00\" \/>\n<meta property=\"article:modified_time\" content=\"2025-03-01T13:58:04+00:00\" \/>\n<meta property=\"og:image\" content=\"https:\/\/eauzenfants.fr\/wp-content\/uploads\/2025\/03\/Droits-des-Femmes1-2.jpg\" \/>\n\t<meta property=\"og:image:width\" content=\"889\" \/>\n\t<meta property=\"og:image:height\" content=\"681\" \/>\n\t<meta property=\"og:image:type\" content=\"image\/jpeg\" \/>\n<meta name=\"author\" content=\"Claire Guillou\" \/>\n<meta name=\"twitter:card\" content=\"summary_large_image\" \/>\n<meta name=\"twitter:label1\" content=\"Written by\" \/>\n\t<meta name=\"twitter:data1\" content=\"Claire Guillou\" \/>\n\t<meta name=\"twitter:label2\" content=\"Est. reading time\" \/>\n\t<meta name=\"twitter:data2\" content=\"13 minutes\" \/>\n<script type=\"application\/ld+json\" class=\"yoast-schema-graph\">{\"@context\":\"https:\/\/schema.org\",\"@graph\":[{\"@type\":\"Article\",\"@id\":\"https:\/\/eauzenfants.fr\/2024\/04\/11\/journee-internationale-des-droits-de-la-femme-quelles-initiatives-au-togo-et-en-guinee\/#article\",\"isPartOf\":{\"@id\":\"https:\/\/eauzenfants.fr\/2024\/04\/11\/journee-internationale-des-droits-de-la-femme-quelles-initiatives-au-togo-et-en-guinee\/\"},\"author\":{\"name\":\"Claire Guillou\",\"@id\":\"https:\/\/eauzenfants.fr\/#\/schema\/person\/129f67fb1bf0d16926eb50619b809455\"},\"headline\":\"Journ\u00e9e Internationale des Droits de la Femme : Quelles Initiatives au Togo et en Guin\u00e9e\",\"datePublished\":\"2024-04-11T12:57:00+00:00\",\"dateModified\":\"2025-03-01T13:58:04+00:00\",\"mainEntityOfPage\":{\"@id\":\"https:\/\/eauzenfants.fr\/2024\/04\/11\/journee-internationale-des-droits-de-la-femme-quelles-initiatives-au-togo-et-en-guinee\/\"},\"wordCount\":2622,\"commentCount\":0,\"publisher\":{\"@id\":\"https:\/\/eauzenfants.fr\/#organization\"},\"image\":{\"@id\":\"https:\/\/eauzenfants.fr\/2024\/04\/11\/journee-internationale-des-droits-de-la-femme-quelles-initiatives-au-togo-et-en-guinee\/#primaryimage\"},\"thumbnailUrl\":\"https:\/\/eauzenfants.fr\/wp-content\/uploads\/2025\/03\/Droits-des-Femmes1-2.jpg\",\"articleSection\":[\"Blog\"],\"inLanguage\":\"en-US\",\"potentialAction\":[{\"@type\":\"CommentAction\",\"name\":\"Comment\",\"target\":[\"https:\/\/eauzenfants.fr\/2024\/04\/11\/journee-internationale-des-droits-de-la-femme-quelles-initiatives-au-togo-et-en-guinee\/#respond\"]}]},{\"@type\":\"WebPage\",\"@id\":\"https:\/\/eauzenfants.fr\/2024\/04\/11\/journee-internationale-des-droits-de-la-femme-quelles-initiatives-au-togo-et-en-guinee\/\",\"url\":\"https:\/\/eauzenfants.fr\/2024\/04\/11\/journee-internationale-des-droits-de-la-femme-quelles-initiatives-au-togo-et-en-guinee\/\",\"name\":\"Journ\u00e9e Internationale des Droits de la Femme : Quelles Initiatives au Togo et en Guin\u00e9e | Eau Z&#039;Enfants\",\"isPartOf\":{\"@id\":\"https:\/\/eauzenfants.fr\/#website\"},\"primaryImageOfPage\":{\"@id\":\"https:\/\/eauzenfants.fr\/2024\/04\/11\/journee-internationale-des-droits-de-la-femme-quelles-initiatives-au-togo-et-en-guinee\/#primaryimage\"},\"image\":{\"@id\":\"https:\/\/eauzenfants.fr\/2024\/04\/11\/journee-internationale-des-droits-de-la-femme-quelles-initiatives-au-togo-et-en-guinee\/#primaryimage\"},\"thumbnailUrl\":\"https:\/\/eauzenfants.fr\/wp-content\/uploads\/2025\/03\/Droits-des-Femmes1-2.jpg\",\"datePublished\":\"2024-04-11T12:57:00+00:00\",\"dateModified\":\"2025-03-01T13:58:04+00:00\",\"breadcrumb\":{\"@id\":\"https:\/\/eauzenfants.fr\/2024\/04\/11\/journee-internationale-des-droits-de-la-femme-quelles-initiatives-au-togo-et-en-guinee\/#breadcrumb\"},\"inLanguage\":\"en-US\",\"potentialAction\":[{\"@type\":\"ReadAction\",\"target\":[\"https:\/\/eauzenfants.fr\/2024\/04\/11\/journee-internationale-des-droits-de-la-femme-quelles-initiatives-au-togo-et-en-guinee\/\"]}]},{\"@type\":\"ImageObject\",\"inLanguage\":\"en-US\",\"@id\":\"https:\/\/eauzenfants.fr\/2024\/04\/11\/journee-internationale-des-droits-de-la-femme-quelles-initiatives-au-togo-et-en-guinee\/#primaryimage\",\"url\":\"https:\/\/eauzenfants.fr\/wp-content\/uploads\/2025\/03\/Droits-des-Femmes1-2.jpg\",\"contentUrl\":\"https:\/\/eauzenfants.fr\/wp-content\/uploads\/2025\/03\/Droits-des-Femmes1-2.jpg\",\"width\":889,\"height\":681},{\"@type\":\"BreadcrumbList\",\"@id\":\"https:\/\/eauzenfants.fr\/2024\/04\/11\/journee-internationale-des-droits-de-la-femme-quelles-initiatives-au-togo-et-en-guinee\/#breadcrumb\",\"itemListElement\":[{\"@type\":\"ListItem\",\"position\":1,\"name\":\"Accueil\",\"item\":\"https:\/\/eauzenfants.fr\/\"},{\"@type\":\"ListItem\",\"position\":2,\"name\":\"Journ\u00e9e Internationale des Droits de la Femme : Quelles Initiatives au Togo et en Guin\u00e9e\"}]},{\"@type\":\"WebSite\",\"@id\":\"https:\/\/eauzenfants.fr\/#website\",\"url\":\"https:\/\/eauzenfants.fr\/\",\"name\":\"Eau Z'Enfants\",\"description\":\"\",\"publisher\":{\"@id\":\"https:\/\/eauzenfants.fr\/#organization\"},\"potentialAction\":[{\"@type\":\"SearchAction\",\"target\":{\"@type\":\"EntryPoint\",\"urlTemplate\":\"https:\/\/eauzenfants.fr\/?s={search_term_string}\"},\"query-input\":{\"@type\":\"PropertyValueSpecification\",\"valueRequired\":true,\"valueName\":\"search_term_string\"}}],\"inLanguage\":\"en-US\"},{\"@type\":\"Organization\",\"@id\":\"https:\/\/eauzenfants.fr\/#organization\",\"name\":\"Eau Z'Enfants\",\"url\":\"https:\/\/eauzenfants.fr\/\",\"logo\":{\"@type\":\"ImageObject\",\"inLanguage\":\"en-US\",\"@id\":\"https:\/\/eauzenfants.fr\/#\/schema\/logo\/image\/\",\"url\":\"https:\/\/www.eauzenfants.fr\/wp-content\/uploads\/2020\/04\/logo-croped.png\",\"contentUrl\":\"https:\/\/www.eauzenfants.fr\/wp-content\/uploads\/2020\/04\/logo-croped.png\",\"width\":363,\"height\":384,\"caption\":\"Eau Z'Enfants\"},\"image\":{\"@id\":\"https:\/\/eauzenfants.fr\/#\/schema\/logo\/image\/\"},\"sameAs\":[\"https:\/\/www.facebook.com\/EAUZENFANTS\/\",\"https:\/\/www.instagram.com\/eau_z_enfants\",\"https:\/\/www.linkedin.com\/company\/eau-z-enfants\"]},{\"@type\":\"Person\",\"@id\":\"https:\/\/eauzenfants.fr\/#\/schema\/person\/129f67fb1bf0d16926eb50619b809455\",\"name\":\"Claire Guillou\",\"image\":{\"@type\":\"ImageObject\",\"inLanguage\":\"en-US\",\"@id\":\"https:\/\/secure.gravatar.com\/avatar\/a4a3895e85346f51f08f42560e73f949d6cbb15bd50a9413a41af889eb0bf7c4?s=96&d=mm&r=g\",\"url\":\"https:\/\/secure.gravatar.com\/avatar\/a4a3895e85346f51f08f42560e73f949d6cbb15bd50a9413a41af889eb0bf7c4?s=96&d=mm&r=g\",\"contentUrl\":\"https:\/\/secure.gravatar.com\/avatar\/a4a3895e85346f51f08f42560e73f949d6cbb15bd50a9413a41af889eb0bf7c4?s=96&d=mm&r=g\",\"caption\":\"Claire Guillou\"},\"url\":\"https:\/\/eauzenfants.fr\/en\/author\/claire_eze\/\"}]}<\/script>\n<!-- \/ Yoast SEO plugin. -->","yoast_head_json":{"title":"Journ\u00e9e Internationale des Droits de la Femme : Quelles Initiatives au Togo et en Guin\u00e9e | Eau Z&#039;Enfants","robots":{"index":"index","follow":"follow","max-snippet":"max-snippet:-1","max-image-preview":"max-image-preview:large","max-video-preview":"max-video-preview:-1"},"canonical":"https:\/\/eauzenfants.fr\/en\/2024\/04\/11\/journee-internationale-des-droits-de-la-femme-quelles-initiatives-au-togo-et-en-guinee\/","og_locale":"en_US","og_type":"article","og_title":"Journ\u00e9e Internationale des Droits de la Femme : Quelles Initiatives au Togo et en Guin\u00e9e | Eau Z&#039;Enfants","og_description":"Dans la continuit\u00e9 de la Journ\u00e9e internationale des droits des femmes qui s\u2019est tenu le 8 mars dernier, l\u2019attention demeure port\u00e9e sur le Togo et la Guin\u00e9e, deux nations o\u00f9 les droits des femmes sont au c\u0153ur des pr\u00e9occupations. \u00c0 travers cet article, Eau Z\u2019Enfants met en lumi\u00e8re les initiatives et les d\u00e9fis auxquels sont confront\u00e9s les femmes dans ces pays, soulignant \u00e0 la fois leurs avanc\u00e9es significatives et les obstacles sur la voie de l\u2019\u00e9galit\u00e9 des sexes.","og_url":"https:\/\/eauzenfants.fr\/en\/2024\/04\/11\/journee-internationale-des-droits-de-la-femme-quelles-initiatives-au-togo-et-en-guinee\/","og_site_name":"Eau Z&#039;Enfants","article_publisher":"https:\/\/www.facebook.com\/EAUZENFANTS\/","article_published_time":"2024-04-11T12:57:00+00:00","article_modified_time":"2025-03-01T13:58:04+00:00","og_image":[{"width":889,"height":681,"url":"https:\/\/eauzenfants.fr\/wp-content\/uploads\/2025\/03\/Droits-des-Femmes1-2.jpg","type":"image\/jpeg"}],"author":"Claire Guillou","twitter_card":"summary_large_image","twitter_misc":{"Written by":"Claire Guillou","Est. reading time":"13 minutes"},"schema":{"@context":"https:\/\/schema.org","@graph":[{"@type":"Article","@id":"https:\/\/eauzenfants.fr\/2024\/04\/11\/journee-internationale-des-droits-de-la-femme-quelles-initiatives-au-togo-et-en-guinee\/#article","isPartOf":{"@id":"https:\/\/eauzenfants.fr\/2024\/04\/11\/journee-internationale-des-droits-de-la-femme-quelles-initiatives-au-togo-et-en-guinee\/"},"author":{"name":"Claire Guillou","@id":"https:\/\/eauzenfants.fr\/#\/schema\/person\/129f67fb1bf0d16926eb50619b809455"},"headline":"Journ\u00e9e Internationale des Droits de la Femme : Quelles Initiatives au Togo et en Guin\u00e9e","datePublished":"2024-04-11T12:57:00+00:00","dateModified":"2025-03-01T13:58:04+00:00","mainEntityOfPage":{"@id":"https:\/\/eauzenfants.fr\/2024\/04\/11\/journee-internationale-des-droits-de-la-femme-quelles-initiatives-au-togo-et-en-guinee\/"},"wordCount":2622,"commentCount":0,"publisher":{"@id":"https:\/\/eauzenfants.fr\/#organization"},"image":{"@id":"https:\/\/eauzenfants.fr\/2024\/04\/11\/journee-internationale-des-droits-de-la-femme-quelles-initiatives-au-togo-et-en-guinee\/#primaryimage"},"thumbnailUrl":"https:\/\/eauzenfants.fr\/wp-content\/uploads\/2025\/03\/Droits-des-Femmes1-2.jpg","articleSection":["Blog"],"inLanguage":"en-US","potentialAction":[{"@type":"CommentAction","name":"Comment","target":["https:\/\/eauzenfants.fr\/2024\/04\/11\/journee-internationale-des-droits-de-la-femme-quelles-initiatives-au-togo-et-en-guinee\/#respond"]}]},{"@type":"WebPage","@id":"https:\/\/eauzenfants.fr\/2024\/04\/11\/journee-internationale-des-droits-de-la-femme-quelles-initiatives-au-togo-et-en-guinee\/","url":"https:\/\/eauzenfants.fr\/2024\/04\/11\/journee-internationale-des-droits-de-la-femme-quelles-initiatives-au-togo-et-en-guinee\/","name":"Journ\u00e9e Internationale des Droits de la Femme : Quelles Initiatives au Togo et en Guin\u00e9e | Eau Z&#039;Enfants","isPartOf":{"@id":"https:\/\/eauzenfants.fr\/#website"},"primaryImageOfPage":{"@id":"https:\/\/eauzenfants.fr\/2024\/04\/11\/journee-internationale-des-droits-de-la-femme-quelles-initiatives-au-togo-et-en-guinee\/#primaryimage"},"image":{"@id":"https:\/\/eauzenfants.fr\/2024\/04\/11\/journee-internationale-des-droits-de-la-femme-quelles-initiatives-au-togo-et-en-guinee\/#primaryimage"},"thumbnailUrl":"https:\/\/eauzenfants.fr\/wp-content\/uploads\/2025\/03\/Droits-des-Femmes1-2.jpg","datePublished":"2024-04-11T12:57:00+00:00","dateModified":"2025-03-01T13:58:04+00:00","breadcrumb":{"@id":"https:\/\/eauzenfants.fr\/2024\/04\/11\/journee-internationale-des-droits-de-la-femme-quelles-initiatives-au-togo-et-en-guinee\/#breadcrumb"},"inLanguage":"en-US","potentialAction":[{"@type":"ReadAction","target":["https:\/\/eauzenfants.fr\/2024\/04\/11\/journee-internationale-des-droits-de-la-femme-quelles-initiatives-au-togo-et-en-guinee\/"]}]},{"@type":"ImageObject","inLanguage":"en-US","@id":"https:\/\/eauzenfants.fr\/2024\/04\/11\/journee-internationale-des-droits-de-la-femme-quelles-initiatives-au-togo-et-en-guinee\/#primaryimage","url":"https:\/\/eauzenfants.fr\/wp-content\/uploads\/2025\/03\/Droits-des-Femmes1-2.jpg","contentUrl":"https:\/\/eauzenfants.fr\/wp-content\/uploads\/2025\/03\/Droits-des-Femmes1-2.jpg","width":889,"height":681},{"@type":"BreadcrumbList","@id":"https:\/\/eauzenfants.fr\/2024\/04\/11\/journee-internationale-des-droits-de-la-femme-quelles-initiatives-au-togo-et-en-guinee\/#breadcrumb","itemListElement":[{"@type":"ListItem","position":1,"name":"Accueil","item":"https:\/\/eauzenfants.fr\/"},{"@type":"ListItem","position":2,"name":"Journ\u00e9e Internationale des Droits de la Femme : Quelles Initiatives au Togo et en Guin\u00e9e"}]},{"@type":"WebSite","@id":"https:\/\/eauzenfants.fr\/#website","url":"https:\/\/eauzenfants.fr\/","name":"Eau Z'Enfants","description":"","publisher":{"@id":"https:\/\/eauzenfants.fr\/#organization"},"potentialAction":[{"@type":"SearchAction","target":{"@type":"EntryPoint","urlTemplate":"https:\/\/eauzenfants.fr\/?s={search_term_string}"},"query-input":{"@type":"PropertyValueSpecification","valueRequired":true,"valueName":"search_term_string"}}],"inLanguage":"en-US"},{"@type":"Organization","@id":"https:\/\/eauzenfants.fr\/#organization","name":"Eau Z'Enfants","url":"https:\/\/eauzenfants.fr\/","logo":{"@type":"ImageObject","inLanguage":"en-US","@id":"https:\/\/eauzenfants.fr\/#\/schema\/logo\/image\/","url":"https:\/\/www.eauzenfants.fr\/wp-content\/uploads\/2020\/04\/logo-croped.png","contentUrl":"https:\/\/www.eauzenfants.fr\/wp-content\/uploads\/2020\/04\/logo-croped.png","width":363,"height":384,"caption":"Eau Z'Enfants"},"image":{"@id":"https:\/\/eauzenfants.fr\/#\/schema\/logo\/image\/"},"sameAs":["https:\/\/www.facebook.com\/EAUZENFANTS\/","https:\/\/www.instagram.com\/eau_z_enfants","https:\/\/www.linkedin.com\/company\/eau-z-enfants"]},{"@type":"Person","@id":"https:\/\/eauzenfants.fr\/#\/schema\/person\/129f67fb1bf0d16926eb50619b809455","name":"Claire Guillou","image":{"@type":"ImageObject","inLanguage":"en-US","@id":"https:\/\/secure.gravatar.com\/avatar\/a4a3895e85346f51f08f42560e73f949d6cbb15bd50a9413a41af889eb0bf7c4?s=96&d=mm&r=g","url":"https:\/\/secure.gravatar.com\/avatar\/a4a3895e85346f51f08f42560e73f949d6cbb15bd50a9413a41af889eb0bf7c4?s=96&d=mm&r=g","contentUrl":"https:\/\/secure.gravatar.com\/avatar\/a4a3895e85346f51f08f42560e73f949d6cbb15bd50a9413a41af889eb0bf7c4?s=96&d=mm&r=g","caption":"Claire Guillou"},"url":"https:\/\/eauzenfants.fr\/en\/author\/claire_eze\/"}]}},"_links":{"self":[{"href":"https:\/\/eauzenfants.fr\/en\/wp-json\/wp\/v2\/posts\/8933","targetHints":{"allow":["GET"]}}],"collection":[{"href":"https:\/\/eauzenfants.fr\/en\/wp-json\/wp\/v2\/posts"}],"about":[{"href":"https:\/\/eauzenfants.fr\/en\/wp-json\/wp\/v2\/types\/post"}],"author":[{"embeddable":true,"href":"https:\/\/eauzenfants.fr\/en\/wp-json\/wp\/v2\/users\/15"}],"replies":[{"embeddable":true,"href":"https:\/\/eauzenfants.fr\/en\/wp-json\/wp\/v2\/comments?post=8933"}],"version-history":[{"count":4,"href":"https:\/\/eauzenfants.fr\/en\/wp-json\/wp\/v2\/posts\/8933\/revisions"}],"predecessor-version":[{"id":8940,"href":"https:\/\/eauzenfants.fr\/en\/wp-json\/wp\/v2\/posts\/8933\/revisions\/8940"}],"wp:featuredmedia":[{"embeddable":true,"href":"https:\/\/eauzenfants.fr\/en\/wp-json\/wp\/v2\/media\/8934"}],"wp:attachment":[{"href":"https:\/\/eauzenfants.fr\/en\/wp-json\/wp\/v2\/media?parent=8933"}],"wp:term":[{"taxonomy":"category","embeddable":true,"href":"https:\/\/eauzenfants.fr\/en\/wp-json\/wp\/v2\/categories?post=8933"},{"taxonomy":"post_tag","embeddable":true,"href":"https:\/\/eauzenfants.fr\/en\/wp-json\/wp\/v2\/tags?post=8933"}],"curies":[{"name":"wp","href":"https:\/\/api.w.org\/{rel}","templated":true}]}}