{"id":9437,"date":"2025-10-17T15:26:10","date_gmt":"2025-10-17T13:26:10","guid":{"rendered":"https:\/\/eauzenfants.fr\/?p=9437"},"modified":"2025-10-19T10:50:56","modified_gmt":"2025-10-19T08:50:56","slug":"portrait-quand-lentraide-change-une-vie-lhistoire-emouvante-de-pierrette-keita-et-deau-zenfants","status":"publish","type":"post","link":"https:\/\/eauzenfants.fr\/en\/2025\/10\/17\/portrait-quand-lentraide-change-une-vie-lhistoire-emouvante-de-pierrette-keita-et-deau-zenfants\/","title":{"rendered":"Portrait : Quand l\u2019entraide change une vie : l\u2019histoire \u00e9mouvante de Pierrette Keita et d\u2019Eau Z\u2019Enfants"},"content":{"rendered":"<div data-elementor-type=\"wp-post\" data-elementor-id=\"9437\" class=\"elementor elementor-9437\">\n\t\t\t\t<div class=\"has_eae_slider elementor-element elementor-element-e2b4ae4 e-flex e-con-boxed e-con e-parent\" data-eae-slider=\"67185\" data-id=\"e2b4ae4\" data-element_type=\"container\" data-e-type=\"container\">\n\t\t\t\t\t<div class=\"e-con-inner\">\n\t\t\t\t<div class=\"elementor-element elementor-element-913a293 elementor-widget elementor-widget-text-editor\" data-id=\"913a293\" data-element_type=\"widget\" data-e-type=\"widget\" data-widget_type=\"text-editor.default\">\n\t\t\t\t\t\t\t\t\t<p><span style=\"font-weight: 400;\">\u00c0 seulement 18 ans, <\/span><b>Pierrette Keita<\/b><span style=\"font-weight: 400;\"> incarne la d\u00e9termination, la r\u00e9silience et l\u2019enthousiasme de la jeunesse guin\u00e9enne. Troisi\u00e8me d\u2019une fratrie de huit enfants, elle a grandi entre les \u00e9preuves et les espoirs, dessinant pas \u00e0 pas un parcours marqu\u00e9 par la pers\u00e9v\u00e9rance et la soif d\u2019apprendre. Aujourd\u2019hui \u00e9tudiante en formation pour devenir \u00e9ducatrice sp\u00e9cialis\u00e9e, elle nourrit le r\u00eave d\u2019aider les enfants \u00e0 grandir, s\u2019\u00e9panouir et trouver leur place dans le monde.<\/span><\/p>\t\t\t\t\t\t\t\t<\/div>\n\t\t\t\t<div class=\"elementor-element elementor-element-cf31a37 elementor-widget elementor-widget-heading\" data-id=\"cf31a37\" data-element_type=\"widget\" data-e-type=\"widget\" data-widget_type=\"heading.default\">\n\t\t\t\t\t<h2 class=\"elementor-heading-title elementor-size-default\">Une enfance au c\u0153ur de l\u2019orphelinat de Kirydia<\/h2>\t\t\t\t<\/div>\n\t\t\t\t<div class=\"elementor-element elementor-element-524ad41 elementor-widget elementor-widget-text-editor\" data-id=\"524ad41\" data-element_type=\"widget\" data-e-type=\"widget\" data-widget_type=\"text-editor.default\">\n\t\t\t\t\t\t\t\t\t<p><span style=\"font-weight: 400;\">Le destin de Pierrette prend un tournant d\u00e9cisif lorsqu\u2019elle rejoint, encore enfant,<\/span><b> l\u2019orphelinat de Kirydia en Guin\u00e9e<\/b><span style=\"font-weight: 400;\">. Orpheline de p\u00e8re \u00e0 9 ans, avec une m\u00e8re ne pouvant subvenir \u00e0 ses besoins, elle y passe huit ann\u00e9es de sa vie, une p\u00e9riode qui aurait pu \u00eatre synonyme de privations mais qui, au contraire, lui donne la force de se construire. Dans cet environnement collectif, Pierrette apprend tr\u00e8s t\u00f4t le sens du partage, de la solidarit\u00e9 et de l\u2019entraide.<\/span><\/p><p><span style=\"font-weight: 400;\">C\u2019est l\u00e0 qu\u2019elle d\u00e9veloppe son go\u00fbt pour les \u00e9tudes. Malgr\u00e9 les difficult\u00e9s mat\u00e9rielles et les contraintes quotidiennes, elle trouve dans l\u2019\u00e9cole une source de joie et un outil d\u2019\u00e9mancipation. Sa scolarit\u00e9 est exemplaire, reflet de son s\u00e9rieux et de sa volont\u00e9 de r\u00e9ussir.<\/span><\/p>\t\t\t\t\t\t\t\t<\/div>\n\t\t\t\t<div class=\"elementor-element elementor-element-604efdf elementor-widget elementor-widget-heading\" data-id=\"604efdf\" data-element_type=\"widget\" data-e-type=\"widget\" data-widget_type=\"heading.default\">\n\t\t\t\t\t<h2 class=\"elementor-heading-title elementor-size-default\">Un choix d\u2019avenir r\u00e9fl\u00e9chi<\/h2>\t\t\t\t<\/div>\n\t\t\t\t<div class=\"elementor-element elementor-element-2053242 elementor-widget elementor-widget-text-editor\" data-id=\"2053242\" data-element_type=\"widget\" data-e-type=\"widget\" data-widget_type=\"text-editor.default\">\n\t\t\t\t\t\t\t\t\t<p><span style=\"font-weight: 400;\">\u00c0 l\u2019adolescence, Pierrette h\u00e9site sur la voie \u00e0 suivre. Elle se passionne pour la communication, et pendant un temps, <\/span><b>le journalisme<\/b><span style=\"font-weight: 400;\"> attire son attention. L\u2019id\u00e9e de donner la parole aux autres, de raconter des histoires et de mettre en lumi\u00e8re la r\u00e9alit\u00e9 de son pays la s\u00e9duit.<\/span><\/p><p><span style=\"font-weight: 400;\">Mais peu \u00e0 peu, une autre vocation prend le dessus : celle de <\/span><b>s\u2019occuper des enfants et d\u2019accompagner leur d\u00e9veloppement<\/b><span style=\"font-weight: 400;\">. Elle choisit donc de s\u2019engager dans des \u00e9tudes d\u2019un an pour devenir \u00e9ducatrice de jeunes enfants. Ce choix n\u2019est pas anodin : il refl\u00e8te \u00e0 la fois son v\u00e9cu personnel et son d\u00e9sir profond de transmettre amour, attention et confiance aux plus jeunes.<\/span><\/p>\t\t\t\t\t\t\t\t<\/div>\n\t\t<div class=\"has_eae_slider elementor-element elementor-element-9c9bbbb e-con-full e-flex e-con e-child\" data-eae-slider=\"41184\" data-id=\"9c9bbbb\" data-element_type=\"container\" data-e-type=\"container\">\n\t\t<div class=\"has_eae_slider elementor-element elementor-element-97ed506 e-con-full e-flex e-con e-child\" data-eae-slider=\"90514\" data-id=\"97ed506\" data-element_type=\"container\" data-e-type=\"container\">\n\t\t\t\t<div class=\"elementor-element elementor-element-e274957 elementor-widget elementor-widget-image\" data-id=\"e274957\" data-element_type=\"widget\" data-e-type=\"widget\" data-widget_type=\"image.default\">\n\t\t\t\t\t\t\t\t\t\t\t\t\t\t\t<img decoding=\"async\" src=\"https:\/\/eauzenfants.fr\/wp-content\/uploads\/elementor\/thumbs\/WhatsApp-Image-2025-10-16-at-10.47.17-1-rdcb2r4ug8mhzxmtyukjgv0mkyorgznjwqlqlnzx4g.jpeg\" title=\"WhatsApp Image 2025-10-16 at 10.47.17 (1)\" alt=\"WhatsApp Image 2025-10-16 at 10.47.17 (1)\" loading=\"lazy\" \/>\t\t\t\t\t\t\t\t\t\t\t\t\t\t\t<\/div>\n\t\t\t\t<\/div>\n\t\t<div class=\"has_eae_slider elementor-element elementor-element-6a0917a e-con-full e-flex e-con e-child\" data-eae-slider=\"5161\" data-id=\"6a0917a\" data-element_type=\"container\" data-e-type=\"container\">\n\t\t\t\t<div class=\"elementor-element elementor-element-649881c elementor-widget elementor-widget-heading\" data-id=\"649881c\" data-element_type=\"widget\" data-e-type=\"widget\" data-widget_type=\"heading.default\">\n\t\t\t\t\t<h2 class=\"elementor-heading-title elementor-size-default\">L\u2019accompagnement pr\u00e9cieux d\u2019Eau Z\u2019Enfants<\/h2>\t\t\t\t<\/div>\n\t\t\t\t<div class=\"elementor-element elementor-element-ca03707 elementor-widget elementor-widget-text-editor\" data-id=\"ca03707\" data-element_type=\"widget\" data-e-type=\"widget\" data-widget_type=\"text-editor.default\">\n\t\t\t\t\t\t\t\t\t<p><span style=\"font-weight: 400;\">Tout au long de son parcours, Pierrette a la chance d\u2019\u00eatre soutenue par <\/span><b>l\u2019association humanitaire Eau Z\u2019Enfants<\/b><span style=\"font-weight: 400;\">. Sa marraine, toujours pr\u00e9sente, lui offre une oreille attentive et un appui moral pr\u00e9cieux. Ce lien affectif joue un r\u00f4le d\u00e9terminant dans son \u00e9panouissement : il lui donne le courage de croire en ses capacit\u00e9s et de pers\u00e9v\u00e9rer dans ses \u00e9tudes.<\/span><\/p><p><span style=\"font-weight: 400;\">De retour chez sa maman, Pierrette continue d\u2019avancer, toujours accompagn\u00e9e par l\u2019association. Gr\u00e2ce \u00e0 ce soutien, elle peut financer sa formation et s\u2019orienter vers une sp\u00e9cialisation ambitieuse : <\/span><b>devenir \u00e9ducatrice sp\u00e9cialis\u00e9e<\/b><span style=\"font-weight: 400;\">. Elle \u00e9tudie avec s\u00e9rieux des disciplines vari\u00e9es telles que la psychologie, la motricit\u00e9, le fran\u00e7ais et les math\u00e9matiques, qui forment le socle de sa future profession.<\/span><\/p>\t\t\t\t\t\t\t\t<\/div>\n\t\t\t\t<\/div>\n\t\t\t\t<\/div>\n\t\t\t\t\t<\/div>\n\t\t\t\t<\/div>\n\t\t<div class=\"has_eae_slider elementor-element elementor-element-9f90e21 e-flex e-con-boxed e-con e-parent\" data-eae-slider=\"81634\" data-id=\"9f90e21\" data-element_type=\"container\" data-e-type=\"container\">\n\t\t\t\t\t<div class=\"e-con-inner\">\n\t\t\t\t<div class=\"elementor-element elementor-element-2c18218 elementor-widget elementor-widget-heading\" data-id=\"2c18218\" data-element_type=\"widget\" data-e-type=\"widget\" data-widget_type=\"heading.default\">\n\t\t\t\t\t<h2 class=\"elementor-heading-title elementor-size-default\">Une jeune femme trilingue et ouverte sur le monde\n<\/h2>\t\t\t\t<\/div>\n\t\t\t\t<div class=\"elementor-element elementor-element-1cf4c35 elementor-widget elementor-widget-text-editor\" data-id=\"1cf4c35\" data-element_type=\"widget\" data-e-type=\"widget\" data-widget_type=\"text-editor.default\">\n\t\t\t\t\t\t\t\t\t<p><span style=\"font-weight: 400;\">La richesse de Pierrette ne se limite pas \u00e0 son parcours acad\u00e9mique. Elle est \u00e9galement <\/span><b>trilingue <\/b><span style=\"font-weight: 400;\">: elle parle le baga, le soussou et le fran\u00e7ais. Cette capacit\u00e9 linguistique, fruit d\u2019une immersion culturelle et scolaire, lui permet de naviguer avec aisance entre diff\u00e9rentes communaut\u00e9s et d\u2019\u00e9largir ses horizons.<\/span><\/p><p><span style=\"font-weight: 400;\">Son aisance en plusieurs langues est aussi un atout pour son avenir professionnel. En tant qu\u2019\u00e9ducatrice sp\u00e9cialis\u00e9e, elle pourra communiquer avec des enfants issus de divers milieux, comprendre leurs besoins et instaurer une relation de confiance avec leurs familles.<\/span><\/p>\t\t\t\t\t\t\t\t<\/div>\n\t\t\t\t<div class=\"elementor-element elementor-element-310aa80 elementor-widget elementor-widget-heading\" data-id=\"310aa80\" data-element_type=\"widget\" data-e-type=\"widget\" data-widget_type=\"heading.default\">\n\t\t\t\t\t<h2 class=\"elementor-heading-title elementor-size-default\">Le sport et la danse : des passions qui forgent le caract\u00e8re<\/h2>\t\t\t\t<\/div>\n\t\t\t\t<div class=\"elementor-element elementor-element-65ac089 elementor-widget elementor-widget-text-editor\" data-id=\"65ac089\" data-element_type=\"widget\" data-e-type=\"widget\" data-widget_type=\"text-editor.default\">\n\t\t\t\t\t\t\t\t\t<p><span style=\"font-weight: 400;\">Si les \u00e9tudes occupent une place centrale dans la vie de Pierrette, elle n\u2019en oublie pas pour autant ses loisirs. Grande amatrice de sport, elle se passionne pour<\/span><b> le footbal<\/b><span style=\"font-weight: 400;\">l. Ce sport collectif, symbole d\u2019effort et de d\u00e9passement, lui permet de se d\u00e9fouler et de renforcer son esprit d\u2019\u00e9quipe.<\/span><\/p><p><span style=\"font-weight: 400;\">Elle appr\u00e9cie \u00e9galement <\/span><b>la danse<\/b><span style=\"font-weight: 400;\">, une activit\u00e9 qui r\u00e9v\u00e8le sa sensibilit\u00e9 artistique et son go\u00fbt pour l\u2019expression corporelle. Bien qu\u2019elle lui consacre moins de temps que le football, la danse reste pour elle une mani\u00e8re de se d\u00e9tendre et de partager des moments joyeux avec ses proches.<\/span><\/p>\t\t\t\t\t\t\t\t<\/div>\n\t\t<div class=\"has_eae_slider elementor-element elementor-element-55315a0 e-con-full e-flex e-con e-child\" data-eae-slider=\"25283\" data-id=\"55315a0\" data-element_type=\"container\" data-e-type=\"container\">\n\t\t<div class=\"has_eae_slider elementor-element elementor-element-0a93367 e-con-full e-flex e-con e-child\" data-eae-slider=\"99772\" data-id=\"0a93367\" data-element_type=\"container\" data-e-type=\"container\">\n\t\t\t\t<div class=\"elementor-element elementor-element-4f7be02 elementor-widget elementor-widget-image\" data-id=\"4f7be02\" data-element_type=\"widget\" data-e-type=\"widget\" data-widget_type=\"image.default\">\n\t\t\t\t\t\t\t\t\t\t\t\t\t\t\t<img fetchpriority=\"high\" decoding=\"async\" width=\"440\" height=\"600\" src=\"https:\/\/eauzenfants.fr\/wp-content\/uploads\/2025\/10\/WhatsApp-Image-2025-10-16-at-10.47.17-3-1.jpeg\" class=\"attachment-large size-large wp-image-9458\" alt=\"\" srcset=\"https:\/\/eauzenfants.fr\/wp-content\/uploads\/2025\/10\/WhatsApp-Image-2025-10-16-at-10.47.17-3-1.jpeg 440w, https:\/\/eauzenfants.fr\/wp-content\/uploads\/2025\/10\/WhatsApp-Image-2025-10-16-at-10.47.17-3-1-220x300.jpeg 220w, https:\/\/eauzenfants.fr\/wp-content\/uploads\/2025\/10\/WhatsApp-Image-2025-10-16-at-10.47.17-3-1-9x12.jpeg 9w\" sizes=\"(max-width: 440px) 100vw, 440px\" \/>\t\t\t\t\t\t\t\t\t\t\t\t\t\t\t<\/div>\n\t\t\t\t<\/div>\n\t\t<div class=\"has_eae_slider elementor-element elementor-element-c3287b0 e-con-full e-flex e-con e-child\" data-eae-slider=\"33748\" data-id=\"c3287b0\" data-element_type=\"container\" data-e-type=\"container\">\n\t\t\t\t<div class=\"elementor-element elementor-element-aa32575 elementor-widget elementor-widget-heading\" data-id=\"aa32575\" data-element_type=\"widget\" data-e-type=\"widget\" data-widget_type=\"heading.default\">\n\t\t\t\t\t<h2 class=\"elementor-heading-title elementor-size-default\">Des r\u00eaves simples mais profonds<\/h2>\t\t\t\t<\/div>\n\t\t\t\t<div class=\"elementor-element elementor-element-199cb32 elementor-widget elementor-widget-text-editor\" data-id=\"199cb32\" data-element_type=\"widget\" data-e-type=\"widget\" data-widget_type=\"text-editor.default\">\n\t\t\t\t\t\t\t\t\t<p><span style=\"font-weight: 400;\">Pierrette ne cache pas ses ambitions pour l\u2019avenir. Au-del\u00e0 de sa carri\u00e8re professionnelle, elle nourrit un r\u00eave intime et universel : celui de <\/span><b>se marier et fonder une famille<\/b><span style=\"font-weight: 400;\">. Elle aimerait avoir trois enfants, un projet de vie qui t\u00e9moigne de son attachement aux valeurs familiales et de son d\u00e9sir de transmettre amour et stabilit\u00e9 \u00e0 la g\u00e9n\u00e9ration future.<\/span><\/p><p><span style=\"font-weight: 400;\">Ce projet personnel ne s\u2019oppose en rien \u00e0 son parcours acad\u00e9mique : au contraire, il compl\u00e8te son identit\u00e9 de jeune femme \u00e9quilibr\u00e9e, tourn\u00e9e \u00e0 la fois vers son d\u00e9veloppement personnel et vers le bien-\u00eatre des autres.<\/span><\/p>\t\t\t\t\t\t\t\t<\/div>\n\t\t\t\t<\/div>\n\t\t\t\t<\/div>\n\t\t\t\t\t<\/div>\n\t\t\t\t<\/div>\n\t\t<div class=\"has_eae_slider elementor-element elementor-element-5de4fe7 e-flex e-con-boxed e-con e-parent\" data-eae-slider=\"4573\" data-id=\"5de4fe7\" data-element_type=\"container\" data-e-type=\"container\">\n\t\t\t\t\t<div class=\"e-con-inner\">\n\t\t\t\t<div class=\"elementor-element elementor-element-1a4cda5 elementor-widget elementor-widget-heading\" data-id=\"1a4cda5\" data-element_type=\"widget\" data-e-type=\"widget\" data-widget_type=\"heading.default\">\n\t\t\t\t\t<h2 class=\"elementor-heading-title elementor-size-default\">Une figure inspirante pour la jeunesse guin\u00e9enne<\/h2>\t\t\t\t<\/div>\n\t\t\t\t<div class=\"elementor-element elementor-element-6f98c45 elementor-widget elementor-widget-text-editor\" data-id=\"6f98c45\" data-element_type=\"widget\" data-e-type=\"widget\" data-widget_type=\"text-editor.default\">\n\t\t\t\t\t\t\t\t\t<p><span style=\"font-weight: 400;\">Le parcours de Pierrette Keita n\u2019est pas seulement celui d\u2019une jeune femme courageuse ; il est aussi <\/span><b>un message d\u2019espoir<\/b><span style=\"font-weight: 400;\"> pour toute une g\u00e9n\u00e9ration. Dans un pays o\u00f9 de nombreux enfants sont confront\u00e9s \u00e0 des obstacles sociaux, \u00e9conomiques et familiaux, son histoire illustre la puissance de la r\u00e9silience et l\u2019importance du soutien associatif.<\/span><\/p><p><span style=\"font-weight: 400;\">Elle prouve qu\u2019avec de la volont\u00e9, du travail et un accompagnement bienveillant, il est possible de transformer un v\u00e9cu difficile en tremplin pour l\u2019avenir.<\/span><\/p>\t\t\t\t\t\t\t\t<\/div>\n\t\t\t\t<div class=\"elementor-element elementor-element-d48eeb4 elementor-widget elementor-widget-heading\" data-id=\"d48eeb4\" data-element_type=\"widget\" data-e-type=\"widget\" data-widget_type=\"heading.default\">\n\t\t\t\t\t<h2 class=\"elementor-heading-title elementor-size-default\">L\u2019importance du r\u00f4le des associations comme Eau Z\u2019Enfants<\/h2>\t\t\t\t<\/div>\n\t\t\t\t<div class=\"elementor-element elementor-element-cbc588e elementor-widget elementor-widget-text-editor\" data-id=\"cbc588e\" data-element_type=\"widget\" data-e-type=\"widget\" data-widget_type=\"text-editor.default\">\n\t\t\t\t\t\t\t\t\t<p><span style=\"font-weight: 400;\">L\u2019histoire de Pierrette met aussi en lumi\u00e8re le r\u00f4le crucial jou\u00e9 par les associations humanitaires. Sans l\u2019accompagnement d\u2019<\/span><b>Eau Z\u2019Enfants<\/b><span style=\"font-weight: 400;\">, son parcours aurait \u00e9t\u00e9 bien plus ardu. Gr\u00e2ce \u00e0 leur engagement, elle peut se former, r\u00eaver et se projeter dans l\u2019avenir.<\/span><\/p><p><span style=\"font-weight: 400;\">Ce type de soutien ne se limite pas \u00e0 l\u2019aspect financier : il repose avant tout sur la dimension humaine, sur l\u2019\u00e9coute, le suivi et la confiance accord\u00e9e \u00e0 chaque jeune. Le lien avec sa marraine illustre parfaitement cette relation de proximit\u00e9 qui change des vies.<\/span><\/p>\t\t\t\t\t\t\t\t<\/div>\n\t\t\t\t<div class=\"elementor-element elementor-element-dc80494 elementor-widget elementor-widget-heading\" data-id=\"dc80494\" data-element_type=\"widget\" data-e-type=\"widget\" data-widget_type=\"heading.default\">\n\t\t\t\t\t<h2 class=\"elementor-heading-title elementor-size-default\">Vers un avenir lumineux<\/h2>\t\t\t\t<\/div>\n\t\t\t\t<div class=\"elementor-element elementor-element-bc21a94 elementor-widget elementor-widget-text-editor\" data-id=\"bc21a94\" data-element_type=\"widget\" data-e-type=\"widget\" data-widget_type=\"text-editor.default\">\n\t\t\t\t\t\t\t\t\t<p><span style=\"font-weight: 400;\">\u00c0 seulement 18 ans, Pierrette Keita a d\u00e9j\u00e0 parcouru un chemin impressionnant. Sa d\u00e9termination, sa soif de savoir et son \u00e9nergie d\u00e9bordante font d\u2019elle une personnalit\u00e9 inspirante. Elle repr\u00e9sente cette jeunesse africaine pr\u00eate \u00e0 relever les d\u00e9fis, \u00e0 se former et \u00e0 construire un avenir meilleur.<\/span><\/p><p><span style=\"font-weight: 400;\">Son projet de devenir <\/span><b>\u00e9ducatrice sp\u00e9cialis\u00e9e au sein m\u00eame d\u2019Eau Z\u2019Enfants<\/b><span style=\"font-weight: 400;\">, pour le suivi des jeunes dans les diff\u00e9rents orphelinats, n\u2019est pas un simple m\u00e9tier : c\u2019est une vocation, un engagement envers l\u2019enfance et l\u2019avenir. Son parcours est une invitation \u00e0 croire en ses r\u00eaves, \u00e0 s\u2019accrocher \u00e0 ses ambitions et \u00e0 cultiver la r\u00e9silience, quelles que soient les circonstances de d\u00e9part.<\/span><\/p>\t\t\t\t\t\t\t\t<\/div>\n\t\t\t\t\t<\/div>\n\t\t\t\t<\/div>\n\t\t<div class=\"has_eae_slider elementor-element elementor-element-c124823 e-flex e-con-boxed e-con e-parent\" data-eae-slider=\"85368\" data-id=\"c124823\" data-element_type=\"container\" data-e-type=\"container\">\n\t\t\t\t\t<div class=\"e-con-inner\">\n\t\t\t\t<div class=\"elementor-element elementor-element-b15106a elementor-widget elementor-widget-image\" data-id=\"b15106a\" data-element_type=\"widget\" data-e-type=\"widget\" data-widget_type=\"image.default\">\n\t\t\t\t\t\t\t\t\t\t\t\t\t\t\t<img decoding=\"async\" width=\"627\" height=\"836\" src=\"https:\/\/eauzenfants.fr\/wp-content\/uploads\/2025\/10\/WhatsApp-Image-2025-10-16-at-10.47.17.jpeg\" class=\"attachment-medium_large size-medium_large wp-image-9441\" alt=\"\" srcset=\"https:\/\/eauzenfants.fr\/wp-content\/uploads\/2025\/10\/WhatsApp-Image-2025-10-16-at-10.47.17.jpeg 627w, https:\/\/eauzenfants.fr\/wp-content\/uploads\/2025\/10\/WhatsApp-Image-2025-10-16-at-10.47.17-225x300.jpeg 225w, https:\/\/eauzenfants.fr\/wp-content\/uploads\/2025\/10\/WhatsApp-Image-2025-10-16-at-10.47.17-9x12.jpeg 9w\" sizes=\"(max-width: 627px) 100vw, 627px\" \/>\t\t\t\t\t\t\t\t\t\t\t\t\t\t\t<\/div>\n\t\t\t\t\t<\/div>\n\t\t\t\t<\/div>\n\t\t<div class=\"has_eae_slider elementor-element elementor-element-0f24ee6 e-flex e-con-boxed e-con e-parent\" data-eae-slider=\"31445\" data-id=\"0f24ee6\" data-element_type=\"container\" data-e-type=\"container\">\n\t\t\t\t\t<div class=\"e-con-inner\">\n\t\t\t\t<div class=\"elementor-element elementor-element-6cfef9d elementor-widget elementor-widget-heading\" data-id=\"6cfef9d\" data-element_type=\"widget\" data-e-type=\"widget\" data-widget_type=\"heading.default\">\n\t\t\t\t\t<h2 class=\"elementor-heading-title elementor-size-default\">Conclusion<\/h2>\t\t\t\t<\/div>\n\t\t\t\t<div class=\"elementor-element elementor-element-440b4a4 elementor-widget elementor-widget-text-editor\" data-id=\"440b4a4\" data-element_type=\"widget\" data-e-type=\"widget\" data-widget_type=\"text-editor.default\">\n\t\t\t\t\t\t\t\t\t<p><span style=\"font-weight: 400;\">Le portrait de Pierrette Keita illustre parfaitement la force int\u00e9rieure qui anime une jeunesse en qu\u00eate d\u2019avenir. De l\u2019orphelinat de Kirydia \u00e0 l\u2019univers de l\u2019\u00e9ducation sp\u00e9cialis\u00e9e, en passant par son amour du sport et son r\u00eave de fonder une famille, son histoire est celle d\u2019une jeune femme qui avance avec courage et enthousiasme.<\/span><\/p><p><span style=\"font-weight: 400;\">Soutenue par l\u2019association Eau Z\u2019Enfants, elle s\u2019impose comme une figure d\u2019inspiration, non seulement pour les jeunes guin\u00e9ens, mais aussi pour tous ceux qui croient en la valeur de l\u2019\u00e9ducation et de la solidarit\u00e9.<\/span><\/p><p><span style=\"font-weight: 400;\">\u00c0 travers son parcours, Pierrette d\u00e9montre qu\u2019aucune difficult\u00e9 n\u2019est insurmontable lorsqu\u2019on garde en soi la flamme de l\u2019espoir et le d\u00e9sir de b\u00e2tir un futur meilleur.<\/span><\/p>\t\t\t\t\t\t\t\t<\/div>\n\t\t\t\t\t<\/div>\n\t\t\t\t<\/div>\n\t\t\t\t<\/div>","protected":false},"excerpt":{"rendered":"<p>\u00c0 seulement 18 ans, Pierrette Keita incarne la d\u00e9termination, la r\u00e9silience et l\u2019enthousiasme de la jeunesse guin\u00e9enne. Troisi\u00e8me d\u2019une fratrie de huit enfants, elle a grandi entre les \u00e9preuves et les espoirs, dessinant pas \u00e0 pas un parcours marqu\u00e9 par la pers\u00e9v\u00e9rance et la soif d\u2019apprendre. <\/p>","protected":false},"author":14,"featured_media":9454,"comment_status":"closed","ping_status":"closed","sticky":false,"template":"","format":"standard","meta":{"footnotes":""},"categories":[1],"tags":[],"class_list":["post-9437","post","type-post","status-publish","format-standard","has-post-thumbnail","hentry","category-blog"],"yoast_head":"<!-- This site is optimized with the Yoast SEO plugin v27.2 - https:\/\/yoast.com\/product\/yoast-seo-wordpress\/ -->\n<title>Portrait : Quand l\u2019entraide change une vie : l\u2019histoire \u00e9mouvante de Pierrette Keita et d\u2019Eau Z\u2019Enfants | Eau Z&#039;Enfants<\/title>\n<meta name=\"description\" content=\"\u00c0 seulement 18 ans, Pierrette Keita incarne la d\u00e9termination, la r\u00e9silience et l\u2019enthousiasme de la jeunesse guin\u00e9enne.\" \/>\n<meta name=\"robots\" content=\"index, follow, max-snippet:-1, max-image-preview:large, max-video-preview:-1\" \/>\n<link rel=\"canonical\" href=\"https:\/\/eauzenfants.fr\/en\/2025\/10\/17\/portrait-quand-lentraide-change-une-vie-lhistoire-emouvante-de-pierrette-keita-et-deau-zenfants\/\" \/>\n<meta property=\"og:locale\" content=\"en_US\" \/>\n<meta property=\"og:type\" content=\"article\" \/>\n<meta property=\"og:title\" content=\"Portrait : Quand l\u2019entraide change une vie : l\u2019histoire \u00e9mouvante de Pierrette Keita et d\u2019Eau Z\u2019Enfants | Eau Z&#039;Enfants\" \/>\n<meta property=\"og:description\" content=\"\u00c0 seulement 18 ans, Pierrette Keita incarne la d\u00e9termination, la r\u00e9silience et l\u2019enthousiasme de la jeunesse guin\u00e9enne.\" \/>\n<meta property=\"og:url\" content=\"https:\/\/eauzenfants.fr\/en\/2025\/10\/17\/portrait-quand-lentraide-change-une-vie-lhistoire-emouvante-de-pierrette-keita-et-deau-zenfants\/\" \/>\n<meta property=\"og:site_name\" content=\"Eau Z&#039;Enfants\" \/>\n<meta property=\"article:publisher\" content=\"https:\/\/www.facebook.com\/EAUZENFANTS\/\" \/>\n<meta property=\"article:published_time\" content=\"2025-10-17T13:26:10+00:00\" \/>\n<meta property=\"article:modified_time\" content=\"2025-10-19T08:50:56+00:00\" \/>\n<meta property=\"og:image\" content=\"https:\/\/eauzenfants.fr\/wp-content\/uploads\/2025\/10\/WhatsApp-Image-2025-10-16-at-10.47.17-2-2.jpeg\" \/>\n\t<meta property=\"og:image:width\" content=\"361\" \/>\n\t<meta property=\"og:image:height\" content=\"328\" \/>\n\t<meta property=\"og:image:type\" content=\"image\/jpeg\" \/>\n<meta name=\"author\" content=\"Arnaud Piat\" \/>\n<meta name=\"twitter:card\" content=\"summary_large_image\" \/>\n<meta name=\"twitter:label1\" content=\"Written by\" \/>\n\t<meta name=\"twitter:data1\" content=\"Arnaud Piat\" \/>\n\t<meta name=\"twitter:label2\" content=\"Est. reading time\" \/>\n\t<meta name=\"twitter:data2\" content=\"7 minutes\" \/>\n<script type=\"application\/ld+json\" class=\"yoast-schema-graph\">{\"@context\":\"https:\/\/schema.org\",\"@graph\":[{\"@type\":\"Article\",\"@id\":\"https:\/\/eauzenfants.fr\/2025\/10\/17\/portrait-quand-lentraide-change-une-vie-lhistoire-emouvante-de-pierrette-keita-et-deau-zenfants\/#article\",\"isPartOf\":{\"@id\":\"https:\/\/eauzenfants.fr\/2025\/10\/17\/portrait-quand-lentraide-change-une-vie-lhistoire-emouvante-de-pierrette-keita-et-deau-zenfants\/\"},\"author\":{\"name\":\"Arnaud Piat\",\"@id\":\"https:\/\/eauzenfants.fr\/#\/schema\/person\/78ef497ba562028909c1598fceab5222\"},\"headline\":\"Portrait : Quand l\u2019entraide change une vie : l\u2019histoire \u00e9mouvante de Pierrette Keita et d\u2019Eau Z\u2019Enfants\",\"datePublished\":\"2025-10-17T13:26:10+00:00\",\"dateModified\":\"2025-10-19T08:50:56+00:00\",\"mainEntityOfPage\":{\"@id\":\"https:\/\/eauzenfants.fr\/2025\/10\/17\/portrait-quand-lentraide-change-une-vie-lhistoire-emouvante-de-pierrette-keita-et-deau-zenfants\/\"},\"wordCount\":1309,\"publisher\":{\"@id\":\"https:\/\/eauzenfants.fr\/#organization\"},\"image\":{\"@id\":\"https:\/\/eauzenfants.fr\/2025\/10\/17\/portrait-quand-lentraide-change-une-vie-lhistoire-emouvante-de-pierrette-keita-et-deau-zenfants\/#primaryimage\"},\"thumbnailUrl\":\"https:\/\/eauzenfants.fr\/wp-content\/uploads\/2025\/10\/WhatsApp-Image-2025-10-16-at-10.47.17-2-2.jpeg\",\"articleSection\":[\"Blog\"],\"inLanguage\":\"en-US\"},{\"@type\":\"WebPage\",\"@id\":\"https:\/\/eauzenfants.fr\/2025\/10\/17\/portrait-quand-lentraide-change-une-vie-lhistoire-emouvante-de-pierrette-keita-et-deau-zenfants\/\",\"url\":\"https:\/\/eauzenfants.fr\/2025\/10\/17\/portrait-quand-lentraide-change-une-vie-lhistoire-emouvante-de-pierrette-keita-et-deau-zenfants\/\",\"name\":\"Portrait : Quand l\u2019entraide change une vie : l\u2019histoire \u00e9mouvante de Pierrette Keita et d\u2019Eau Z\u2019Enfants | Eau Z&#039;Enfants\",\"isPartOf\":{\"@id\":\"https:\/\/eauzenfants.fr\/#website\"},\"primaryImageOfPage\":{\"@id\":\"https:\/\/eauzenfants.fr\/2025\/10\/17\/portrait-quand-lentraide-change-une-vie-lhistoire-emouvante-de-pierrette-keita-et-deau-zenfants\/#primaryimage\"},\"image\":{\"@id\":\"https:\/\/eauzenfants.fr\/2025\/10\/17\/portrait-quand-lentraide-change-une-vie-lhistoire-emouvante-de-pierrette-keita-et-deau-zenfants\/#primaryimage\"},\"thumbnailUrl\":\"https:\/\/eauzenfants.fr\/wp-content\/uploads\/2025\/10\/WhatsApp-Image-2025-10-16-at-10.47.17-2-2.jpeg\",\"datePublished\":\"2025-10-17T13:26:10+00:00\",\"dateModified\":\"2025-10-19T08:50:56+00:00\",\"description\":\"\u00c0 seulement 18 ans, Pierrette Keita incarne la d\u00e9termination, la r\u00e9silience et l\u2019enthousiasme de la jeunesse guin\u00e9enne.\",\"breadcrumb\":{\"@id\":\"https:\/\/eauzenfants.fr\/2025\/10\/17\/portrait-quand-lentraide-change-une-vie-lhistoire-emouvante-de-pierrette-keita-et-deau-zenfants\/#breadcrumb\"},\"inLanguage\":\"en-US\",\"potentialAction\":[{\"@type\":\"ReadAction\",\"target\":[\"https:\/\/eauzenfants.fr\/2025\/10\/17\/portrait-quand-lentraide-change-une-vie-lhistoire-emouvante-de-pierrette-keita-et-deau-zenfants\/\"]}]},{\"@type\":\"ImageObject\",\"inLanguage\":\"en-US\",\"@id\":\"https:\/\/eauzenfants.fr\/2025\/10\/17\/portrait-quand-lentraide-change-une-vie-lhistoire-emouvante-de-pierrette-keita-et-deau-zenfants\/#primaryimage\",\"url\":\"https:\/\/eauzenfants.fr\/wp-content\/uploads\/2025\/10\/WhatsApp-Image-2025-10-16-at-10.47.17-2-2.jpeg\",\"contentUrl\":\"https:\/\/eauzenfants.fr\/wp-content\/uploads\/2025\/10\/WhatsApp-Image-2025-10-16-at-10.47.17-2-2.jpeg\",\"width\":361,\"height\":328},{\"@type\":\"BreadcrumbList\",\"@id\":\"https:\/\/eauzenfants.fr\/2025\/10\/17\/portrait-quand-lentraide-change-une-vie-lhistoire-emouvante-de-pierrette-keita-et-deau-zenfants\/#breadcrumb\",\"itemListElement\":[{\"@type\":\"ListItem\",\"position\":1,\"name\":\"Accueil\",\"item\":\"https:\/\/eauzenfants.fr\/\"},{\"@type\":\"ListItem\",\"position\":2,\"name\":\"Portrait : Quand l\u2019entraide change une vie : l\u2019histoire \u00e9mouvante de Pierrette Keita et d\u2019Eau Z\u2019Enfants\"}]},{\"@type\":\"WebSite\",\"@id\":\"https:\/\/eauzenfants.fr\/#website\",\"url\":\"https:\/\/eauzenfants.fr\/\",\"name\":\"Eau Z'Enfants\",\"description\":\"\",\"publisher\":{\"@id\":\"https:\/\/eauzenfants.fr\/#organization\"},\"potentialAction\":[{\"@type\":\"SearchAction\",\"target\":{\"@type\":\"EntryPoint\",\"urlTemplate\":\"https:\/\/eauzenfants.fr\/?s={search_term_string}\"},\"query-input\":{\"@type\":\"PropertyValueSpecification\",\"valueRequired\":true,\"valueName\":\"search_term_string\"}}],\"inLanguage\":\"en-US\"},{\"@type\":\"Organization\",\"@id\":\"https:\/\/eauzenfants.fr\/#organization\",\"name\":\"Eau Z'Enfants\",\"url\":\"https:\/\/eauzenfants.fr\/\",\"logo\":{\"@type\":\"ImageObject\",\"inLanguage\":\"en-US\",\"@id\":\"https:\/\/eauzenfants.fr\/#\/schema\/logo\/image\/\",\"url\":\"https:\/\/www.eauzenfants.fr\/wp-content\/uploads\/2020\/04\/logo-croped.png\",\"contentUrl\":\"https:\/\/www.eauzenfants.fr\/wp-content\/uploads\/2020\/04\/logo-croped.png\",\"width\":363,\"height\":384,\"caption\":\"Eau Z'Enfants\"},\"image\":{\"@id\":\"https:\/\/eauzenfants.fr\/#\/schema\/logo\/image\/\"},\"sameAs\":[\"https:\/\/www.facebook.com\/EAUZENFANTS\/\",\"https:\/\/www.instagram.com\/eau_z_enfants\",\"https:\/\/www.linkedin.com\/company\/eau-z-enfants\"]},{\"@type\":\"Person\",\"@id\":\"https:\/\/eauzenfants.fr\/#\/schema\/person\/78ef497ba562028909c1598fceab5222\",\"name\":\"Arnaud Piat\",\"image\":{\"@type\":\"ImageObject\",\"inLanguage\":\"en-US\",\"@id\":\"https:\/\/secure.gravatar.com\/avatar\/ca54c86069acdb3bc5d20de66c090a989e88e5d9faea5bad2dd21f11f2c3acee?s=96&d=mm&r=g\",\"url\":\"https:\/\/secure.gravatar.com\/avatar\/ca54c86069acdb3bc5d20de66c090a989e88e5d9faea5bad2dd21f11f2c3acee?s=96&d=mm&r=g\",\"contentUrl\":\"https:\/\/secure.gravatar.com\/avatar\/ca54c86069acdb3bc5d20de66c090a989e88e5d9faea5bad2dd21f11f2c3acee?s=96&d=mm&r=g\",\"caption\":\"Arnaud Piat\"},\"url\":\"https:\/\/eauzenfants.fr\/en\/author\/arnaud_eze\/\"}]}<\/script>\n<!-- \/ Yoast SEO plugin. -->","yoast_head_json":{"title":"Portrait : Quand l\u2019entraide change une vie : l\u2019histoire \u00e9mouvante de Pierrette Keita et d\u2019Eau Z\u2019Enfants | Eau Z&#039;Enfants","description":"\u00c0 seulement 18 ans, Pierrette Keita incarne la d\u00e9termination, la r\u00e9silience et l\u2019enthousiasme de la jeunesse guin\u00e9enne.","robots":{"index":"index","follow":"follow","max-snippet":"max-snippet:-1","max-image-preview":"max-image-preview:large","max-video-preview":"max-video-preview:-1"},"canonical":"https:\/\/eauzenfants.fr\/en\/2025\/10\/17\/portrait-quand-lentraide-change-une-vie-lhistoire-emouvante-de-pierrette-keita-et-deau-zenfants\/","og_locale":"en_US","og_type":"article","og_title":"Portrait : Quand l\u2019entraide change une vie : l\u2019histoire \u00e9mouvante de Pierrette Keita et d\u2019Eau Z\u2019Enfants | Eau Z&#039;Enfants","og_description":"\u00c0 seulement 18 ans, Pierrette Keita incarne la d\u00e9termination, la r\u00e9silience et l\u2019enthousiasme de la jeunesse guin\u00e9enne.","og_url":"https:\/\/eauzenfants.fr\/en\/2025\/10\/17\/portrait-quand-lentraide-change-une-vie-lhistoire-emouvante-de-pierrette-keita-et-deau-zenfants\/","og_site_name":"Eau Z&#039;Enfants","article_publisher":"https:\/\/www.facebook.com\/EAUZENFANTS\/","article_published_time":"2025-10-17T13:26:10+00:00","article_modified_time":"2025-10-19T08:50:56+00:00","og_image":[{"width":361,"height":328,"url":"https:\/\/eauzenfants.fr\/wp-content\/uploads\/2025\/10\/WhatsApp-Image-2025-10-16-at-10.47.17-2-2.jpeg","type":"image\/jpeg"}],"author":"Arnaud Piat","twitter_card":"summary_large_image","twitter_misc":{"Written by":"Arnaud Piat","Est. reading time":"7 minutes"},"schema":{"@context":"https:\/\/schema.org","@graph":[{"@type":"Article","@id":"https:\/\/eauzenfants.fr\/2025\/10\/17\/portrait-quand-lentraide-change-une-vie-lhistoire-emouvante-de-pierrette-keita-et-deau-zenfants\/#article","isPartOf":{"@id":"https:\/\/eauzenfants.fr\/2025\/10\/17\/portrait-quand-lentraide-change-une-vie-lhistoire-emouvante-de-pierrette-keita-et-deau-zenfants\/"},"author":{"name":"Arnaud Piat","@id":"https:\/\/eauzenfants.fr\/#\/schema\/person\/78ef497ba562028909c1598fceab5222"},"headline":"Portrait : Quand l\u2019entraide change une vie : l\u2019histoire \u00e9mouvante de Pierrette Keita et d\u2019Eau Z\u2019Enfants","datePublished":"2025-10-17T13:26:10+00:00","dateModified":"2025-10-19T08:50:56+00:00","mainEntityOfPage":{"@id":"https:\/\/eauzenfants.fr\/2025\/10\/17\/portrait-quand-lentraide-change-une-vie-lhistoire-emouvante-de-pierrette-keita-et-deau-zenfants\/"},"wordCount":1309,"publisher":{"@id":"https:\/\/eauzenfants.fr\/#organization"},"image":{"@id":"https:\/\/eauzenfants.fr\/2025\/10\/17\/portrait-quand-lentraide-change-une-vie-lhistoire-emouvante-de-pierrette-keita-et-deau-zenfants\/#primaryimage"},"thumbnailUrl":"https:\/\/eauzenfants.fr\/wp-content\/uploads\/2025\/10\/WhatsApp-Image-2025-10-16-at-10.47.17-2-2.jpeg","articleSection":["Blog"],"inLanguage":"en-US"},{"@type":"WebPage","@id":"https:\/\/eauzenfants.fr\/2025\/10\/17\/portrait-quand-lentraide-change-une-vie-lhistoire-emouvante-de-pierrette-keita-et-deau-zenfants\/","url":"https:\/\/eauzenfants.fr\/2025\/10\/17\/portrait-quand-lentraide-change-une-vie-lhistoire-emouvante-de-pierrette-keita-et-deau-zenfants\/","name":"Portrait : Quand l\u2019entraide change une vie : l\u2019histoire \u00e9mouvante de Pierrette Keita et d\u2019Eau Z\u2019Enfants | Eau Z&#039;Enfants","isPartOf":{"@id":"https:\/\/eauzenfants.fr\/#website"},"primaryImageOfPage":{"@id":"https:\/\/eauzenfants.fr\/2025\/10\/17\/portrait-quand-lentraide-change-une-vie-lhistoire-emouvante-de-pierrette-keita-et-deau-zenfants\/#primaryimage"},"image":{"@id":"https:\/\/eauzenfants.fr\/2025\/10\/17\/portrait-quand-lentraide-change-une-vie-lhistoire-emouvante-de-pierrette-keita-et-deau-zenfants\/#primaryimage"},"thumbnailUrl":"https:\/\/eauzenfants.fr\/wp-content\/uploads\/2025\/10\/WhatsApp-Image-2025-10-16-at-10.47.17-2-2.jpeg","datePublished":"2025-10-17T13:26:10+00:00","dateModified":"2025-10-19T08:50:56+00:00","description":"\u00c0 seulement 18 ans, Pierrette Keita incarne la d\u00e9termination, la r\u00e9silience et l\u2019enthousiasme de la jeunesse guin\u00e9enne.","breadcrumb":{"@id":"https:\/\/eauzenfants.fr\/2025\/10\/17\/portrait-quand-lentraide-change-une-vie-lhistoire-emouvante-de-pierrette-keita-et-deau-zenfants\/#breadcrumb"},"inLanguage":"en-US","potentialAction":[{"@type":"ReadAction","target":["https:\/\/eauzenfants.fr\/2025\/10\/17\/portrait-quand-lentraide-change-une-vie-lhistoire-emouvante-de-pierrette-keita-et-deau-zenfants\/"]}]},{"@type":"ImageObject","inLanguage":"en-US","@id":"https:\/\/eauzenfants.fr\/2025\/10\/17\/portrait-quand-lentraide-change-une-vie-lhistoire-emouvante-de-pierrette-keita-et-deau-zenfants\/#primaryimage","url":"https:\/\/eauzenfants.fr\/wp-content\/uploads\/2025\/10\/WhatsApp-Image-2025-10-16-at-10.47.17-2-2.jpeg","contentUrl":"https:\/\/eauzenfants.fr\/wp-content\/uploads\/2025\/10\/WhatsApp-Image-2025-10-16-at-10.47.17-2-2.jpeg","width":361,"height":328},{"@type":"BreadcrumbList","@id":"https:\/\/eauzenfants.fr\/2025\/10\/17\/portrait-quand-lentraide-change-une-vie-lhistoire-emouvante-de-pierrette-keita-et-deau-zenfants\/#breadcrumb","itemListElement":[{"@type":"ListItem","position":1,"name":"Accueil","item":"https:\/\/eauzenfants.fr\/"},{"@type":"ListItem","position":2,"name":"Portrait : Quand l\u2019entraide change une vie : l\u2019histoire \u00e9mouvante de Pierrette Keita et d\u2019Eau Z\u2019Enfants"}]},{"@type":"WebSite","@id":"https:\/\/eauzenfants.fr\/#website","url":"https:\/\/eauzenfants.fr\/","name":"Eau Z'Enfants","description":"","publisher":{"@id":"https:\/\/eauzenfants.fr\/#organization"},"potentialAction":[{"@type":"SearchAction","target":{"@type":"EntryPoint","urlTemplate":"https:\/\/eauzenfants.fr\/?s={search_term_string}"},"query-input":{"@type":"PropertyValueSpecification","valueRequired":true,"valueName":"search_term_string"}}],"inLanguage":"en-US"},{"@type":"Organization","@id":"https:\/\/eauzenfants.fr\/#organization","name":"Eau Z'Enfants","url":"https:\/\/eauzenfants.fr\/","logo":{"@type":"ImageObject","inLanguage":"en-US","@id":"https:\/\/eauzenfants.fr\/#\/schema\/logo\/image\/","url":"https:\/\/www.eauzenfants.fr\/wp-content\/uploads\/2020\/04\/logo-croped.png","contentUrl":"https:\/\/www.eauzenfants.fr\/wp-content\/uploads\/2020\/04\/logo-croped.png","width":363,"height":384,"caption":"Eau Z'Enfants"},"image":{"@id":"https:\/\/eauzenfants.fr\/#\/schema\/logo\/image\/"},"sameAs":["https:\/\/www.facebook.com\/EAUZENFANTS\/","https:\/\/www.instagram.com\/eau_z_enfants","https:\/\/www.linkedin.com\/company\/eau-z-enfants"]},{"@type":"Person","@id":"https:\/\/eauzenfants.fr\/#\/schema\/person\/78ef497ba562028909c1598fceab5222","name":"Arnaud Piat","image":{"@type":"ImageObject","inLanguage":"en-US","@id":"https:\/\/secure.gravatar.com\/avatar\/ca54c86069acdb3bc5d20de66c090a989e88e5d9faea5bad2dd21f11f2c3acee?s=96&d=mm&r=g","url":"https:\/\/secure.gravatar.com\/avatar\/ca54c86069acdb3bc5d20de66c090a989e88e5d9faea5bad2dd21f11f2c3acee?s=96&d=mm&r=g","contentUrl":"https:\/\/secure.gravatar.com\/avatar\/ca54c86069acdb3bc5d20de66c090a989e88e5d9faea5bad2dd21f11f2c3acee?s=96&d=mm&r=g","caption":"Arnaud Piat"},"url":"https:\/\/eauzenfants.fr\/en\/author\/arnaud_eze\/"}]}},"_links":{"self":[{"href":"https:\/\/eauzenfants.fr\/en\/wp-json\/wp\/v2\/posts\/9437","targetHints":{"allow":["GET"]}}],"collection":[{"href":"https:\/\/eauzenfants.fr\/en\/wp-json\/wp\/v2\/posts"}],"about":[{"href":"https:\/\/eauzenfants.fr\/en\/wp-json\/wp\/v2\/types\/post"}],"author":[{"embeddable":true,"href":"https:\/\/eauzenfants.fr\/en\/wp-json\/wp\/v2\/users\/14"}],"replies":[{"embeddable":true,"href":"https:\/\/eauzenfants.fr\/en\/wp-json\/wp\/v2\/comments?post=9437"}],"version-history":[{"count":16,"href":"https:\/\/eauzenfants.fr\/en\/wp-json\/wp\/v2\/posts\/9437\/revisions"}],"predecessor-version":[{"id":9461,"href":"https:\/\/eauzenfants.fr\/en\/wp-json\/wp\/v2\/posts\/9437\/revisions\/9461"}],"wp:featuredmedia":[{"embeddable":true,"href":"https:\/\/eauzenfants.fr\/en\/wp-json\/wp\/v2\/media\/9454"}],"wp:attachment":[{"href":"https:\/\/eauzenfants.fr\/en\/wp-json\/wp\/v2\/media?parent=9437"}],"wp:term":[{"taxonomy":"category","embeddable":true,"href":"https:\/\/eauzenfants.fr\/en\/wp-json\/wp\/v2\/categories?post=9437"},{"taxonomy":"post_tag","embeddable":true,"href":"https:\/\/eauzenfants.fr\/en\/wp-json\/wp\/v2\/tags?post=9437"}],"curies":[{"name":"wp","href":"https:\/\/api.w.org\/{rel}","templated":true}]}}